{"id":363,"date":"2007-11-20T20:51:48","date_gmt":"2007-11-20T18:51:48","guid":{"rendered":"http:\/\/olvasonaplo.net\/olvasonaplo\/2007\/11\/20\/meg_cabot_a_neveletlen_hercegno_8__hercegno_a_szakadek_szelen\/"},"modified":"2015-11-28T22:53:22","modified_gmt":"2015-11-28T21:53:22","slug":"meg_cabot_a_neveletlen_hercegno_8__hercegno_a_szakadek_szelen","status":"publish","type":"post","link":"https:\/\/olvasonaplo.net\/olvasonaplo\/2007\/11\/20\/meg_cabot_a_neveletlen_hercegno_8__hercegno_a_szakadek_szelen\/","title":{"rendered":"Meg Cabot: A neveletlen hercegn\u0151 8 : Hercegn\u0151 a szakad\u00e9k sz\u00e9l\u00e9n"},"content":{"rendered":"<p><img decoding=\"async\" alt=\"\" src=\"\/files\/konyv2007\/neveletlenhercegno8.jpg\" align=\"left\" \/><br \/>\nBe kell l\u00e1tnom, nem vagyok m\u00e1r tini, s kezdek egyre kev\u00e9sb\u00e9 toler\u00e1ns lenni a <a href=\"http:\/\/olvasonaplo.net\/olvasonaplo\/tag\/neveletlen-hercegno\/\">sorozattal<\/a> szemben. Az utols\u00f3 p\u00e1r r\u00e9sz m\u00e1r nagyon ideges\u00edtett, \u00fagyhogy azt hiszem itt abba is hagyom az olvas\u00e1s\u00e1t. Meg Cabot st\u00edlus\u00e1t am\u00fagy birom, k\u00edv\u00e1ncsi vagyok m\u00e9g n\u00e9h\u00e1ny feln\u0151tteknek \u00edrt k\u00f6nyv\u00e9re, de Mi\u00e1t\u00f3l b\u00facs\u00fat veszek ezennel.<\/p>\n<p>Ebben a k\u00f6nyvben ugyanis az \u00e1tlagos tinib\u0151l hercegn\u0151v\u00e9 v\u00e1l\u00f3 am\u00fagy j\u00f3pofa okos kisl\u00e1ny teljesen megh\u00fcly\u00fclt \u00e9s olyan bl\u0151dlis\u00e9geken t\u00f6ri a fej\u00e9t, amire nemcsak k\u00f6rnyezete, de az olvas\u00f3 is a fej\u00e9t r\u00e1zza. J\u00f3magam igaz\u00e1b\u00f3l \u0151t szerettem volna j\u00f3l megr\u00e1zni, hogy t\u00e9rjen m\u00e1r \u00e9szhez.<\/p>\n<p>A nagy konfliktus itt az, hogy Mia bar\u00e1tja, Michael 1 \u00e9vre Jap\u00e1nba megy, ahol \u00f6szt\u00f6nd\u00edjjal dolgozhat egy tal\u00e1lm\u00e1ny\u00e1n, amivel v\u00e9gre bebizony\u00edthatja bar\u00e1tn\u0151je csal\u00e1dj\u00e1nak, hogy \u0151 is \u00e9r valamit. A l\u00e1ny persze ezt nem \u00e9rti meg, mert azt akarja, hogy Michael vele maradjon, ez\u00e9rt azt\u00e1n kital\u00e1lja, mivel tarthatja itthon a fi\u00fat. Ennyi a t\u00f6rt\u00e9net. S k\u00f6zben Mia rengeteget szenved, mert nagy \u00e1ldozatot k\u00edv\u00e1n hozni \u00e9s nem hallgat senkire.<\/p>\n<p>Na j\u00f3 ennyi el\u00e9g is volt ebb\u0151l, t\u00f6bb sz\u00f3t nem is \u00e9rdemel.<\/p>\n<p><img decoding=\"async\" alt=\"\" src=\"\/files\/rating-3.gif\" \/><\/p>\n","protected":false},"excerpt":{"rendered":"<p>Be kell l\u00e1tnom, nem vagyok m\u00e1r tini, s kezdek egyre kev\u00e9sb\u00e9 toler\u00e1ns lenni a sorozattal szemben. Az utols\u00f3 p\u00e1r r\u00e9sz m\u00e1r nagyon ideges\u00edtett, \u00fagyhogy azt hiszem itt abba is hagyom az olvas\u00e1s\u00e1t. Meg Cabot st\u00edlus\u00e1t am\u00fagy birom, k\u00edv\u00e1ncsi vagyok m\u00e9g n\u00e9h\u00e1ny feln\u0151tteknek \u00edrt k\u00f6nyv\u00e9re, de Mi\u00e1t\u00f3l b\u00facs\u00fat veszek ezennel. Ebben a k\u00f6nyvben ugyanis az \u00e1tlagos [&hellip;]<\/p>\n","protected":false},"author":1,"featured_media":0,"comment_status":"open","ping_status":"open","sticky":false,"template":"","format":"standard","meta":{"_monsterinsights_skip_tracking":false,"_monsterinsights_sitenote_active":false,"_monsterinsights_sitenote_note":"","_monsterinsights_sitenote_category":0,"site-sidebar-layout":"default","site-content-layout":"","ast-site-content-layout":"default","site-content-style":"default","site-sidebar-style":"default","ast-global-header-display":"","ast-banner-title-visibility":"","ast-main-header-display":"","ast-hfb-above-header-display":"","ast-hfb-below-header-display":"","ast-hfb-mobile-header-display":"","site-post-title":"","ast-breadcrumbs-content":"","ast-featured-img":"","footer-sml-layout":"","ast-disable-related-posts":"","theme-transparent-header-meta":"","adv-header-id-meta":"","stick-header-meta":"","header-above-stick-meta":"","header-main-stick-meta":"","header-below-stick-meta":"","astra-migrate-meta-layouts":"default","ast-page-background-enabled":"default","ast-page-background-meta":{"desktop":{"background-color":"var(--ast-global-color-5)","background-image":"","background-repeat":"repeat","background-position":"center center","background-size":"auto","background-attachment":"scroll","background-type":"","background-media":"","overlay-type":"","overlay-color":"","overlay-opacity":"","overlay-gradient":""},"tablet":{"background-color":"","background-image":"","background-repeat":"repeat","background-position":"center center","background-size":"auto","background-attachment":"scroll","background-type":"","background-media":"","overlay-type":"","overlay-color":"","overlay-opacity":"","overlay-gradient":""},"mobile":{"background-color":"","background-image":"","background-repeat":"repeat","background-position":"center center","background-size":"auto","background-attachment":"scroll","background-type":"","background-media":"","overlay-type":"","overlay-color":"","overlay-opacity":"","overlay-gradient":""}},"ast-content-background-meta":{"desktop":{"background-color":"var(--ast-global-color-4)","background-image":"","background-repeat":"repeat","background-position":"center center","background-size":"auto","background-attachment":"scroll","background-type":"","background-media":"","overlay-type":"","overlay-color":"","overlay-opacity":"","overlay-gradient":""},"tablet":{"background-color":"var(--ast-global-color-4)","background-image":"","background-repeat":"repeat","background-position":"center center","background-size":"auto","background-attachment":"scroll","background-type":"","background-media":"","overlay-type":"","overlay-color":"","overlay-opacity":"","overlay-gradient":""},"mobile":{"background-color":"var(--ast-global-color-4)","background-image":"","background-repeat":"repeat","background-position":"center center","background-size":"auto","background-attachment":"scroll","background-type":"","background-media":"","overlay-type":"","overlay-color":"","overlay-opacity":"","overlay-gradient":""}},"footnotes":""},"categories":[226,3,54,267,4,35,70,6],"tags":[148,66],"book-author":[],"book-series":[],"book-publisher":[],"book-genre":[],"book-source":[],"book-format":[],"class_list":["post-363","post","type-post","status-publish","format-standard","hentry","category-226","category-bestseller","category-ifjusagi","category-konyvajanlo","category-magyarul","category-noi_iro","category-70","category-regeny","tag-meg_cabot","tag-neveletlen-hercegno"],"aioseo_notices":[],"_links":{"self":[{"href":"https:\/\/olvasonaplo.net\/olvasonaplo\/wp-json\/wp\/v2\/posts\/363","targetHints":{"allow":["GET"]}}],"collection":[{"href":"https:\/\/olvasonaplo.net\/olvasonaplo\/wp-json\/wp\/v2\/posts"}],"about":[{"href":"https:\/\/olvasonaplo.net\/olvasonaplo\/wp-json\/wp\/v2\/types\/post"}],"author":[{"embeddable":true,"href":"https:\/\/olvasonaplo.net\/olvasonaplo\/wp-json\/wp\/v2\/users\/1"}],"replies":[{"embeddable":true,"href":"https:\/\/olvasonaplo.net\/olvasonaplo\/wp-json\/wp\/v2\/comments?post=363"}],"version-history":[{"count":6,"href":"https:\/\/olvasonaplo.net\/olvasonaplo\/wp-json\/wp\/v2\/posts\/363\/revisions"}],"predecessor-version":[{"id":33447105,"href":"https:\/\/olvasonaplo.net\/olvasonaplo\/wp-json\/wp\/v2\/posts\/363\/revisions\/33447105"}],"wp:attachment":[{"href":"https:\/\/olvasonaplo.net\/olvasonaplo\/wp-json\/wp\/v2\/media?parent=363"}],"wp:term":[{"taxonomy":"category","embeddable":true,"href":"https:\/\/olvasonaplo.net\/olvasonaplo\/wp-json\/wp\/v2\/categories?post=363"},{"taxonomy":"post_tag","embeddable":true,"href":"https:\/\/olvasonaplo.net\/olvasonaplo\/wp-json\/wp\/v2\/tags?post=363"},{"taxonomy":"book-author","embeddable":true,"href":"https:\/\/olvasonaplo.net\/olvasonaplo\/wp-json\/wp\/v2\/book-author?post=363"},{"taxonomy":"book-series","embeddable":true,"href":"https:\/\/olvasonaplo.net\/olvasonaplo\/wp-json\/wp\/v2\/book-series?post=363"},{"taxonomy":"book-publisher","embeddable":true,"href":"https:\/\/olvasonaplo.net\/olvasonaplo\/wp-json\/wp\/v2\/book-publisher?post=363"},{"taxonomy":"book-genre","embeddable":true,"href":"https:\/\/olvasonaplo.net\/olvasonaplo\/wp-json\/wp\/v2\/book-genre?post=363"},{"taxonomy":"book-source","embeddable":true,"href":"https:\/\/olvasonaplo.net\/olvasonaplo\/wp-json\/wp\/v2\/book-source?post=363"},{"taxonomy":"book-format","embeddable":true,"href":"https:\/\/olvasonaplo.net\/olvasonaplo\/wp-json\/wp\/v2\/book-format?post=363"}],"curies":[{"name":"wp","href":"https:\/\/api.w.org\/{rel}","templated":true}]}}