{"id":33459568,"date":"2025-03-13T18:07:28","date_gmt":"2025-03-13T16:07:28","guid":{"rendered":"http:\/\/olvasonaplo.net\/olvasonaplo\/?p=33459568"},"modified":"2025-03-21T16:00:24","modified_gmt":"2025-03-21T14:00:24","slug":"sarah-maclean-bator-es-herceg","status":"publish","type":"post","link":"https:\/\/olvasonaplo.net\/olvasonaplo\/2025\/03\/13\/sarah-maclean-bator-es-herceg\/","title":{"rendered":"Sarah MacLean: A B\u00e1tor \u00e9s a Herceg"},"content":{"rendered":"<p><img fetchpriority=\"high\" decoding=\"async\" src=\"http:\/\/olvasonaplo.net\/olvasonaplo\/files\/\/2025\/03\/batoresaherceg-300x450.jpg\" alt=\"\" width=\"300\" height=\"450\" class=\"alignleft size-medium wp-image-33459569\" srcset=\"https:\/\/olvasonaplo.net\/olvasonaplo\/files\/2025\/03\/batoresaherceg-300x450.jpg 300w, https:\/\/olvasonaplo.net\/olvasonaplo\/files\/2025\/03\/batoresaherceg-683x1024.jpg 683w, https:\/\/olvasonaplo.net\/olvasonaplo\/files\/2025\/03\/batoresaherceg-768x1152.jpg 768w, https:\/\/olvasonaplo.net\/olvasonaplo\/files\/2025\/03\/batoresaherceg-1024x1536.jpg 1024w, https:\/\/olvasonaplo.net\/olvasonaplo\/files\/2025\/03\/batoresaherceg.jpg 1280w\" sizes=\"(max-width: 300px) 100vw, 300px\" \/>Sarah MacLean <em>Kem\u00e9ny \u00f6kl\u0171 gazfick\u00f3k<\/em> tril\u00f3gi\u00e1j\u00e1nak utols\u00f3 r\u00e9sz\u00e9ben a f\u0151szerepl\u0151 az el\u0151z\u0151 k\u00e9t reg\u00e9nyben csak a h\u00e1tt\u00e9rben s\u00fcnd\u00f6rg\u00f6tt, de most \u0151 ker\u00fcl a k\u00f6z\u00e9ppontba. Mivel igaz\u00e1b\u00f3l a reg\u00e9ny szinte ott folytat\u00f3dik ahol <a href=\"http:\/\/olvasonaplo.net\/olvasonaplo\/2023\/03\/25\/sarah-maclean-pimasz-es-fenevad\/\" title=\"Sarah MacLean: A Pimasz \u00e9s a Fenevad\" rel=\"noopener\" target=\"_blank\">A Pimasz \u00e9s a Fenevad<\/a> befejez\u0151d\u00f6tt, \u00e9rdemes az\u00e9rt kicsit felid\u00e9zni olvas\u00e1s el\u0151tt, hogy milyen viszonyok is vannak Devil, Whit, Dahlia \u00e9s Marwick hercege k\u00f6z\u00f6tt.<\/p>\n<p>Egy gonosz herceg annak idej\u00e9n \u00f6sszeszedett n\u00e9gy gyereket, akik ugyanaznap sz\u00fclettek de n\u00e9gy k\u00fcl\u00f6nb\u00f6z\u0151 any\u00e1t\u00f3l s elhat\u00e1rozta, hogy kineveli az ut\u00f3dj\u00e1t. Csak h\u00e1rmuknak siker\u00fclt kit\u00f6rni\u00fck a csapd\u00e1b\u00f3l, az utols\u00f3 mag\u00e1ra maradt a sz\u00f6rnyeteggel\u2026 s bel\u0151le lett a herceg\u2026  <\/p>\n<p>Grace-t mindig igyekeztek megv\u00e9deni v\u00e1lasztott testv\u00e9rei, akik m\u00e9g Marwick herceg\u00e9vel is elhitett\u00e9k, hogy meghalt, mire az bossz\u00fahadj\u00e1ratot ind\u00edtott\u2026 csakhogy kider\u00fclt, a l\u00e1ny bizony \u00e9letben van, m\u00e9ghozz\u00e1 a londoni alvil\u00e1g egyik jelent\u0151s szem\u00e9lyis\u00e9ge lett Dahlia n\u00e9ven. Ewan szinte bele\u0151r\u00fcl, amikor mindez kider\u00fcl, s\u0151t azt is meg kell tudnia, hogy a n\u0151 m\u00e1r nem ugyanaz az ember, akit valamikor felt\u00e9tel n\u00e9lk\u00fcl szeretett. De nem adja fel: elhat\u00e1rozza, hogy megv\u00e1ltozik \u00e9s bebizony\u00edtja, \u00e9rdemes ennek a csod\u00e1latos teremt\u00e9snek a szeretet\u00e9re.<br \/>\nNagyon k\u00edv\u00e1ncsi voltam arra, hogy vajon mik\u00e9pp oldja meg Sarah Maclean azt, hogy ez a m\u00e1sodik es\u00e9ly a boldogs\u00e1gra sztori hihet\u0151 legyen, hiszen kor\u00e1bban Ewan, Marwick hercege volt a k\u00f6nyvek f\u0151gonosza, s m\u00e9g Grace-nek is fel kell dolgoznia, hogy a fi\u00fa akivel egy\u00fctt n\u0151tt fel, nagyon aljasul b\u00e1nt a v\u00e1lasztott csal\u00e1dj\u00e1val. Mivel mind a ketten m\u00e1s emberek lettek az \u00e9vek sor\u00e1n, egy\u00e1ltal\u00e1n nem k\u00f6nny\u0171 eljutni a boldog v\u00e9gig, f\u0151leg mert olyan paktumokat k\u00f6t\u00f6ttek kor\u00e1bban egym\u00e1ssal \u00e9s m\u00e1sokkal is, amelyek komoly akad\u00e1lyokat jelenthetnek sz\u00e1mukra. De szerencs\u00e9re az \u00edr\u00f3n\u0151 profin kezelte a helyzeteket.<\/p>\n<p>Grace nagyon men\u0151 h\u0151sn\u0151: \u0151 maga is tagja volt a <em>Kem\u00e9ny \u00f6kl\u0171 gazfick\u00f3k<\/em> csapat\u00e1nak, kiv\u00e1l\u00f3an verekszik \u00e9s bizony a k\u00f6nyv elej\u00e9n sz\u00e9pen el is n\u00e1sp\u00e1ngolja Ewan-t \ud83d\ude0a Dahlia n\u00e9ven egy olyan sz\u00f3rakoz\u00f3helyet \u00fczemeltet, ahol a n\u0151k k\u00edv\u00e1ns\u00e1gait szolg\u00e1lj\u00e1k ki, nekik sz\u00f3l\u00f3 \u00e9lvezeteket biztos\u00edtanak m\u00e9ghozz\u00e1 teljes diszkr\u00e9ci\u00f3val. Term\u00e9szetesen felt\u0171nnek int\u00e9zm\u00e9nye l\u00e1togat\u00f3i k\u00f6z\u00f6tt a Hells\u2019 Belle\u2019s sorozat szerepl\u0151i (az elm\u00falt \u00e9vekben angolul ezt a Sarah MacLean sorozatot k\u00f6vettem \u00e9s igencsak im\u00e1dtam). Grace teh\u00e1t igyekszik bossz\u00fat \u00e1llni Marwick herceg\u00e9n, s betartatni vele r\u00e9gi fogadalmukat: a c\u00edm nem maradhat fenn. \u00dagyhogy amikor megtudja, hogy Ewan a sz\u00e1m\u0171zet\u00e9se ellen\u00e9re ism\u00e9t Londonban van \u00e9s tal\u00e1n feles\u00e9get keres, elmegy hozz\u00e1. S kider\u00fcl, hogy bizony m\u00e9g mindig nagyon er\u0151s k\u00f6z\u00f6tt\u00fck a vonzalom. <\/p>\n<p>Ewan-b\u00f3l siker\u00fcl olyan h\u0151st kihozni, akinek a tetteit v\u00e9g\u00fcl meg\u00e9rti az olvas\u00f3. B\u00e1r az el\u0151z\u0151 reg\u00e9nyekben nagyon cs\u00fanya dolgokat m\u0171velt, itt kider\u00fclnek a mozgat\u00f3rug\u00f3i. Nem csak az, hogy hitte: \u00f6r\u00f6kre elvesztette Grace-t, hanem m\u00e1r kor\u00e1bban fiatalkor\u00e1ban is neh\u00e9z helyzetben volt \u00e9s nagy \u00e1ldozatokat kellett hoznia, m\u00e9g \u00fagy is, hogy tiszt\u00e1ban volt vele: nem \u0151 fog j\u00f3l j\u00e1rni \u00e9s a tettei elr\u00e9miszt\u0151ek lehetnek az indokai n\u00e9lk\u00fcl. Ami m\u00e9g felmenti az olvas\u00f3 szem\u00e9ben, hogy mindv\u00e9gig l\u00e1thatjuk: sz\u00e1m\u00e1ra mindig is csak Grace volt a fontos, b\u00e1rmit megadott volna, hogy a l\u00e1ny boldog legyen. Sarah MacLean igaz\u00e1n j\u00f3l \u00e1br\u00e1zolja a b\u0171nb\u00e1n\u00f3 f\u00e9rfit aki megal\u00e1zkodik \u00e9s mindent megtesz az\u00e9rt, hogy a szeretett n\u0151 v\u00e9gre meg\u00e9rtse \u0151t \u00e9s viszonozza az \u00e9rzelmeit.<\/p>\n<p>A k\u00f6nyvben van j\u00f3 p\u00e1r nagyon er\u0151s \u00e9rzelmes pillanat \u00e9s perzsel\u0151 forr\u00f3s\u00e1g\u00fa jelenetek is akadnak b\u0151ven, ahogy azt m\u00e1r a szerz\u0151t\u0151l megszokhattuk.<\/p>\n<p><img decoding=\"async\" src=\"http:\/\/olvasonaplo.net\/olvasonaplo\/files\/\/2015\/11\/rating-8.gif\" alt=\"\" width=\"116\" height=\"12\" class=\"alignleft size-full wp-image-33450537\" \/><\/p>\n<p><a href=\"https:\/\/www.blogturneklub.com\/2025\/03\/sarah-maclean-bator-es-herceg.html\"><img decoding=\"async\" src=\"http:\/\/olvasonaplo.net\/olvasonaplo\/files\/\/2025\/03\/macleanbanner.jpg\" alt=\"\" width=\"770\" height=\"433\" class=\"aligncenter size-full wp-image-33459570\" srcset=\"https:\/\/olvasonaplo.net\/olvasonaplo\/files\/2025\/03\/macleanbanner.jpg 770w, https:\/\/olvasonaplo.net\/olvasonaplo\/files\/2025\/03\/macleanbanner-300x169.jpg 300w, https:\/\/olvasonaplo.net\/olvasonaplo\/files\/2025\/03\/macleanbanner-768x432.jpg 768w\" sizes=\"(max-width: 770px) 100vw, 770px\" \/><\/a><\/p>\n<h5>Blogturn\u00e9<\/h5>\n<p>A Kem\u00e9ny\u00f6kl\u0171 Gazfick\u00f3k sorozat harmadik r\u00e9sz\u00e9nek f\u0151szerepl\u0151je Grace Condry, akit az utca nevelt fel, \u00e9s most a londoni alvil\u00e1g kir\u00e1lyn\u0151jek\u00e9nt \u00e9li mindennapjait. Amikor felbukkan egykori szerelme, Marwick hercege, hogy kib\u00e9k\u00edtse \u00e9s hercegn\u00e9vc\u00e9 tegye a n\u0151t, akkor kezd\u0151dnek a bonyodalmak.<br \/>\nK\u00f6vessetek minket Sarah MacLean t\u00f6rt\u00e9nelmi romantikus\u00e1nak blogturn\u00e9j\u00e1n, illetve j\u00e1tsszatok vel\u00fcnk, ugyanis a K\u00f6nyvmolyk\u00e9pz\u0151 kiad\u00f3nak h\u00e1la egy szerencs\u00e9s olvas\u00f3nk meg is nyeri A B\u00e1tor \u00e9s a Herceg egy p\u00e9ld\u00e1ny\u00e1t!<\/p>\n<h5>F\u00fclsz\u00f6veg<\/h5>\n<p>Grace Condry eg\u00e9sz \u00e9let\u00e9ben menek\u00fclt a m\u00faltja el\u0151l.<br \/>\nAmikor egyetlen szerelme el\u00e1rulta, szinte m\u00e9g gyerek volt. Az utca nevelte fel. Most a londoni alvil\u00e1g kir\u00e1lyn\u0151jek\u00e9nt Dahlia n\u00e9ven \u00e9l, hogy ne bukkanhassanak a nyom\u00e1ra. \u00c9les esz\u00e9nek \u00e9s er\u0151s jobbhorg\u00e1nak k\u00f6sz\u00f6nhet\u0151en nem ismer legy\u0151zhetetlen ellens\u00e9get, de amikor az egykori szerelme visszat\u00e9r, minden meginog az \u00e9let\u00e9ben.<br \/>\nMarwick hercege a megr\u00f6gz\u00f6tt \u00e9s kegyetlen Ewan.<br \/>\nEgy \u00e9vtizede keresi azt a n\u0151t, akit mindig is szeretett, de akit egy r\u00e9ges-r\u00e9gi fogadalom miatt, \u00fagy t\u0171nik, \u00f6r\u00f6kre elvesz\u00edtett. A herceg b\u00e1rmit megtenne, hogy visszaszerezze\u2026 \u00e9s hercegn\u00e9v\u00e9 tegye.<br \/>\nGrace a legkev\u00e9sb\u00e9 sem v\u00e1gyik r\u00e1, hogy kib\u00e9k\u00fclj\u00f6n a herceggel.<br \/>\nK\u00e9ptelen neki megbocs\u00e1tani a m\u00faltat, \u00e9s bossz\u00fat esk\u00fcd\u00f6tt. Emiatt azonban musz\u00e1j a k\u00f6zel\u00e9ben tudnia a herceget, \u00e9s hamarosan r\u00e1j\u00f6n, hogy az ellens\u00e9ge eg\u00e9szen m\u00e1s, mint amilyennek k\u00e9pzelte. F\u00e9l\u0151, hogy m\u00e1r nem tud neki ellen\u00e1llni m\u00e9g akkor sem, ha vesz\u00e9lyt jelent az \u00e1ltala fel\u00e9p\u00edtett vil\u00e1gra, az \u00e1ldozatok \u00e1r\u00e1n kiharcolt \u00e9let\u00e9re \u00e9s a sz\u00edv\u00e9re is, holott megesk\u00fcd\u00f6tt, hogy azt soha t\u00f6bb\u00e9 nem adja oda neki\u2026<\/p>\n<p>Kiad\u00f3: K\u00f6nyvmolyk\u00e9pz\u0151 (Arany P\u00f6tty\u00f6s k\u00f6nyvek)<br \/>\nT\u00e9ma\/m\u0171faj: t\u00f6rt\u00e9nelmi romantikus<br \/>\nTerjedelem: 360 oldal<br \/>\nISBN: 9789636750329<br \/>\nFord\u00edtotta: Margittay<br \/>\nEredeti m\u0171: The Daring and the Duke<br \/>\nEredeti megjelen\u00e9s \u00e9ve: 2020<\/p>\n<h5>Nyerem\u00e9nyj\u00e1t\u00e9k<\/h5>\n<p>Ha elolvast\u00e1tok a kiad\u00f3 oldal\u00e1n tal\u00e1lhat\u00f3 <a href=\"https:\/\/konyvmolykepzo.hu\/content\/2025\/2\/Product\/100029_abatoresaherceg_beleolvaso.pdf\" rel=\"noopener\" target=\"_blank\">beleolvas\u00f3t<\/a> a k\u00f6nyvbe, akkor bizony k\u00f6nny\u0171 dolgotok lesz az egyes \u00e1llom\u00e1sokon tal\u00e1lhat\u00f3 k\u00e9rd\u00e9sek megv\u00e1laszol\u00e1sakor. A rafflecopter dobozba a helyes v\u00e1laszokat v\u00e1rjuk!<\/p>\n<p>(Ne feledj\u00e9tek, a be\u00edrt v\u00e1laszokon m\u00e1r nem \u00e1ll m\u00f3dunkban jav\u00edtani. A kiad\u00f3 csak Magyarorsz\u00e1g ter\u00fclet\u00e9re post\u00e1z. A nyertest e-mailben \u00e9rtes\u00edtj\u00fck. Amennyiben 72 \u00f3r\u00e1n bel\u00fcl nem jelentkezik a szerencs\u00e9s, \u00fajabb nyertest sorsolunk.)<\/p>\n<h6>Feladv\u00e1nyom<\/h6>\n<blockquote><p>Mik\u00e9nt nevezik az \u00e1larcosb\u00e1lt, vad mulatoz\u00e1st \u00e9s kaszin\u00f3t?<\/p><\/blockquote>\n<p><a class=\"rcptr\" href=\"http:\/\/www.rafflecopter.com\/rafl\/display\/66160b242672\/\" rel=\"nofollow\" data-raflid=\"66160b242672\" data-theme=\"classic\" data-template=\"\" id=\"rcwidget_s5f7wmh6\">a Rafflecopter giveaway<\/a><br \/>\n<script src=\"https:\/\/widget-prime.rafflecopter.com\/launch.js\"><\/script><\/p>\n<h6>\u00c1llom\u00e1slista<\/h6>\n<p>03\/01 &#8211; <a href=\"https:\/\/hagyjatokolvasok.blogspot.com\/2025\/03\/boritomustra-a-bator-es-a-herceg.html\" rel=\"noopener\" target=\"_blank\">Hagyjatok! Olvasok!<\/a> ~ Bor\u00edt\u00f3mustra<br \/>\n03\/04 &#8211; <a href=\"https:\/\/angelikablogja.blogspot.com\/2025\/03\/sarah-maclean-bator-es-herceg.html\" rel=\"noopener\" target=\"_blank\">Angelika blogja<\/a><br \/>\n03\/07 &#8211;<a href=\"https:\/\/dreamworld-books.blogspot.com\/2025\/03\/blogturne-extra-bator-es-herceg.html\" rel=\"noopener\" target=\"_blank\"> Dreamworld<\/a> ~ Kedvcsin\u00e1l\u00f3 id\u00e9zetek<br \/>\n03\/10 &#8211; <a href=\"https:\/\/hagyjatokolvasok.blogspot.com\/2025\/03\/sarah-maclean-gazfickok3.html\">Hagyjatok! Olvasok!<\/a><br \/>\n03\/13 &#8211; Olvas\u00f3napl\u00f3<br \/>\n03\/16 &#8211; <a href=\"https:\/\/dreamworld-books.blogspot.com\/2025\/03\/sarah-maclean-bator-es-herceg.html\" rel=\"noopener\" target=\"_blank\">Dreamworld<\/a><\/p>\n","protected":false},"excerpt":{"rendered":"<p>Sarah MacLean Kem\u00e9ny \u00f6kl\u0171 gazfick\u00f3k tril\u00f3gi\u00e1j\u00e1nak utols\u00f3 r\u00e9sz\u00e9ben a f\u0151szerepl\u0151 az el\u0151z\u0151 k\u00e9t reg\u00e9nyben csak a h\u00e1tt\u00e9rben s\u00fcnd\u00f6rg\u00f6tt, de most \u0151 ker\u00fcl a k\u00f6z\u00e9ppontba. Mivel igaz\u00e1b\u00f3l a reg\u00e9ny szinte ott folytat\u00f3dik ahol A Pimasz \u00e9s a Fenevad befejez\u0151d\u00f6tt, \u00e9rdemes az\u00e9rt kicsit felid\u00e9zni olvas\u00e1s el\u0151tt, hogy milyen viszonyok is vannak Devil, Whit, Dahlia \u00e9s Marwick hercege [&hellip;]<\/p>\n","protected":false},"author":1,"featured_media":33459569,"comment_status":"open","ping_status":"open","sticky":false,"template":"","format":"standard","meta":{"_monsterinsights_skip_tracking":false,"_monsterinsights_sitenote_active":false,"_monsterinsights_sitenote_note":"","_monsterinsights_sitenote_category":0,"site-sidebar-layout":"default","site-content-layout":"","ast-site-content-layout":"default","site-content-style":"default","site-sidebar-style":"default","ast-global-header-display":"","ast-banner-title-visibility":"","ast-main-header-display":"","ast-hfb-above-header-display":"","ast-hfb-below-header-display":"","ast-hfb-mobile-header-display":"","site-post-title":"","ast-breadcrumbs-content":"","ast-featured-img":"","footer-sml-layout":"","ast-disable-related-posts":"","theme-transparent-header-meta":"","adv-header-id-meta":"","stick-header-meta":"","header-above-stick-meta":"","header-main-stick-meta":"","header-below-stick-meta":"","astra-migrate-meta-layouts":"default","ast-page-background-enabled":"default","ast-page-background-meta":{"desktop":{"background-color":"var(--ast-global-color-5)","background-image":"","background-repeat":"repeat","background-position":"center center","background-size":"auto","background-attachment":"scroll","background-type":"","background-media":"","overlay-type":"","overlay-color":"","overlay-opacity":"","overlay-gradient":""},"tablet":{"background-color":"","background-image":"","background-repeat":"repeat","background-position":"center center","background-size":"auto","background-attachment":"scroll","background-type":"","background-media":"","overlay-type":"","overlay-color":"","overlay-opacity":"","overlay-gradient":""},"mobile":{"background-color":"","background-image":"","background-repeat":"repeat","background-position":"center center","background-size":"auto","background-attachment":"scroll","background-type":"","background-media":"","overlay-type":"","overlay-color":"","overlay-opacity":"","overlay-gradient":""}},"ast-content-background-meta":{"desktop":{"background-color":"var(--ast-global-color-4)","background-image":"","background-repeat":"repeat","background-position":"center center","background-size":"auto","background-attachment":"scroll","background-type":"","background-media":"","overlay-type":"","overlay-color":"","overlay-opacity":"","overlay-gradient":""},"tablet":{"background-color":"var(--ast-global-color-4)","background-image":"","background-repeat":"repeat","background-position":"center center","background-size":"auto","background-attachment":"scroll","background-type":"","background-media":"","overlay-type":"","overlay-color":"","overlay-opacity":"","overlay-gradient":""},"mobile":{"background-color":"var(--ast-global-color-4)","background-image":"","background-repeat":"repeat","background-position":"center center","background-size":"auto","background-attachment":"scroll","background-type":"","background-media":"","overlay-type":"","overlay-color":"","overlay-opacity":"","overlay-gradient":""}},"footnotes":""},"categories":[221,997,267,4,35,1675,6,10,127],"tags":[],"book-author":[1567,1381],"book-series":[],"book-publisher":[286],"book-genre":[],"book-source":[],"book-format":[],"class_list":["post-33459568","post","type-post","status-publish","format-standard","has-post-thumbnail","hentry","category-221","category-blogturne","category-konyvajanlo","category-magyarul","category-noi_iro","category-1675","category-regeny","category-romantikus","category-tortenelmi","book-author-margittay","book-author-sarah-maclean","book-publisher-konyvmolykepzo"],"aioseo_notices":[],"aioseo_head":"\n\t\t<!-- All in One SEO 5.0.1.1 - aioseo.com -->\n\t<meta name=\"description\" content=\"Sarah MacLean Kem\u00e9ny \u00f6kl\u0171 gazfick\u00f3k tril\u00f3gi\u00e1j\u00e1nak utols\u00f3 r\u00e9sz\u00e9ben a f\u0151szerepl\u0151 az el\u0151z\u0151 k\u00e9t reg\u00e9nyben csak a h\u00e1tt\u00e9rben s\u00fcnd\u00f6rg\u00f6tt, de most \u0151 ker\u00fcl a k\u00f6z\u00e9ppontba. Mivel igaz\u00e1b\u00f3l a reg\u00e9ny szinte ott folytat\u00f3dik ahol A Pimasz \u00e9s a Fenevad befejez\u0151d\u00f6tt, \u00e9rdemes az\u00e9rt kicsit felid\u00e9zni olvas\u00e1s el\u0151tt, hogy milyen viszonyok is vannak Devil, Whit, Dahlia \u00e9s Marwick hercege\" \/>\n\t<meta name=\"robots\" content=\"max-image-preview:large\" \/>\n\t<meta name=\"author\" content=\"Lobo\"\/>\n\t<link rel=\"canonical\" href=\"https:\/\/olvasonaplo.net\/olvasonaplo\/2025\/03\/13\/sarah-maclean-bator-es-herceg\/\" \/>\n\t<meta name=\"generator\" content=\"All in One SEO (AIOSEO) 5.0.1.1\" \/>\n\t\t<meta property=\"og:locale\" content=\"en_US\" \/>\n\t\t<meta property=\"og:site_name\" content=\"Olvas\u00f3napl\u00f3 -\" \/>\n\t\t<meta property=\"og:type\" content=\"article\" \/>\n\t\t<meta property=\"og:title\" content=\"Sarah MacLean: A B\u00e1tor \u00e9s a Herceg - Olvas\u00f3napl\u00f3\" \/>\n\t\t<meta property=\"og:description\" content=\"Sarah MacLean Kem\u00e9ny \u00f6kl\u0171 gazfick\u00f3k tril\u00f3gi\u00e1j\u00e1nak utols\u00f3 r\u00e9sz\u00e9ben a f\u0151szerepl\u0151 az el\u0151z\u0151 k\u00e9t reg\u00e9nyben csak a h\u00e1tt\u00e9rben s\u00fcnd\u00f6rg\u00f6tt, de most \u0151 ker\u00fcl a k\u00f6z\u00e9ppontba. Mivel igaz\u00e1b\u00f3l a reg\u00e9ny szinte ott folytat\u00f3dik ahol A Pimasz \u00e9s a Fenevad befejez\u0151d\u00f6tt, \u00e9rdemes az\u00e9rt kicsit felid\u00e9zni olvas\u00e1s el\u0151tt, hogy milyen viszonyok is vannak Devil, Whit, Dahlia \u00e9s Marwick hercege\" \/>\n\t\t<meta property=\"og:url\" content=\"https:\/\/olvasonaplo.net\/olvasonaplo\/2025\/03\/13\/sarah-maclean-bator-es-herceg\/\" \/>\n\t\t<meta property=\"article:published_time\" content=\"2025-03-13T16:07:28+00:00\" \/>\n\t\t<meta property=\"article:modified_time\" content=\"2025-03-21T14:00:24+00:00\" \/>\n\t\t<meta name=\"twitter:card\" content=\"summary_large_image\" \/>\n\t\t<meta name=\"twitter:title\" content=\"Sarah MacLean: A B\u00e1tor \u00e9s a Herceg - Olvas\u00f3napl\u00f3\" \/>\n\t\t<meta name=\"twitter:description\" content=\"Sarah MacLean Kem\u00e9ny \u00f6kl\u0171 gazfick\u00f3k tril\u00f3gi\u00e1j\u00e1nak utols\u00f3 r\u00e9sz\u00e9ben a f\u0151szerepl\u0151 az el\u0151z\u0151 k\u00e9t reg\u00e9nyben csak a h\u00e1tt\u00e9rben s\u00fcnd\u00f6rg\u00f6tt, de most \u0151 ker\u00fcl a k\u00f6z\u00e9ppontba. Mivel igaz\u00e1b\u00f3l a reg\u00e9ny szinte ott folytat\u00f3dik ahol A Pimasz \u00e9s a Fenevad befejez\u0151d\u00f6tt, \u00e9rdemes az\u00e9rt kicsit felid\u00e9zni olvas\u00e1s el\u0151tt, hogy milyen viszonyok is vannak Devil, Whit, Dahlia \u00e9s Marwick hercege\" \/>\n\t\t<script type=\"application\/ld+json\" class=\"aioseo-schema\">\n\t\t\t{\"@context\":\"https:\\\/\\\/schema.org\",\"@graph\":[{\"@type\":\"BlogPosting\",\"@id\":\"https:\\\/\\\/olvasonaplo.net\\\/olvasonaplo\\\/2025\\\/03\\\/13\\\/sarah-maclean-bator-es-herceg\\\/#blogposting\",\"name\":\"Sarah MacLean: A B\\u00e1tor \\u00e9s a Herceg - Olvas\\u00f3napl\\u00f3\",\"headline\":\"Sarah MacLean: A B\\u00e1tor \\u00e9s a Herceg\",\"author\":{\"@id\":\"https:\\\/\\\/olvasonaplo.net\\\/olvasonaplo\\\/author\\\/lobotomia\\\/#author\"},\"publisher\":{\"@id\":\"https:\\\/\\\/olvasonaplo.net\\\/olvasonaplo\\\/#organization\"},\"image\":{\"@type\":\"ImageObject\",\"url\":\"https:\\\/\\\/olvasonaplo.net\\\/olvasonaplo\\\/files\\\/\\\/2025\\\/03\\\/batoresaherceg.jpg\",\"width\":1280,\"height\":1920},\"datePublished\":\"2025-03-13T18:07:28+02:00\",\"dateModified\":\"2025-03-21T16:00:24+02:00\",\"inLanguage\":\"en-US\",\"mainEntityOfPage\":{\"@id\":\"https:\\\/\\\/olvasonaplo.net\\\/olvasonaplo\\\/2025\\\/03\\\/13\\\/sarah-maclean-bator-es-herceg\\\/#webpage\"},\"isPartOf\":{\"@id\":\"https:\\\/\\\/olvasonaplo.net\\\/olvasonaplo\\\/2025\\\/03\\\/13\\\/sarah-maclean-bator-es-herceg\\\/#webpage\"},\"articleSection\":\"8, Blogturn\\u00e9, K\\u00f6nyvaj\\u00e1nl\\u00f3, Magyarul, N\\u0151i \\u00edr\\u00f3, Olvastam 2025-ben, Reg\\u00e9ny, Romantikus, T\\u00f6rt\\u00e9nelmi, Margittay, Sarah MacLean, K\\u00f6nyvmolyk\\u00e9pz\\u0151\"},{\"@type\":\"BreadcrumbList\",\"@id\":\"https:\\\/\\\/olvasonaplo.net\\\/olvasonaplo\\\/2025\\\/03\\\/13\\\/sarah-maclean-bator-es-herceg\\\/#breadcrumblist\",\"itemListElement\":[{\"@type\":\"ListItem\",\"@id\":\"https:\\\/\\\/olvasonaplo.net\\\/olvasonaplo#listItem\",\"position\":1,\"name\":\"Home\",\"item\":\"https:\\\/\\\/olvasonaplo.net\\\/olvasonaplo\",\"nextItem\":{\"@type\":\"ListItem\",\"@id\":\"https:\\\/\\\/olvasonaplo.net\\\/olvasonaplo\\\/category\\\/konyvajanlo\\\/#listItem\",\"name\":\"K\\u00f6nyvaj\\u00e1nl\\u00f3\"}},{\"@type\":\"ListItem\",\"@id\":\"https:\\\/\\\/olvasonaplo.net\\\/olvasonaplo\\\/category\\\/konyvajanlo\\\/#listItem\",\"position\":2,\"name\":\"K\\u00f6nyvaj\\u00e1nl\\u00f3\",\"item\":\"https:\\\/\\\/olvasonaplo.net\\\/olvasonaplo\\\/category\\\/konyvajanlo\\\/\",\"nextItem\":{\"@type\":\"ListItem\",\"@id\":\"https:\\\/\\\/olvasonaplo.net\\\/olvasonaplo\\\/category\\\/konyvajanlo\\\/regeny\\\/#listItem\",\"name\":\"Reg\\u00e9ny\"},\"previousItem\":{\"@type\":\"ListItem\",\"@id\":\"https:\\\/\\\/olvasonaplo.net\\\/olvasonaplo#listItem\",\"name\":\"Home\"}},{\"@type\":\"ListItem\",\"@id\":\"https:\\\/\\\/olvasonaplo.net\\\/olvasonaplo\\\/category\\\/konyvajanlo\\\/regeny\\\/#listItem\",\"position\":3,\"name\":\"Reg\\u00e9ny\",\"item\":\"https:\\\/\\\/olvasonaplo.net\\\/olvasonaplo\\\/category\\\/konyvajanlo\\\/regeny\\\/\",\"nextItem\":{\"@type\":\"ListItem\",\"@id\":\"https:\\\/\\\/olvasonaplo.net\\\/olvasonaplo\\\/2025\\\/03\\\/13\\\/sarah-maclean-bator-es-herceg\\\/#listItem\",\"name\":\"Sarah MacLean: A B\\u00e1tor \\u00e9s a Herceg\"},\"previousItem\":{\"@type\":\"ListItem\",\"@id\":\"https:\\\/\\\/olvasonaplo.net\\\/olvasonaplo\\\/category\\\/konyvajanlo\\\/#listItem\",\"name\":\"K\\u00f6nyvaj\\u00e1nl\\u00f3\"}},{\"@type\":\"ListItem\",\"@id\":\"https:\\\/\\\/olvasonaplo.net\\\/olvasonaplo\\\/2025\\\/03\\\/13\\\/sarah-maclean-bator-es-herceg\\\/#listItem\",\"position\":4,\"name\":\"Sarah MacLean: A B\\u00e1tor \\u00e9s a Herceg\",\"previousItem\":{\"@type\":\"ListItem\",\"@id\":\"https:\\\/\\\/olvasonaplo.net\\\/olvasonaplo\\\/category\\\/konyvajanlo\\\/regeny\\\/#listItem\",\"name\":\"Reg\\u00e9ny\"}}]},{\"@type\":\"Organization\",\"@id\":\"https:\\\/\\\/olvasonaplo.net\\\/olvasonaplo\\\/#organization\",\"name\":\"Olvas\\u00f3napl\\u00f3\",\"url\":\"https:\\\/\\\/olvasonaplo.net\\\/olvasonaplo\\\/\"},{\"@type\":\"Person\",\"@id\":\"https:\\\/\\\/olvasonaplo.net\\\/olvasonaplo\\\/author\\\/lobotomia\\\/#author\",\"url\":\"https:\\\/\\\/olvasonaplo.net\\\/olvasonaplo\\\/author\\\/lobotomia\\\/\",\"name\":\"Lobo\",\"image\":{\"@type\":\"ImageObject\",\"@id\":\"https:\\\/\\\/olvasonaplo.net\\\/olvasonaplo\\\/2025\\\/03\\\/13\\\/sarah-maclean-bator-es-herceg\\\/#authorImage\",\"url\":\"https:\\\/\\\/secure.gravatar.com\\\/avatar\\\/9cd19c1258b196aa4bb8f77b9106378a7012acc29f4928c1c036190bb2256131?s=96&r=g\",\"width\":96,\"height\":96,\"caption\":\"Lobo\"}},{\"@type\":\"WebPage\",\"@id\":\"https:\\\/\\\/olvasonaplo.net\\\/olvasonaplo\\\/2025\\\/03\\\/13\\\/sarah-maclean-bator-es-herceg\\\/#webpage\",\"url\":\"https:\\\/\\\/olvasonaplo.net\\\/olvasonaplo\\\/2025\\\/03\\\/13\\\/sarah-maclean-bator-es-herceg\\\/\",\"name\":\"Sarah MacLean: A B\\u00e1tor \\u00e9s a Herceg - Olvas\\u00f3napl\\u00f3\",\"description\":\"Sarah MacLean Kem\\u00e9ny \\u00f6kl\\u0171 gazfick\\u00f3k tril\\u00f3gi\\u00e1j\\u00e1nak utols\\u00f3 r\\u00e9sz\\u00e9ben a f\\u0151szerepl\\u0151 az el\\u0151z\\u0151 k\\u00e9t reg\\u00e9nyben csak a h\\u00e1tt\\u00e9rben s\\u00fcnd\\u00f6rg\\u00f6tt, de most \\u0151 ker\\u00fcl a k\\u00f6z\\u00e9ppontba. Mivel igaz\\u00e1b\\u00f3l a reg\\u00e9ny szinte ott folytat\\u00f3dik ahol A Pimasz \\u00e9s a Fenevad befejez\\u0151d\\u00f6tt, \\u00e9rdemes az\\u00e9rt kicsit felid\\u00e9zni olvas\\u00e1s el\\u0151tt, hogy milyen viszonyok is vannak Devil, Whit, Dahlia \\u00e9s Marwick hercege\",\"inLanguage\":\"en-US\",\"isPartOf\":{\"@id\":\"https:\\\/\\\/olvasonaplo.net\\\/olvasonaplo\\\/#website\"},\"breadcrumb\":{\"@id\":\"https:\\\/\\\/olvasonaplo.net\\\/olvasonaplo\\\/2025\\\/03\\\/13\\\/sarah-maclean-bator-es-herceg\\\/#breadcrumblist\"},\"author\":{\"@id\":\"https:\\\/\\\/olvasonaplo.net\\\/olvasonaplo\\\/author\\\/lobotomia\\\/#author\"},\"creator\":{\"@id\":\"https:\\\/\\\/olvasonaplo.net\\\/olvasonaplo\\\/author\\\/lobotomia\\\/#author\"},\"image\":{\"@type\":\"ImageObject\",\"url\":\"https:\\\/\\\/olvasonaplo.net\\\/olvasonaplo\\\/files\\\/\\\/2025\\\/03\\\/batoresaherceg.jpg\",\"@id\":\"https:\\\/\\\/olvasonaplo.net\\\/olvasonaplo\\\/2025\\\/03\\\/13\\\/sarah-maclean-bator-es-herceg\\\/#mainImage\",\"width\":1280,\"height\":1920},\"primaryImageOfPage\":{\"@id\":\"https:\\\/\\\/olvasonaplo.net\\\/olvasonaplo\\\/2025\\\/03\\\/13\\\/sarah-maclean-bator-es-herceg\\\/#mainImage\"},\"datePublished\":\"2025-03-13T18:07:28+02:00\",\"dateModified\":\"2025-03-21T16:00:24+02:00\"},{\"@type\":\"WebSite\",\"@id\":\"https:\\\/\\\/olvasonaplo.net\\\/olvasonaplo\\\/#website\",\"url\":\"https:\\\/\\\/olvasonaplo.net\\\/olvasonaplo\\\/\",\"name\":\"Olvas\\u00f3napl\\u00f3\",\"inLanguage\":\"en-US\",\"publisher\":{\"@id\":\"https:\\\/\\\/olvasonaplo.net\\\/olvasonaplo\\\/#organization\"}}]}\n\t\t<\/script>\n\t\t<!-- All in One SEO -->\n\n","aioseo_head_json":{"title":"Sarah MacLean: A B\u00e1tor \u00e9s a Herceg - Olvas\u00f3napl\u00f3","description":"Sarah MacLean Kem\u00e9ny \u00f6kl\u0171 gazfick\u00f3k tril\u00f3gi\u00e1j\u00e1nak utols\u00f3 r\u00e9sz\u00e9ben a f\u0151szerepl\u0151 az el\u0151z\u0151 k\u00e9t reg\u00e9nyben csak a h\u00e1tt\u00e9rben s\u00fcnd\u00f6rg\u00f6tt, de most \u0151 ker\u00fcl a k\u00f6z\u00e9ppontba. Mivel igaz\u00e1b\u00f3l a reg\u00e9ny szinte ott folytat\u00f3dik ahol A Pimasz \u00e9s a Fenevad befejez\u0151d\u00f6tt, \u00e9rdemes az\u00e9rt kicsit felid\u00e9zni olvas\u00e1s el\u0151tt, hogy milyen viszonyok is vannak Devil, Whit, Dahlia \u00e9s Marwick hercege","canonical_url":"https:\/\/olvasonaplo.net\/olvasonaplo\/2025\/03\/13\/sarah-maclean-bator-es-herceg\/","robots":"max-image-preview:large","keywords":"","webmasterTools":{"miscellaneous":""},"schema":{"@context":"https:\/\/schema.org","@graph":[{"@type":"BlogPosting","@id":"https:\/\/olvasonaplo.net\/olvasonaplo\/2025\/03\/13\/sarah-maclean-bator-es-herceg\/#blogposting","name":"Sarah MacLean: A B\u00e1tor \u00e9s a Herceg - Olvas\u00f3napl\u00f3","headline":"Sarah MacLean: A B\u00e1tor \u00e9s a Herceg","author":{"@id":"https:\/\/olvasonaplo.net\/olvasonaplo\/author\/lobotomia\/#author"},"publisher":{"@id":"https:\/\/olvasonaplo.net\/olvasonaplo\/#organization"},"image":{"@type":"ImageObject","url":"https:\/\/olvasonaplo.net\/olvasonaplo\/files\/\/2025\/03\/batoresaherceg.jpg","width":1280,"height":1920},"datePublished":"2025-03-13T18:07:28+02:00","dateModified":"2025-03-21T16:00:24+02:00","inLanguage":"en-US","mainEntityOfPage":{"@id":"https:\/\/olvasonaplo.net\/olvasonaplo\/2025\/03\/13\/sarah-maclean-bator-es-herceg\/#webpage"},"isPartOf":{"@id":"https:\/\/olvasonaplo.net\/olvasonaplo\/2025\/03\/13\/sarah-maclean-bator-es-herceg\/#webpage"},"articleSection":"8, Blogturn\u00e9, K\u00f6nyvaj\u00e1nl\u00f3, Magyarul, N\u0151i \u00edr\u00f3, Olvastam 2025-ben, Reg\u00e9ny, Romantikus, T\u00f6rt\u00e9nelmi, Margittay, Sarah MacLean, K\u00f6nyvmolyk\u00e9pz\u0151"},{"@type":"BreadcrumbList","@id":"https:\/\/olvasonaplo.net\/olvasonaplo\/2025\/03\/13\/sarah-maclean-bator-es-herceg\/#breadcrumblist","itemListElement":[{"@type":"ListItem","@id":"https:\/\/olvasonaplo.net\/olvasonaplo#listItem","position":1,"name":"Home","item":"https:\/\/olvasonaplo.net\/olvasonaplo","nextItem":{"@type":"ListItem","@id":"https:\/\/olvasonaplo.net\/olvasonaplo\/category\/konyvajanlo\/#listItem","name":"K\u00f6nyvaj\u00e1nl\u00f3"}},{"@type":"ListItem","@id":"https:\/\/olvasonaplo.net\/olvasonaplo\/category\/konyvajanlo\/#listItem","position":2,"name":"K\u00f6nyvaj\u00e1nl\u00f3","item":"https:\/\/olvasonaplo.net\/olvasonaplo\/category\/konyvajanlo\/","nextItem":{"@type":"ListItem","@id":"https:\/\/olvasonaplo.net\/olvasonaplo\/category\/konyvajanlo\/regeny\/#listItem","name":"Reg\u00e9ny"},"previousItem":{"@type":"ListItem","@id":"https:\/\/olvasonaplo.net\/olvasonaplo#listItem","name":"Home"}},{"@type":"ListItem","@id":"https:\/\/olvasonaplo.net\/olvasonaplo\/category\/konyvajanlo\/regeny\/#listItem","position":3,"name":"Reg\u00e9ny","item":"https:\/\/olvasonaplo.net\/olvasonaplo\/category\/konyvajanlo\/regeny\/","nextItem":{"@type":"ListItem","@id":"https:\/\/olvasonaplo.net\/olvasonaplo\/2025\/03\/13\/sarah-maclean-bator-es-herceg\/#listItem","name":"Sarah MacLean: A B\u00e1tor \u00e9s a Herceg"},"previousItem":{"@type":"ListItem","@id":"https:\/\/olvasonaplo.net\/olvasonaplo\/category\/konyvajanlo\/#listItem","name":"K\u00f6nyvaj\u00e1nl\u00f3"}},{"@type":"ListItem","@id":"https:\/\/olvasonaplo.net\/olvasonaplo\/2025\/03\/13\/sarah-maclean-bator-es-herceg\/#listItem","position":4,"name":"Sarah MacLean: A B\u00e1tor \u00e9s a Herceg","previousItem":{"@type":"ListItem","@id":"https:\/\/olvasonaplo.net\/olvasonaplo\/category\/konyvajanlo\/regeny\/#listItem","name":"Reg\u00e9ny"}}]},{"@type":"Organization","@id":"https:\/\/olvasonaplo.net\/olvasonaplo\/#organization","name":"Olvas\u00f3napl\u00f3","url":"https:\/\/olvasonaplo.net\/olvasonaplo\/"},{"@type":"Person","@id":"https:\/\/olvasonaplo.net\/olvasonaplo\/author\/lobotomia\/#author","url":"https:\/\/olvasonaplo.net\/olvasonaplo\/author\/lobotomia\/","name":"Lobo","image":{"@type":"ImageObject","@id":"https:\/\/olvasonaplo.net\/olvasonaplo\/2025\/03\/13\/sarah-maclean-bator-es-herceg\/#authorImage","url":"https:\/\/secure.gravatar.com\/avatar\/9cd19c1258b196aa4bb8f77b9106378a7012acc29f4928c1c036190bb2256131?s=96&r=g","width":96,"height":96,"caption":"Lobo"}},{"@type":"WebPage","@id":"https:\/\/olvasonaplo.net\/olvasonaplo\/2025\/03\/13\/sarah-maclean-bator-es-herceg\/#webpage","url":"https:\/\/olvasonaplo.net\/olvasonaplo\/2025\/03\/13\/sarah-maclean-bator-es-herceg\/","name":"Sarah MacLean: A B\u00e1tor \u00e9s a Herceg - Olvas\u00f3napl\u00f3","description":"Sarah MacLean Kem\u00e9ny \u00f6kl\u0171 gazfick\u00f3k tril\u00f3gi\u00e1j\u00e1nak utols\u00f3 r\u00e9sz\u00e9ben a f\u0151szerepl\u0151 az el\u0151z\u0151 k\u00e9t reg\u00e9nyben csak a h\u00e1tt\u00e9rben s\u00fcnd\u00f6rg\u00f6tt, de most \u0151 ker\u00fcl a k\u00f6z\u00e9ppontba. Mivel igaz\u00e1b\u00f3l a reg\u00e9ny szinte ott folytat\u00f3dik ahol A Pimasz \u00e9s a Fenevad befejez\u0151d\u00f6tt, \u00e9rdemes az\u00e9rt kicsit felid\u00e9zni olvas\u00e1s el\u0151tt, hogy milyen viszonyok is vannak Devil, Whit, Dahlia \u00e9s Marwick hercege","inLanguage":"en-US","isPartOf":{"@id":"https:\/\/olvasonaplo.net\/olvasonaplo\/#website"},"breadcrumb":{"@id":"https:\/\/olvasonaplo.net\/olvasonaplo\/2025\/03\/13\/sarah-maclean-bator-es-herceg\/#breadcrumblist"},"author":{"@id":"https:\/\/olvasonaplo.net\/olvasonaplo\/author\/lobotomia\/#author"},"creator":{"@id":"https:\/\/olvasonaplo.net\/olvasonaplo\/author\/lobotomia\/#author"},"image":{"@type":"ImageObject","url":"https:\/\/olvasonaplo.net\/olvasonaplo\/files\/\/2025\/03\/batoresaherceg.jpg","@id":"https:\/\/olvasonaplo.net\/olvasonaplo\/2025\/03\/13\/sarah-maclean-bator-es-herceg\/#mainImage","width":1280,"height":1920},"primaryImageOfPage":{"@id":"https:\/\/olvasonaplo.net\/olvasonaplo\/2025\/03\/13\/sarah-maclean-bator-es-herceg\/#mainImage"},"datePublished":"2025-03-13T18:07:28+02:00","dateModified":"2025-03-21T16:00:24+02:00"},{"@type":"WebSite","@id":"https:\/\/olvasonaplo.net\/olvasonaplo\/#website","url":"https:\/\/olvasonaplo.net\/olvasonaplo\/","name":"Olvas\u00f3napl\u00f3","inLanguage":"en-US","publisher":{"@id":"https:\/\/olvasonaplo.net\/olvasonaplo\/#organization"}}]},"og:locale":"en_US","og:site_name":"Olvas\u00f3napl\u00f3 -","og:type":"article","og:title":"Sarah MacLean: A B\u00e1tor \u00e9s a Herceg - Olvas\u00f3napl\u00f3","og:description":"Sarah MacLean Kem\u00e9ny \u00f6kl\u0171 gazfick\u00f3k tril\u00f3gi\u00e1j\u00e1nak utols\u00f3 r\u00e9sz\u00e9ben a f\u0151szerepl\u0151 az el\u0151z\u0151 k\u00e9t reg\u00e9nyben csak a h\u00e1tt\u00e9rben s\u00fcnd\u00f6rg\u00f6tt, de most \u0151 ker\u00fcl a k\u00f6z\u00e9ppontba. Mivel igaz\u00e1b\u00f3l a reg\u00e9ny szinte ott folytat\u00f3dik ahol A Pimasz \u00e9s a Fenevad befejez\u0151d\u00f6tt, \u00e9rdemes az\u00e9rt kicsit felid\u00e9zni olvas\u00e1s el\u0151tt, hogy milyen viszonyok is vannak Devil, Whit, Dahlia \u00e9s Marwick hercege","og:url":"https:\/\/olvasonaplo.net\/olvasonaplo\/2025\/03\/13\/sarah-maclean-bator-es-herceg\/","article:published_time":"2025-03-13T16:07:28+00:00","article:modified_time":"2025-03-21T14:00:24+00:00","twitter:card":"summary_large_image","twitter:title":"Sarah MacLean: A B\u00e1tor \u00e9s a Herceg - Olvas\u00f3napl\u00f3","twitter:description":"Sarah MacLean Kem\u00e9ny \u00f6kl\u0171 gazfick\u00f3k tril\u00f3gi\u00e1j\u00e1nak utols\u00f3 r\u00e9sz\u00e9ben a f\u0151szerepl\u0151 az el\u0151z\u0151 k\u00e9t reg\u00e9nyben csak a h\u00e1tt\u00e9rben s\u00fcnd\u00f6rg\u00f6tt, de most \u0151 ker\u00fcl a k\u00f6z\u00e9ppontba. Mivel igaz\u00e1b\u00f3l a reg\u00e9ny szinte ott folytat\u00f3dik ahol A Pimasz \u00e9s a Fenevad befejez\u0151d\u00f6tt, \u00e9rdemes az\u00e9rt kicsit felid\u00e9zni olvas\u00e1s el\u0151tt, hogy milyen viszonyok is vannak Devil, Whit, Dahlia \u00e9s Marwick hercege"},"aioseo_meta_data":{"post_id":"33459568","title":null,"description":null,"keywords":null,"keyphrases":{"focus":{"keyphrase":"","score":0,"analysis":{"keyphraseInTitle":{"score":0,"maxScore":9,"error":1}}},"additional":[]},"primary_term":null,"canonical_url":null,"og_title":null,"og_description":null,"og_object_type":"default","og_image_type":"default","og_image_url":null,"og_image_width":null,"og_image_height":null,"og_image_custom_url":null,"og_image_custom_fields":null,"og_video":"","og_custom_url":null,"og_article_section":null,"og_article_tags":null,"twitter_use_og":false,"twitter_card":"default","twitter_image_type":"default","twitter_image_url":null,"twitter_image_custom_url":null,"twitter_image_custom_fields":null,"twitter_title":null,"twitter_description":null,"schema":{"blockGraphs":[],"customGraphs":[],"default":{"data":{"Article":[],"Course":[],"Dataset":[],"FAQPage":[],"Movie":[],"Person":[],"Product":[],"ProductReview":[],"Car":[],"Recipe":[],"Service":[],"SoftwareApplication":[],"WebPage":[]},"graphName":"BlogPosting","isEnabled":true},"graphs":[]},"schema_type":"default","schema_type_options":null,"pillar_content":false,"robots_default":true,"robots_noindex":false,"robots_noarchive":false,"robots_nosnippet":false,"robots_nofollow":false,"robots_noimageindex":false,"robots_noodp":false,"robots_notranslate":false,"robots_max_snippet":"-1","robots_max_videopreview":"-1","robots_max_imagepreview":"large","priority":null,"frequency":"default","local_seo":null,"breadcrumb_settings":null,"limit_modified_date":false,"ai":null,"created":"2025-03-13 13:20:55","updated":"2025-06-04 16:41:17","seo_analyzer_scan_date":null,"focus_keyword":null,"additional_keywords":null,"truseo_locale":null},"aioseo_breadcrumb":"<div class=\"aioseo-breadcrumbs\"><span class=\"aioseo-breadcrumb\">\n\t\t\t<a href=\"https:\/\/olvasonaplo.net\/olvasonaplo\" title=\"Home\">Home<\/a>\n\t\t<\/span><span class=\"aioseo-breadcrumb-separator\">&raquo;<\/span><span class=\"aioseo-breadcrumb\">\n\t\t\t<a href=\"https:\/\/olvasonaplo.net\/olvasonaplo\/category\/konyvajanlo\/\" title=\"K\u00f6nyvaj\u00e1nl\u00f3\">K\u00f6nyvaj\u00e1nl\u00f3<\/a>\n\t\t<\/span><span class=\"aioseo-breadcrumb-separator\">&raquo;<\/span><span class=\"aioseo-breadcrumb\">\n\t\t\t<a href=\"https:\/\/olvasonaplo.net\/olvasonaplo\/category\/konyvajanlo\/regeny\/\" title=\"Reg\u00e9ny\">Reg\u00e9ny<\/a>\n\t\t<\/span><span class=\"aioseo-breadcrumb-separator\">&raquo;<\/span><span class=\"aioseo-breadcrumb\">\n\t\t\tSarah MacLean: A B\u00e1tor \u00e9s a Herceg\n\t\t<\/span><\/div>","aioseo_breadcrumb_json":[{"label":"Home","link":"https:\/\/olvasonaplo.net\/olvasonaplo"},{"label":"K\u00f6nyvaj\u00e1nl\u00f3","link":"https:\/\/olvasonaplo.net\/olvasonaplo\/category\/konyvajanlo\/"},{"label":"Reg\u00e9ny","link":"https:\/\/olvasonaplo.net\/olvasonaplo\/category\/konyvajanlo\/regeny\/"},{"label":"Sarah MacLean: A B\u00e1tor \u00e9s a Herceg","link":"https:\/\/olvasonaplo.net\/olvasonaplo\/2025\/03\/13\/sarah-maclean-bator-es-herceg\/"}],"_links":{"self":[{"href":"https:\/\/olvasonaplo.net\/olvasonaplo\/wp-json\/wp\/v2\/posts\/33459568","targetHints":{"allow":["GET"]}}],"collection":[{"href":"https:\/\/olvasonaplo.net\/olvasonaplo\/wp-json\/wp\/v2\/posts"}],"about":[{"href":"https:\/\/olvasonaplo.net\/olvasonaplo\/wp-json\/wp\/v2\/types\/post"}],"author":[{"embeddable":true,"href":"https:\/\/olvasonaplo.net\/olvasonaplo\/wp-json\/wp\/v2\/users\/1"}],"replies":[{"embeddable":true,"href":"https:\/\/olvasonaplo.net\/olvasonaplo\/wp-json\/wp\/v2\/comments?post=33459568"}],"version-history":[{"count":6,"href":"https:\/\/olvasonaplo.net\/olvasonaplo\/wp-json\/wp\/v2\/posts\/33459568\/revisions"}],"predecessor-version":[{"id":33459596,"href":"https:\/\/olvasonaplo.net\/olvasonaplo\/wp-json\/wp\/v2\/posts\/33459568\/revisions\/33459596"}],"wp:featuredmedia":[{"embeddable":true,"href":"https:\/\/olvasonaplo.net\/olvasonaplo\/wp-json\/wp\/v2\/media\/33459569"}],"wp:attachment":[{"href":"https:\/\/olvasonaplo.net\/olvasonaplo\/wp-json\/wp\/v2\/media?parent=33459568"}],"wp:term":[{"taxonomy":"category","embeddable":true,"href":"https:\/\/olvasonaplo.net\/olvasonaplo\/wp-json\/wp\/v2\/categories?post=33459568"},{"taxonomy":"post_tag","embeddable":true,"href":"https:\/\/olvasonaplo.net\/olvasonaplo\/wp-json\/wp\/v2\/tags?post=33459568"},{"taxonomy":"book-author","embeddable":true,"href":"https:\/\/olvasonaplo.net\/olvasonaplo\/wp-json\/wp\/v2\/book-author?post=33459568"},{"taxonomy":"book-series","embeddable":true,"href":"https:\/\/olvasonaplo.net\/olvasonaplo\/wp-json\/wp\/v2\/book-series?post=33459568"},{"taxonomy":"book-publisher","embeddable":true,"href":"https:\/\/olvasonaplo.net\/olvasonaplo\/wp-json\/wp\/v2\/book-publisher?post=33459568"},{"taxonomy":"book-genre","embeddable":true,"href":"https:\/\/olvasonaplo.net\/olvasonaplo\/wp-json\/wp\/v2\/book-genre?post=33459568"},{"taxonomy":"book-source","embeddable":true,"href":"https:\/\/olvasonaplo.net\/olvasonaplo\/wp-json\/wp\/v2\/book-source?post=33459568"},{"taxonomy":"book-format","embeddable":true,"href":"https:\/\/olvasonaplo.net\/olvasonaplo\/wp-json\/wp\/v2\/book-format?post=33459568"}],"curies":[{"name":"wp","href":"https:\/\/api.w.org\/{rel}","templated":true}]}}