{"id":33457234,"date":"2021-10-08T19:02:02","date_gmt":"2021-10-08T17:02:02","guid":{"rendered":"http:\/\/olvasonaplo.net\/olvasonaplo\/?p=33457234"},"modified":"2021-10-11T19:35:07","modified_gmt":"2021-10-11T17:35:07","slug":"lorinc-laszlo-25-szelfi-felvilagosodas-korabol","status":"publish","type":"post","link":"https:\/\/olvasonaplo.net\/olvasonaplo\/2021\/10\/08\/lorinc-laszlo-25-szelfi-felvilagosodas-korabol\/","title":{"rendered":"L\u0151rinc L\u00e1szl\u00f3: 25 szelfi a Felvil\u00e1gosod\u00e1s kor\u00e1b\u00f3l"},"content":{"rendered":"<p><img fetchpriority=\"high\" decoding=\"async\" class=\"alignleft size-medium wp-image-33457236\" src=\"http:\/\/olvasonaplo.net\/olvasonaplo\/files\/\/2021\/10\/25szelfifelvilagosodas-300x415.jpg\" alt=\"\" width=\"300\" height=\"415\" srcset=\"https:\/\/olvasonaplo.net\/olvasonaplo\/files\/2021\/10\/25szelfifelvilagosodas-300x415.jpg 300w, https:\/\/olvasonaplo.net\/olvasonaplo\/files\/2021\/10\/25szelfifelvilagosodas-740x1024.jpg 740w, https:\/\/olvasonaplo.net\/olvasonaplo\/files\/2021\/10\/25szelfifelvilagosodas-768x1062.jpg 768w, https:\/\/olvasonaplo.net\/olvasonaplo\/files\/2021\/10\/25szelfifelvilagosodas.jpg 843w\" sizes=\"(max-width: 300px) 100vw, 300px\" \/>Nagyon kedvelem az olyan k\u00fcl\u00f6nleges gyerekeknek sz\u00f3l\u00f3 ismeretterjeszt\u0151 k\u00f6nyveket, amelyek egy j\u00f3 \u00f6tlettel sokkal k\u00f6zvetlenebb\u00fcl tudnak sz\u00f3lni a k\u00f6z\u00f6ns\u00e9g\u00fckh\u00f6z, mert j\u00f3val sikeresebbek lesznek a tud\u00e1s \u00e1tad\u00e1s\u00e1ban mint a j\u00f3val sz\u00e1razabb tank\u00f6nyvek. L\u0151rinc L\u00e1szl\u00f3 pedig p\u00e1r \u00e9ve kital\u00e1lt egy form<strong>u<\/strong>l\u00e1t, aminek a seg\u00edts\u00e9g\u00e9vel el tudta \u00e9rni, hogy \u00e9rdekes, izgalmas \u00e9s f\u0151leg vicces legyen a t\u00f6rt\u00e9nelem.<\/p>\n<p>Mert mi let<strong>t<\/strong> volna, ha m\u00e1r a r\u00e9giek is haszn\u00e1lt\u00e1k volna a k\u00f6z\u00f6ss\u00e9gi m\u00e9di\u00e1t \u00e9s a k\u00fcl\u00f6nb\u00f6z\u0151 esem\u00e9nyeket t\u00f6rt\u00e9neteket megossz\u00e1k ismer\u0151s\u00f6kkel, akik reag\u00e1lhatnak r\u00e1. \u00dagyhogy ebb\u0151l lett a A 25 szelfi az \u00c1rp\u00e1d-korb\u00f3l majd a 25 szelfi a t\u00f6r\u00f6k korb\u00f3l k\u00f6tetek, ahol a magyar t\u00f6rt\u00e9<strong>n<\/strong>elem neves \u00e9s kev\u00e9sb\u00e9 neves alakjai \u201el\u0151nek egy szelfit\u201d, kiteszik az internetre \u00e9s Facebook szer\u0171 kommenteket kapnak. Most pedig itt a folytat\u00e1s \u00e9s a fel<strong>v<\/strong>il\u00e1gosod\u00e1s idej\u00e9b\u0151l kapunk r\u00f6vid, frapp\u00e1ns pillanatk\u00e9peket, k\u00f6z\u00f6ss\u00e9gi m\u00e9dia st\u00edlus\u00fa h\u00edrfolyamot. A k\u00f6tet ott folytat\u00f3dik, ahol az el\u0151z\u0151 abbamaradt, azaz a t\u00f6r\u00f6k ki\u0171z\u00e9se ut\u00e1n, a R\u00e1k\u00f3czi-szabads\u00e1gharct\u00f3l az 1820-as \u00e9vekig mutat be t\u00f6rt\u00e9nelmi esem\u00e9nyeket \u00e9s szem\u00e9lyeket.<\/p>\n<p>A f<strong>e<\/strong>l\u00e9p\u00edt\u00e9s marad a <strong>sz<\/strong>ok\u00e1sos, a vid\u00e1m \u201erajzk\u00e9p szelfi\u201d ut\u00e1n j\u00f6n a bejegyz\u00e9s \u00e9s egy p\u00e1r oldalas p\u00e1rbesz\u00e9dfolyam, amelyben viccesen, k\u00f6nnyed\u00e9n m\u00e1r megtal\u00e1lhat\u00f3k a fontos t\u00f6rt\u00e9nelmi esem\u00e9nyek \u00e9s \u00f6sszef\u00fcgg\u00e9sek eleme<strong>i<\/strong>. Azt\u00e1n k\u00f6vetkezik egy r\u00f6vid magyar\u00e1zat L\u0151rinc L\u00e1szl\u00f3t\u00f3l, aki kifejti, hogy kik azok akik a megjegyz\u00e9seket tett\u00e9k, mi\u00e9rt fontos amit mondanak \u00e9s milyen is volt egym\u00e1shoz ezen emberek viszonya, azaz elhelyezi a t\u00f6rt\u00e9nelemben az adott esem\u00e9nyt. Ebben a k\u00f6tetben tal\u00e1n m\u00e9g t\u00f6bb p\u00e9ld\u00e1t kapunk a h\u00e9tk\u00f6znapi \u00e9letb\u0151l (k\u00fcl\u00f6n\u00f6sen \u00e9rdekes volt a betelep\u00edt\u00e9sr\u0151l sz\u00f3l\u00f3 r\u00e9sz, meg hogy jobb\u00e1gyokon kereszt\u00fcl t\u00e9nyleg betekinthett\u00fcnk abba, \u0151k hogyan \u00e9lhett\u00e9k meg a k\u00fcl\u00f6nb\u00f6z\u0151 rendelkez\u00e9seket, reformokat), meg a kultur\u00e1lis m\u00e9rf\u00f6ldk\u00f6vekr\u0151l, esem\u00e9nyekr\u0151l is (els\u0151 magyar sz\u00ednh\u00e1zi el\u0151ad\u00e1s, a Himnusz keletkez\u00e9se vagy \u00e9ppen a kisded\u00f3v\u00f3 megnyit\u00e1sa). K\u00fcl\u00f6n j\u00f3 pontot adok arra a megold\u00e1sra, hogy titkos csoportk\u00e9nt jelentkezett be az egyik s<strong>z<\/strong>abadk\u0151m\u0171ves p\u00e1holy, ahol \u00e1lneveket haszn\u00e1ltak a tagok \ud83d\ude0a<\/p>\n<p>Maguk a p\u00e1<strong>r<\/strong>besz\u00e9dpanelek is v\u00e1ltoztak, fejl\u0151dtek szerintem az el\u0151z\u0151 <strong>k<\/strong>\u00f6nyvekhez k\u00e9pest. Tal\u00e1n mert egyre komolyabbak a t\u00e9m\u00e1k \u00e9s a c\u00e9lk\u00f6z\u00f6ns\u00e9g is fejl\u0151dik, b\u00e1r tov\u00e1bbra is viccesek a bejegyz\u00e9sek a besz\u00f3l\u00e1sok m\u00e1r nem annyira a szlengre, hanem a frapp\u00e1ns dolgokra mennek r\u00e1. Nekem bej\u00f6ttek a magyar\/n\u00e9met sz\u00f3kevered\u00e9sek az \u00fcbercuki bl\u0151ds\u00e9gek pl. \ud83d\ude0a Egy\u00e9<strong>b<\/strong>k\u00e9nt lehet, hogy a c\u00e9lk\u00f6z\u00f6ns\u00e9g m\u00e1r nem annyira facebook felhaszn\u00e1l\u00f3, de a st\u00edlus, ami onnan indult eg\u00e9szen elterjedt a k\u00f6z\u00f6ss\u00e9gi m\u00e9di\u00e1ban \u00e9s majd minden platformon hasonl\u00f3 ritmusban folynak a p\u00e1rbesz\u00e9dek, kapnak bejegyz\u00e9sekre reakci\u00f3kat a posztokat \u00edr\u00f3k, azaz mindenki sz\u00e1m\u00e1ra ismer\u0151sek.<\/p>\n<p>Az el\u0151z\u0151 k\u00f6tetben bevezetett \u00faj\u00edt\u00e1s, a r\u00f6vid k\u00e9preg\u00e9ny itt is megjelent, illetve most m\u00e1<strong>r<\/strong> itt-ott meg lehet tal\u00e1lni nem csak L\u0151rinc L\u00e1szl\u00f3t, de az illusztr\u00e1ci\u00f3kat k\u00e9sz\u00edt\u0151 R\u00e1tkai Korn<strong>\u00e9<\/strong>lt is. \u00dagyhogy \u00e9n tov\u00e1bbra is kedvelem ezt a sorozatot, k\u00fcl\u00f6n\u00f6sen j\u00f3 \u00e9s egy\u00e1ltal\u00e1n nem er\u0151ltetett p\u00e9ld\u00e1ul az is, hogy t\u00e9nyleg mennyi mindent lehet tanulni az el\u0151djeinkt\u0151l akik k\u00f6z\u00f6tt sokan olyan probl\u00e9m\u00e1kkal k\u00fczdenek amivel a mai emberek is. \u00dagyhogy megint csak \u00f6r\u00fcl\u00f6k, hogy k\u00e9sz\u00fcl a k\u00f6vetkez\u0151 r\u00e9sz, amelyben 1830 \u00e9s 1900 k\u00f6z\u00f6tti izgalmas pillanatk\u00e9peket fogunk majd kapni.<\/p>\n<p><img decoding=\"async\" class=\"aligncenter size-full wp-image-33450538\" src=\"http:\/\/olvasonaplo.net\/olvasonaplo\/files\/\/2015\/11\/rating-9.gif\" alt=\"\" width=\"116\" height=\"12\" \/><\/p>\n<p><a href=\"http:\/\/www.blogturneklub.com\/2021\/10\/lorinc-laszlo-25-szelfi-felvilagosodas.html\"><img decoding=\"async\" class=\"aligncenter wp-image-33457235 size-large\" src=\"http:\/\/olvasonaplo.net\/olvasonaplo\/files\/\/2021\/10\/25felvilagosodasturnebanner-1024x494.jpg\" alt=\"\" width=\"843\" height=\"407\" srcset=\"https:\/\/olvasonaplo.net\/olvasonaplo\/files\/2021\/10\/25felvilagosodasturnebanner-1024x494.jpg 1024w, https:\/\/olvasonaplo.net\/olvasonaplo\/files\/2021\/10\/25felvilagosodasturnebanner-300x145.jpg 300w, https:\/\/olvasonaplo.net\/olvasonaplo\/files\/2021\/10\/25felvilagosodasturnebanner-768x371.jpg 768w, https:\/\/olvasonaplo.net\/olvasonaplo\/files\/2021\/10\/25felvilagosodasturnebanner.jpg 1160w\" sizes=\"(max-width: 843px) 100vw, 843px\" \/><\/a><\/p>\n<h5>Blogturn\u00e9<\/h5>\n<p>L\u0151rinc L\u00e1szl\u00f3 t\u00f6rt\u00e9nelemtan\u00e1r folytatja rendhagy\u00f3 ismeretterjeszt\u0151 sorozat\u00e1t, az \u00c1rp\u00e1d h\u00e1zi \u00e9s a t\u00f6r\u00f6k kori szelfik ut\u00e1n kider\u00fcl hogy vajon mit osztottak volna meg a k\u00f6z\u00f6ss\u00e9gi m\u00e9di\u00e1n a felvil\u00e1gosod\u00e1s idej\u00e9n \u00e9l\u0151 akalok \u00e9let\u00fck meghat\u00e1roz\u00f3 esem\u00e9nyeir\u0151l. A Kolibri Kiad\u00f3 gondoz\u00e1s\u00e1ban megjelent sz\u00f3rakoztat\u00f3 t\u00f6rt\u00e9nelemk\u00f6nyv alapvet\u0151en iskol\u00e1soknak k\u00e9sz\u00fclt de az id\u0151sebb gener\u00e1ci\u00f3 sz\u00e1m\u00e1ra is nagyon sz\u00f3rakoztat\u00f3 lehet. A blogturn\u00e9 h\u00e1rom \u00e1llom\u00e1s\u00e1n bloggereink is megosztj\u00e1k veletek, mit szerettek benne. J\u00e1tsszatok vel\u00fcnk, \u00e9s nyerjetek egy p\u00e9ld\u00e1nyt a k\u00f6tetb\u0151l!<\/p>\n<h5>F\u00fclsz\u00f6veg<\/h5>\n<p>Merj \u200ba magad \u00e9rtelm\u00e9re t\u00e1maszkodni! \u2013 sz\u00f3lt a felvil\u00e1gosod\u00e1s jelmondata, \u00e9s mi is erre b\u00e1tor\u00edtjuk az olvas\u00f3t: a nagy siker\u0171 25 szelfi-sorozat 3. k\u00f6tet\u00e9t is kritikus gondolkod\u00e1ssal forgassa (\u00e9s k\u00f6zben persze legyen nyitott a humorra). Ez\u00fattal a t\u00f6r\u00f6k ki\u0171z\u00e9se ut\u00e1ni 130 \u00e9v szerepl\u0151i l\u00e9pnek el\u00e9nk: akad k\u00f6z\u00f6tt\u00fck \u00e1tutaz\u00f3 m\u0171v\u00e9sz \u00e9s betelep\u00fcl\u0151 jobb\u00e1gy, a n\u00e9pre r\u00e1telep\u00fcl\u0151 \u00e9s a n\u00e9pet felemel\u0151 uralkod\u00f3, h\u00edres feltal\u00e1l\u00f3 \u00e9s gy\u00e1ri munk\u00e1s, forradalm\u00e1r \u00e9s \u00e1rul\u00f3 (aki n\u00e9ha egy \u00e9s ugyanaz a szem\u00e9ly).<br \/>\nKider\u00fcl p\u00e9ld\u00e1ul, mir\u0151l folytatott kommenth\u00e1bor\u00fat Kazinczy \u00e9s Bats\u00e1nyi, hogyan m\u0171k\u00f6d\u00f6tt Kempelen Farkas sakkautomat\u00e1ja, milyen praktik\u00e1kkal v\u00e9dekeztek eleink a pestis ellen, mi\u00e9rt kell Beethoven egyik m\u0171v\u00e9t szem\u00fcvegben el\u0151adni, milyen lelki\u00e1llapotban \u00edrta K\u00f6lcsey a Himnuszt, kik \u00fcltek a szabadk\u0151m\u0171vesek titkos p\u00e1holyaiban, elmes\u00e9lhet\u0151-e vajon II. R\u00e1k\u00f3czi Ferenc \u00e9s II. J\u00f3zsef \u00e9lete k\u00e9preg\u00e9nyben (el\u00e1ruljuk, igen).<br \/>\nA fejezetek v\u00e9g\u00e9n tal\u00e1lhat\u00f3 Hogy volt, hogy nem volt\u2026 nos, fel\u00e9r egy igazi megvil\u00e1gosod\u00e1ssal: itt der\u00fcl f\u00e9ny a kommentek igazs\u00e1gtartalm\u00e1ra \u00e9s a kommentel\u0151k szem\u00e9ly\u00e9re, egy izgalmas t\u00f6rt\u00e9nelmi kor esem\u00e9nyeinek fontos \u00f6sszef\u00fcgg\u00e9seire.<\/p>\n<p>Kiad\u00f3: Kolibri, 2021<br \/>\nOldalsz\u00e1m: 158 oldal<br \/>\nISBN: 9789634378013<br \/>\nIllusztr\u00e1lta: R\u00e1tkai Korn\u00e9l<br \/>\n<a href=\"https:\/\/kolibri.libricsoport.hu\/fooldal\/konyvek\/25-szelfi-a-felvilagosodas-korabol\/\" target=\"_blank\" rel=\"noopener\">Megrendel\u00e9s<\/a><\/p>\n<h5>Nyerem\u00e9nyj\u00e1t\u00e9k<\/h5>\n<p>Mostani feladv\u00e1nyunkban a k\u00f6nyv \u00e9s a felvil\u00e1gosod\u00e1s kor\u00e1nak egy-egy szerepl\u0151j\u00e9t b\u00fajtattuk el az \u00e9rt\u00e9kel\u00e9sek sorai k\u00f6z\u00e9. A feladatotok, hogy megtal\u00e1lj\u00e1tok a kiemelt bet\u0171ket, \u00e9s a helyes sorrendbe t\u00e9ve be\u00edrj\u00e1tok \u0151ket a rafflecopter doboz megfelel\u0151 hely\u00e9re.<\/p>\n<p>(Figyelem! A megfejt\u00e9seket elk\u00fcld\u00e9s ut\u00e1n nem \u00e1ll m\u00f3dunkban jav\u00edtani. A nyertesnek 72 \u00f3r\u00e1n bel\u00fcl v\u00e1laszolnia kell a ki\u00e9rtes\u00edt\u0151 e-mailre, ellenkez\u0151 esetben \u00faj nyertest sorsolunk. A kiad\u00f3 csak magyarorsz\u00e1gi c\u00edmre post\u00e1z.)<\/p>\n<p><a id=\"rcwidget_z7uut3u3\" class=\"rcptr\" href=\"http:\/\/www.rafflecopter.com\/rafl\/display\/66160b241742\/\" rel=\"nofollow\" data-raflid=\"66160b241742\" data-theme=\"classic\" data-template=\"\">a Rafflecopter giveaway<\/a><br \/>\n<script src=\"https:\/\/widget-prime.rafflecopter.com\/launch.js\"><\/script><\/p>\n<h6>\u00c1llom\u00e1slista<\/h6>\n<p>10.08. Olvas\u00f3napl\u00f3<br \/>\n10.09. <a href=\"https:\/\/konyvesmas.blogspot.com\/2021\/10\/25-szelfi-felvilagosodas-korabol.html\">K\u00f6nyv \u00e9s m\u00e1s<\/a><br \/>\n10.10. <a href=\"http:\/\/spiritblissoldala.blogspot.com\/2021\/10\/lorinc-laszlo-25-szelfi-felvilagosodas.html\">Spirit Bliss S\u00e1rga k\u00f6nyves \u00fat<\/a><\/p>\n","protected":false},"excerpt":{"rendered":"<p>Nagyon kedvelem az olyan k\u00fcl\u00f6nleges gyerekeknek sz\u00f3l\u00f3 ismeretterjeszt\u0151 k\u00f6nyveket, amelyek egy j\u00f3 \u00f6tlettel sokkal k\u00f6zvetlenebb\u00fcl tudnak sz\u00f3lni a k\u00f6z\u00f6ns\u00e9g\u00fckh\u00f6z, mert j\u00f3val sikeresebbek lesznek a tud\u00e1s \u00e1tad\u00e1s\u00e1ban mint a j\u00f3val sz\u00e1razabb tank\u00f6nyvek. L\u0151rinc L\u00e1szl\u00f3 pedig p\u00e1r \u00e9ve kital\u00e1lt egy formul\u00e1t, aminek a seg\u00edts\u00e9g\u00e9vel el tudta \u00e9rni, hogy \u00e9rdekes, izgalmas \u00e9s f\u0151leg vicces legyen a t\u00f6rt\u00e9nelem. Mert [&hellip;]<\/p>\n","protected":false},"author":1,"featured_media":33457236,"comment_status":"open","ping_status":"open","sticky":false,"template":"","format":"standard","meta":{"_monsterinsights_skip_tracking":false,"_monsterinsights_sitenote_active":false,"_monsterinsights_sitenote_note":"","_monsterinsights_sitenote_category":0,"site-sidebar-layout":"default","site-content-layout":"","ast-site-content-layout":"default","site-content-style":"default","site-sidebar-style":"default","ast-global-header-display":"","ast-banner-title-visibility":"","ast-main-header-display":"","ast-hfb-above-header-display":"","ast-hfb-below-header-display":"","ast-hfb-mobile-header-display":"","site-post-title":"","ast-breadcrumbs-content":"","ast-featured-img":"","footer-sml-layout":"","ast-disable-related-posts":"","theme-transparent-header-meta":"","adv-header-id-meta":"","stick-header-meta":"","header-above-stick-meta":"","header-main-stick-meta":"","header-below-stick-meta":"","astra-migrate-meta-layouts":"default","ast-page-background-enabled":"default","ast-page-background-meta":{"desktop":{"background-color":"var(--ast-global-color-5)","background-image":"","background-repeat":"repeat","background-position":"center center","background-size":"auto","background-attachment":"scroll","background-type":"","background-media":"","overlay-type":"","overlay-color":"","overlay-opacity":"","overlay-gradient":""},"tablet":{"background-color":"","background-image":"","background-repeat":"repeat","background-position":"center center","background-size":"auto","background-attachment":"scroll","background-type":"","background-media":"","overlay-type":"","overlay-color":"","overlay-opacity":"","overlay-gradient":""},"mobile":{"background-color":"","background-image":"","background-repeat":"repeat","background-position":"center center","background-size":"auto","background-attachment":"scroll","background-type":"","background-media":"","overlay-type":"","overlay-color":"","overlay-opacity":"","overlay-gradient":""}},"ast-content-background-meta":{"desktop":{"background-color":"var(--ast-global-color-4)","background-image":"","background-repeat":"repeat","background-position":"center center","background-size":"auto","background-attachment":"scroll","background-type":"","background-media":"","overlay-type":"","overlay-color":"","overlay-opacity":"","overlay-gradient":""},"tablet":{"background-color":"var(--ast-global-color-4)","background-image":"","background-repeat":"repeat","background-position":"center center","background-size":"auto","background-attachment":"scroll","background-type":"","background-media":"","overlay-type":"","overlay-color":"","overlay-opacity":"","overlay-gradient":""},"mobile":{"background-color":"var(--ast-global-color-4)","background-image":"","background-repeat":"repeat","background-position":"center center","background-size":"auto","background-attachment":"scroll","background-type":"","background-media":"","overlay-type":"","overlay-color":"","overlay-opacity":"","overlay-gradient":""}},"footnotes":""},"categories":[221,997,39,165,54,14,267,4,229,1464,127],"tags":[],"book-author":[1373,1484],"book-series":[],"book-publisher":[],"book-genre":[],"book-source":[],"book-format":[],"class_list":["post-33457234","post","type-post","status-publish","format-standard","has-post-thumbnail","hentry","category-221","category-blogturne","category-ferfi_iro","category-gyerekpolc","category-ifjusagi","category-ismeretterjeszto","category-konyvajanlo","category-magyarul","category-olvastam","category-1464","category-tortenelmi","book-author-lorinc-laszlo","book-author-ratkai-kornel"],"aioseo_notices":[],"_links":{"self":[{"href":"https:\/\/olvasonaplo.net\/olvasonaplo\/wp-json\/wp\/v2\/posts\/33457234","targetHints":{"allow":["GET"]}}],"collection":[{"href":"https:\/\/olvasonaplo.net\/olvasonaplo\/wp-json\/wp\/v2\/posts"}],"about":[{"href":"https:\/\/olvasonaplo.net\/olvasonaplo\/wp-json\/wp\/v2\/types\/post"}],"author":[{"embeddable":true,"href":"https:\/\/olvasonaplo.net\/olvasonaplo\/wp-json\/wp\/v2\/users\/1"}],"replies":[{"embeddable":true,"href":"https:\/\/olvasonaplo.net\/olvasonaplo\/wp-json\/wp\/v2\/comments?post=33457234"}],"version-history":[{"count":5,"href":"https:\/\/olvasonaplo.net\/olvasonaplo\/wp-json\/wp\/v2\/posts\/33457234\/revisions"}],"predecessor-version":[{"id":33457242,"href":"https:\/\/olvasonaplo.net\/olvasonaplo\/wp-json\/wp\/v2\/posts\/33457234\/revisions\/33457242"}],"wp:featuredmedia":[{"embeddable":true,"href":"https:\/\/olvasonaplo.net\/olvasonaplo\/wp-json\/wp\/v2\/media\/33457236"}],"wp:attachment":[{"href":"https:\/\/olvasonaplo.net\/olvasonaplo\/wp-json\/wp\/v2\/media?parent=33457234"}],"wp:term":[{"taxonomy":"category","embeddable":true,"href":"https:\/\/olvasonaplo.net\/olvasonaplo\/wp-json\/wp\/v2\/categories?post=33457234"},{"taxonomy":"post_tag","embeddable":true,"href":"https:\/\/olvasonaplo.net\/olvasonaplo\/wp-json\/wp\/v2\/tags?post=33457234"},{"taxonomy":"book-author","embeddable":true,"href":"https:\/\/olvasonaplo.net\/olvasonaplo\/wp-json\/wp\/v2\/book-author?post=33457234"},{"taxonomy":"book-series","embeddable":true,"href":"https:\/\/olvasonaplo.net\/olvasonaplo\/wp-json\/wp\/v2\/book-series?post=33457234"},{"taxonomy":"book-publisher","embeddable":true,"href":"https:\/\/olvasonaplo.net\/olvasonaplo\/wp-json\/wp\/v2\/book-publisher?post=33457234"},{"taxonomy":"book-genre","embeddable":true,"href":"https:\/\/olvasonaplo.net\/olvasonaplo\/wp-json\/wp\/v2\/book-genre?post=33457234"},{"taxonomy":"book-source","embeddable":true,"href":"https:\/\/olvasonaplo.net\/olvasonaplo\/wp-json\/wp\/v2\/book-source?post=33457234"},{"taxonomy":"book-format","embeddable":true,"href":"https:\/\/olvasonaplo.net\/olvasonaplo\/wp-json\/wp\/v2\/book-format?post=33457234"}],"curies":[{"name":"wp","href":"https:\/\/api.w.org\/{rel}","templated":true}]}}