{"id":33456584,"date":"2020-09-04T18:59:06","date_gmt":"2020-09-04T16:59:06","guid":{"rendered":"http:\/\/olvasonaplo.net\/olvasonaplo\/?p=33456584"},"modified":"2020-09-04T18:59:06","modified_gmt":"2020-09-04T16:59:06","slug":"kiersten-white-darken-lada-dracul-egy-sotet-lelek","status":"publish","type":"post","link":"https:\/\/olvasonaplo.net\/olvasonaplo\/2020\/09\/04\/kiersten-white-darken-lada-dracul-egy-sotet-lelek\/","title":{"rendered":"Kiersten White: And I Darken &#8211; Lada Dracul \u2013 egy s\u00f6t\u00e9t l\u00e9lek"},"content":{"rendered":"<p><img fetchpriority=\"high\" decoding=\"async\" class=\"alignleft size-medium wp-image-33456588\" src=\"http:\/\/olvasonaplo.net\/olvasonaplo\/files\/\/2020\/09\/and-i-darken-borito-300x450.jpg\" alt=\"\" width=\"300\" height=\"450\" srcset=\"https:\/\/olvasonaplo.net\/olvasonaplo\/files\/2020\/09\/and-i-darken-borito-300x450.jpg 300w, https:\/\/olvasonaplo.net\/olvasonaplo\/files\/2020\/09\/and-i-darken-borito-682x1024.jpg 682w, https:\/\/olvasonaplo.net\/olvasonaplo\/files\/2020\/09\/and-i-darken-borito.jpg 699w\" sizes=\"(max-width: 300px) 100vw, 300px\" \/>A nemcser\u00e9l\u0151s sztorik, amikor egy eredetileg f\u00e9rfi karaktert n\u0151vel j\u00e1tszatnak el (vagy ford\u00edtva) nagyon bej\u00f6nnek mostan\u00e1ban nekem. Nemr\u00e9g olvastam Sherry Thomas <a href=\"https:\/\/www.goodreads.com\/series\/176858-lady-sherlock\">Lady Sherlock sorozat\u00e1<\/a>nak els\u0151 k\u00e9t r\u00e9sz\u00e9t (igen, ahol Sherlock Holmes n\u0151), amir\u0151l az egyik <a href=\"https:\/\/popkultcsajoksatobbi.wordpress.com\/2020\/08\/17\/a-study-in-scarlet-women-readalong-a-171-epizod\/\">podcast ad\u00e1sunkban<\/a> besz\u00e9lgett\u00fcnk. Ut\u00e1na pedig k\u00f6vetkezett Kiersten White reg\u00e9nye, amir\u0151l annyit tudtam, hogy benne Dracula n\u0151 lesz, \u00fagyhogy nagyon v\u00e1rtam a sztorit. Azonban kicsit m\u00e1sra sz\u00e1m\u00edtottam, mert ugyan a reg\u00e9ny igaz\u00e1b\u00f3l fantasy, de nem az\u00e9rt, mert Bram Stroker sztorij\u00e1nak Dracul\u00e1j\u00e1t b\u00fajtatja szokny\u00e1ban, hanem mert elk\u00e9pzeli, hogy Vlad Tepes nem f\u00e9rfinek, hanem n\u0151nek sz\u00fcletik.<\/p>\n<p>Havasalf\u00f6ld uralkod\u00f3j\u00e1nak, II. Vladnak \u00faj feles\u00e9g\u00e9t\u0151l els\u0151re l\u00e1nya sz\u00fcletik aki m\u00e9g csak nem is sz\u00e9p de az\u00e9rt megkapja az apai n\u00e9v n\u0151ies\u00edtett v\u00e1ltozat\u00e1t, \u00edgy lesz bel\u0151le Vladiszlava, akit mindenki Lad\u00e1nak bec\u00e9z. M\u00e1sodikk\u00e9nt m\u00e1r egy csod\u00e1s kisfi\u00fa l\u00e1tja majd meg a napvil\u00e1got, Radu, aki k\u00e9s\u0151bb megkapja a J\u00f3k\u00e9p\u0171 becenevet. Lada \u00fagy n\u0151 fel, hogy szomjazik apja elismer\u00e9s\u00e9re, s tudja, hogy n\u0151k\u00e9nt egyed\u00fcl a k\u00fclsej\u00e9vel boldogulhat, \u00e1m mivel nem sz\u00e9p, s\u0151t kimondottan cs\u00fany\u00e1nak tartja \u0151t mindenki, \u00fagy viselkedik, ahogy azt elv\u00e1rn\u00e1k egy els\u0151sz\u00fcl\u00f6tt\u0151l, ha az fi\u00fa. \u00a0S b\u00e1r kiv\u00edvja apja elismer\u00e9s\u00e9t, ez m\u00e9gse akad\u00e1lyozza meg II. Vladot abban, hogy amikor t\u00e1mogat\u00e1st k\u00e9r a T\u00f6r\u00f6k birodalom fej\u00e9t\u0151l, s a szult\u00e1n seg\u00edts\u00e9ge fej\u00e9ben t\u00faszul mag\u00e1n\u00e1l tartja a gyerekeit, k\u00f6nnyed\u00e9n h\u00e1trahagyja Lad\u00e1t \u00e9s Radut a drin\u00e1polyi udvarban. A k\u00e9t gyerek teh\u00e1t ott n\u0151 fel, az Oszm\u00e1n Birodalom k\u00f6zep\u00e9n: Lada gy\u0171l\u00f6li a t\u00f6r\u00f6k birodalmat, amely a haz\u00e1j\u00e1t annyira mark\u00e1ban tartja, a janics\u00e1rokkal l\u00f3g \u00e9s v\u00e9rszomjas harcos lesz bel\u0151le, m\u00edg a gyeng\u00e9debb Radu az Iszl\u00e1m vall\u00e1sban tal\u00e1l nyugalmat. Hamarosan azonban mindkettej\u00fck \u00e9let\u00e9be bel\u00e9p egy \u00fajabb szerepl\u0151: Mehmed, a szult\u00e1n harmadik fia, aki \u00f6sszebar\u00e1tkozik a k\u00e9t Drakul\u00e1val, s h\u00e1rman egy\u00fctt pr\u00f3b\u00e1lnak meg z\u00f6ld \u00e1gra verg\u0151dni a politikai csat\u00e1roz\u00e1sokban, hab\u00e1r mindh\u00e1rmuk mozgat\u00f3rug\u00f3ja m\u00e1s \u00e9s m\u00e1s&#8230;<\/p>\n<p>Ez k\u00e9rem egy alternat\u00edv t\u00f6rt\u00e9nelmi reg\u00e9ny, sz\u00f3val sehol semmi misztikum \u00e9s v\u00e9rsz\u00edv\u00e1s. Viszont van egy mag\u00e1val ragad\u00f3 h\u0151sn\u0151, s term\u00e9szetesen az eg\u00e9sz reg\u00e9ny fogadtat\u00e1sa azon \u00e1ll vagy bukik, hogy az olvas\u00f3 mennyire tudja elfogadni Lad\u00e1t, aki egy\u00e1ltal\u00e1n nem a szerethet\u0151, ifj\u00fas\u00e1gi fantasykben megszokott j\u00f3 \u00fcgy\u00e9rt harcol\u00f3 csaj. \u0150 m\u00e1r a kezdetekt\u0151l vad, n\u00e9ha kimondottan gonosz, makacsul szembemegy mindenf\u00e9le korabeli norm\u00e1val, de nagyon er\u0151s l\u00e1nggal lobog, ami mindent felem\u00e9szt, bele\u00e9rtve saj\u00e1t mag\u00e1t is. S ha az embernek van egy kis eml\u00e9ke, t\u00f6rt\u00e9nelmi tanulm\u00e1nyaib\u00f3l, hogy mi is t\u00f6rt\u00e9nt Havasalf\u00f6ld\u00f6n \u00e9s Vlad Tepessel (az igazival\ud83d\ude0a), akkor tudja, hogy a sztori hova fog kifutni.*\u00a0 S abszol\u00fat meg\u00e1gyaz ennek Kiersten White Lada karakter\u00e9vel, aki fittyet h\u00e1ny a nemi szerepekre, fura \u00e9rdekl\u0151d\u00e9st mutat a kar\u00f3ba h\u00faz\u00e1s ir\u00e1nt, s a c\u00e9lja, hogy a haz\u00e1j\u00e1t megv\u00e9dje \u00e9s felvir\u00e1goztassa .\u00a0 Folyamatosan konfliktusban van \u00e9ppen ez\u00e9rt saj\u00e1t mag\u00e1val is, mert gy\u0171l\u00f6li a t\u00f6r\u00f6k\u00f6ket, de Mehmed\u00e9rt az \u00e9let\u00e9t adn\u00e1&#8230; ak\u00e1rcsak Radu, s ez a k\u00f6z\u00f6s benn\u00fck. Kettej\u00fck testv\u00e9ri dinamik\u00e1ja is roppant \u00f6sszetett. Lada az id\u0151sebb, r\u00e1termett, aki mag\u00e1ra veszi, hogy a gyeng\u00e9bbet, a csal\u00e1dot v\u00e9delmezni kell, s nem akarja elvesz\u00edteni egyetlen term\u00e9szetes sz\u00f6vets\u00e9ges\u00e9t, az \u00f6ccs\u00e9t. Radu feln\u00e9z r\u00e1 \u00e9s elismeri \u0151t, de hi\u00e1ba pr\u00f3b\u00e1lkozik nem tud k\u00f6z\u00f6s hangot tal\u00e1lni vele. A t\u00f6r\u00f6k udvar intrik\u00e1i k\u00f6z\u00f6tt a k\u00e9t Drakula gyerek m\u00e1sk\u00e9ppen v\u00e9di meg a poz\u00edci\u00f3j\u00e1t: Lada mindig r\u00e9sen van, t\u0151r a k\u00e9zben, el\u0151bb sz\u00far azt\u00e1n k\u00e9rdez, Radu pedig sz\u00fcletett diplomata, \u00fagyhogy nan\u00e1, Mehmed a saj\u00e1t jav\u00e1ra ford\u00edtja k\u00e9t bar\u00e1tja tehets\u00e9g\u00e9t.<\/p>\n<p>Nem r\u00f6vid, de olvasm\u00e1nyos reg\u00e9ny volt, egyszer\u0171en t\u00e9nyleg faltam a sorokat, mert \u00e9rdekelt, mi t\u00f6rt\u00e9nik. S ami m\u00e9g a magyar olvas\u00f3knak szerintem kedves lehet, hogy j\u00f3les\u0151en megborzong az ember, valah\u00e1nyszor Hunyadit emlegetik, m\u00e1rpedig sokszor sz\u00f3ba ker\u00fclt a neve. Igaz\u00e1b\u00f3l sz\u00e1momra m\u00e9g az is nagyon bej\u00f6tt, hogy a vil\u00e1g, amiben j\u00e1tsz\u00f3dik, kedvenc gyerekkori korszakomat id\u00e9zi, hiszen \u00e9n im\u00e1dtam az <a href=\"https:\/\/www.goodreads.com\/book\/show\/15841222\">Egri csillagok<\/a>at, <a href=\"https:\/\/www.goodreads.com\/book\/show\/848351\">A kopp\u00e1nyi aga testamentum\u00e1<\/a>t \u00e9s <a href=\"https:\/\/www.goodreads.com\/book\/show\/10349046\">A besz\u00e9l\u0151 k\u00f6nt\u00f6s<\/a>t. Nagyon rem\u00e9lem, hogy a k\u00e9t k\u00f6vetkez\u0151 r\u00e9sz is megjelenik magyarul, mert nagyon \u00e9rdekel, milyen \u00edvet fognak bej\u00e1rni a szerepl\u0151k<\/p>\n<p>*Ha pedig nem, akkor gyorsan \u00e1tn\u00e9zi a vonatkoz\u00f3 wikip\u00e9dia oldalt<\/p>\n<p><img decoding=\"async\" class=\"alignleft size-full wp-image-33450538\" src=\"http:\/\/olvasonaplo.net\/olvasonaplo\/files\/\/2015\/11\/rating-9.gif\" alt=\"\" width=\"116\" height=\"12\" \/><\/p>\n<p>&nbsp;<\/p>\n<p><img decoding=\"async\" class=\"aligncenter size-full wp-image-33456590\" src=\"http:\/\/olvasonaplo.net\/olvasonaplo\/files\/\/2020\/09\/idarkenturnebanner.jpg\" alt=\"\" width=\"800\" height=\"464\" srcset=\"https:\/\/olvasonaplo.net\/olvasonaplo\/files\/2020\/09\/idarkenturnebanner.jpg 800w, https:\/\/olvasonaplo.net\/olvasonaplo\/files\/2020\/09\/idarkenturnebanner-300x174.jpg 300w, https:\/\/olvasonaplo.net\/olvasonaplo\/files\/2020\/09\/idarkenturnebanner-768x445.jpg 768w\" sizes=\"(max-width: 800px) 100vw, 800px\" \/><\/p>\n<h5>Blogturn\u00e9<\/h5>\n<p>A napokban jelent meg Kiersten White zseni\u00e1lis reg\u00e9nye, az And I Darken. A k\u00f6nyvr\u0151l a Blogturn\u00e9 Klub bloggerei mes\u00e9lnek, \u00e9s ha szerencs\u00e9s vagy, nyerhetsz is egy p\u00e9ld\u00e1nyt a k\u00f6tetb\u0151l.<\/p>\n<h5>F\u00fclsz\u00f6veg<\/h5>\n<p>Milyen lett volna Drakula, ha n\u0151nek sz\u00fcletik?<\/p>\n<p>Egy hercegn\u0151t\u0151l senki nem v\u00e1r k\u00edm\u00e9letlens\u00e9get, Lada Dracul m\u00e9gis ezt ny\u00fajtja. A l\u00e1nyt szel\u00edd term\u00e9szet\u0171 \u00f6ccs\u00e9vel egy\u00fctt elszak\u00edtott\u00e1k sz\u00fcl\u0151f\u00f6ldj\u00e9t\u0151l, Havasalf\u00f6ldt\u0151l, apjuk elhagyta \u0151ket, \u00edgy a t\u00f6r\u00f6k szult\u00e1n udvar\u00e1ban nevelkedve megtanulja, hogy a t\u00fal\u00e9l\u00e9s z\u00e1loga a k\u00edm\u00e9letlens\u00e9g. \u00d6ccs\u00e9vel, Raduval egy\u00fctt j\u00e1t\u00e9kszerek csup\u00e1n egy gonosz j\u00e1tszm\u00e1ban, \u00e9s egy l\u00e1thatatlan kard f\u00fcgg egy hajsz\u00e1lon a fej\u00fck felett. Sz\u00e1rmaz\u00e1suk k\u00fcl\u00f6nlegess\u00e9 teszi \u0151ket, de emiatt c\u00e9lpontul is szolg\u00e1lnak.<\/p>\n<p>Lada gy\u0171l\u00f6li a t\u00f6r\u00f6k\u00f6ket, \u00e9s v\u00e1rja a napot, amikor bossz\u00fat \u00e1llhat rajtuk \u2013 amint visszat\u00e9rhet Havasalf\u00f6ldre \u00e9s megszerezheti a tr\u00f3nt, ami megilleti. Radu csak egy biztons\u00e1gos helyre v\u00e1gyik. Amikor tal\u00e1lkoznak Mehmeddel, a szult\u00e1n dacos \u00e9s mag\u00e1nyos fi\u00e1val, Radu \u00fagy \u00e9rzi, szem\u00e9ly\u00e9ben h\u0171 bar\u00e1tra tal\u00e1lt, Lada pedig benne l\u00e1tja azt a fi\u00fat, aki \u00e9rdemes az \u0151 szenved\u00e9lyes \u00e9rzelmeire.<\/p>\n<p>De Mehmed annak a birodalomnak a tr\u00f3n\u00f6r\u00f6k\u00f6se, ami ellen Lada harcot esk\u00fcd\u00f6tt, \u00e9s amit Radu m\u00e1r az otthon\u00e1nak tekint. Vajon mi lesz \u00edgy a sorsuk?<br \/>\nVajon mennyit b\u00edr ki a szerelem \u00e9s a h\u0171s\u00e9g fonala?<\/p>\n<p>Oldalsz\u00e1m: 488<br \/>\nK\u00f6t\u00e9st\u00edpus: karton\u00e1lt<br \/>\nKiad\u00f3: K\u00f6nyvmolyk\u00e9pz\u0151 Kiad\u00f3 Kft.<br \/>\nEredeti c\u00edm: And I Darken<br \/>\nFord\u00edt\u00f3: Hetesy Szilvia<br \/>\nISBN: 9789634576990<br \/>\n<a href=\"https:\/\/konyvmolykepzo.hu\/products-page\/konyv\/kiersten-white-lada-drakula-egy-sotet-lelek-8467?ap_id=lobo1tomia\" target=\"_blank\" rel=\"noopener\">Megrendel\u00e9s<\/a><\/p>\n<h5>Nyerem\u00e9nyj\u00e1t\u00e9k<\/h5>\n<p>A t\u00f6rt\u00e9net nagy r\u00e9sz\u00e9ben az oszm\u00e1n birodalomban j\u00e1runk, ahol a t\u00f6r\u00f6k\u00f6k politikai fogolyk\u00e9nt tartj\u00e1k a f\u0151h\u0151seinket.<br \/>\n\u00cdgy a mostani j\u00e1t\u00e9kunk is az oszm\u00e1n birodalomra hegyez\u0151dik ki. Minden \u00e1llom\u00e1son egy olyan h\u00edres \u00e9p\u00fclet k\u00e9p\u00e9t tal\u00e1lj\u00e1tok meg, ami olyan v\u00e1rosban tal\u00e1lhat\u00f3, amit valamikor elfoglaltak a t\u00f6r\u00f6k\u00f6k..<br \/>\nA feladatod, hogy be\u00edrd a rafflecopter doboz megfelel\u0151 sor\u00e1ba, hogy melyik v\u00e1rosban tal\u00e1lhat\u00f3 az adott \u00e9p\u00fclet \ud83d\ude42<\/p>\n<p><em>Figyelem! A megfejt\u00e9seket elk\u00fcld\u00e9s ut\u00e1n nem \u00e1ll m\u00f3dunkban jav\u00edtani. A nyertesnek 72 \u00f3r\u00e1n bel\u00fcl v\u00e1laszolnia kell a ki\u00e9rtes\u00edt\u0151 emailre, ellenkez\u0151 esetben \u00faj nyertest sorsolunk. A kiad\u00f3 csak magyarorsz\u00e1gi c\u00edmre post\u00e1z.<\/em><\/p>\n<h6>Feladv\u00e1nyom<\/h6>\n<p><img loading=\"lazy\" decoding=\"async\" class=\"aligncenter size-medium wp-image-33456589\" src=\"http:\/\/olvasonaplo.net\/olvasonaplo\/files\/\/2020\/09\/Idarkenjatek-300x225.jpg\" alt=\"\" width=\"300\" height=\"225\" srcset=\"https:\/\/olvasonaplo.net\/olvasonaplo\/files\/2020\/09\/Idarkenjatek-300x225.jpg 300w, https:\/\/olvasonaplo.net\/olvasonaplo\/files\/2020\/09\/Idarkenjatek-768x576.jpg 768w, https:\/\/olvasonaplo.net\/olvasonaplo\/files\/2020\/09\/Idarkenjatek.jpg 1024w\" sizes=\"(max-width: 300px) 100vw, 300px\" \/><br \/>\n<a id=\"rcwidget_pwr21iq9\" class=\"rcptr\" href=\"http:\/\/www.rafflecopter.com\/rafl\/display\/66160b241418\/\" rel=\"nofollow\" data-raflid=\"66160b241418\" data-theme=\"classic\" data-template=\"\">a Rafflecopter giveaway<\/a><br \/>\n<script src=\"https:\/\/widget-prime.rafflecopter.com\/launch.js\"><\/script><\/p>\n<h6>\u00c1llom\u00e1slista<\/h6>\n<p>09.03. &#8211; <a href=\"http:\/\/sorok-kozott.hu\/2020\/09\/konyvkritika-kiersten-white-and-i-darken-lada-dracul-egy-sotet-lelek\/\" target=\"_blank\" rel=\"noopener\">Sorok K\u00f6z\u00f6tt<\/a><br \/>\n09.04. &#8211; Olvas\u00f3napl\u00f3<br \/>\n09.06. &#8211; Sorok K\u00f6z\u00f6tt extra \u00e1llom\u00e1s<br \/>\n09.08. &#8211; Ut\u00f3sz\u00f3<br \/>\n09.10. &#8211; Fanni&#8217;s Library<br \/>\n09.12. &#8211; Ut\u00f3sz\u00f3 extra \u00e1llom\u00e1s<br \/>\n09.14. &#8211; K\u00f6nyv \u00e9s m\u00e1s<br \/>\n09.16. &#8211; Deszy k\u00f6nyvaj\u00e1nl\u00f3ja<br \/>\n09.18. &#8211; Dreamworld<\/p>\n","protected":false},"excerpt":{"rendered":"<p>A nemcser\u00e9l\u0151s sztorik, amikor egy eredetileg f\u00e9rfi karaktert n\u0151vel j\u00e1tszatnak el (vagy ford\u00edtva) nagyon bej\u00f6nnek mostan\u00e1ban nekem. Nemr\u00e9g olvastam Sherry Thomas Lady Sherlock sorozat\u00e1nak els\u0151 k\u00e9t r\u00e9sz\u00e9t (igen, ahol Sherlock Holmes n\u0151), amir\u0151l az egyik podcast ad\u00e1sunkban besz\u00e9lgett\u00fcnk. Ut\u00e1na pedig k\u00f6vetkezett Kiersten White reg\u00e9nye, amir\u0151l annyit tudtam, hogy benne Dracula n\u0151 lesz, \u00fagyhogy nagyon v\u00e1rtam [&hellip;]<\/p>\n","protected":false},"author":1,"featured_media":33456588,"comment_status":"open","ping_status":"open","sticky":false,"template":"","format":"standard","meta":{"_monsterinsights_skip_tracking":false,"_monsterinsights_sitenote_active":false,"_monsterinsights_sitenote_note":"","_monsterinsights_sitenote_category":0,"site-sidebar-layout":"default","site-content-layout":"","ast-site-content-layout":"default","site-content-style":"default","site-sidebar-style":"default","ast-global-header-display":"","ast-banner-title-visibility":"","ast-main-header-display":"","ast-hfb-above-header-display":"","ast-hfb-below-header-display":"","ast-hfb-mobile-header-display":"","site-post-title":"","ast-breadcrumbs-content":"","ast-featured-img":"","footer-sml-layout":"","ast-disable-related-posts":"","theme-transparent-header-meta":"","adv-header-id-meta":"","stick-header-meta":"","header-above-stick-meta":"","header-main-stick-meta":"","header-below-stick-meta":"","astra-migrate-meta-layouts":"default","ast-page-background-enabled":"default","ast-page-background-meta":{"desktop":{"background-color":"var(--ast-global-color-5)","background-image":"","background-repeat":"repeat","background-position":"center center","background-size":"auto","background-attachment":"scroll","background-type":"","background-media":"","overlay-type":"","overlay-color":"","overlay-opacity":"","overlay-gradient":""},"tablet":{"background-color":"","background-image":"","background-repeat":"repeat","background-position":"center center","background-size":"auto","background-attachment":"scroll","background-type":"","background-media":"","overlay-type":"","overlay-color":"","overlay-opacity":"","overlay-gradient":""},"mobile":{"background-color":"","background-image":"","background-repeat":"repeat","background-position":"center center","background-size":"auto","background-attachment":"scroll","background-type":"","background-media":"","overlay-type":"","overlay-color":"","overlay-opacity":"","overlay-gradient":""}},"ast-content-background-meta":{"desktop":{"background-color":"var(--ast-global-color-4)","background-image":"","background-repeat":"repeat","background-position":"center center","background-size":"auto","background-attachment":"scroll","background-type":"","background-media":"","overlay-type":"","overlay-color":"","overlay-opacity":"","overlay-gradient":""},"tablet":{"background-color":"var(--ast-global-color-4)","background-image":"","background-repeat":"repeat","background-position":"center center","background-size":"auto","background-attachment":"scroll","background-type":"","background-media":"","overlay-type":"","overlay-color":"","overlay-opacity":"","overlay-gradient":""},"mobile":{"background-color":"var(--ast-global-color-4)","background-image":"","background-repeat":"repeat","background-position":"center center","background-size":"auto","background-attachment":"scroll","background-type":"","background-media":"","overlay-type":"","overlay-color":"","overlay-opacity":"","overlay-gradient":""}},"footnotes":""},"categories":[220,997,54,267,4,35,1398,6,127],"tags":[],"book-author":[1417],"book-series":[],"book-publisher":[286],"book-genre":[],"book-source":[],"book-format":[],"class_list":["post-33456584","post","type-post","status-publish","format-standard","has-post-thumbnail","hentry","category-220","category-blogturne","category-ifjusagi","category-konyvajanlo","category-magyarul","category-noi_iro","category-1398","category-regeny","category-tortenelmi","book-author-kiersten-white","book-publisher-konyvmolykepzo"],"aioseo_notices":[],"_links":{"self":[{"href":"https:\/\/olvasonaplo.net\/olvasonaplo\/wp-json\/wp\/v2\/posts\/33456584","targetHints":{"allow":["GET"]}}],"collection":[{"href":"https:\/\/olvasonaplo.net\/olvasonaplo\/wp-json\/wp\/v2\/posts"}],"about":[{"href":"https:\/\/olvasonaplo.net\/olvasonaplo\/wp-json\/wp\/v2\/types\/post"}],"author":[{"embeddable":true,"href":"https:\/\/olvasonaplo.net\/olvasonaplo\/wp-json\/wp\/v2\/users\/1"}],"replies":[{"embeddable":true,"href":"https:\/\/olvasonaplo.net\/olvasonaplo\/wp-json\/wp\/v2\/comments?post=33456584"}],"version-history":[{"count":4,"href":"https:\/\/olvasonaplo.net\/olvasonaplo\/wp-json\/wp\/v2\/posts\/33456584\/revisions"}],"predecessor-version":[{"id":33456592,"href":"https:\/\/olvasonaplo.net\/olvasonaplo\/wp-json\/wp\/v2\/posts\/33456584\/revisions\/33456592"}],"wp:featuredmedia":[{"embeddable":true,"href":"https:\/\/olvasonaplo.net\/olvasonaplo\/wp-json\/wp\/v2\/media\/33456588"}],"wp:attachment":[{"href":"https:\/\/olvasonaplo.net\/olvasonaplo\/wp-json\/wp\/v2\/media?parent=33456584"}],"wp:term":[{"taxonomy":"category","embeddable":true,"href":"https:\/\/olvasonaplo.net\/olvasonaplo\/wp-json\/wp\/v2\/categories?post=33456584"},{"taxonomy":"post_tag","embeddable":true,"href":"https:\/\/olvasonaplo.net\/olvasonaplo\/wp-json\/wp\/v2\/tags?post=33456584"},{"taxonomy":"book-author","embeddable":true,"href":"https:\/\/olvasonaplo.net\/olvasonaplo\/wp-json\/wp\/v2\/book-author?post=33456584"},{"taxonomy":"book-series","embeddable":true,"href":"https:\/\/olvasonaplo.net\/olvasonaplo\/wp-json\/wp\/v2\/book-series?post=33456584"},{"taxonomy":"book-publisher","embeddable":true,"href":"https:\/\/olvasonaplo.net\/olvasonaplo\/wp-json\/wp\/v2\/book-publisher?post=33456584"},{"taxonomy":"book-genre","embeddable":true,"href":"https:\/\/olvasonaplo.net\/olvasonaplo\/wp-json\/wp\/v2\/book-genre?post=33456584"},{"taxonomy":"book-source","embeddable":true,"href":"https:\/\/olvasonaplo.net\/olvasonaplo\/wp-json\/wp\/v2\/book-source?post=33456584"},{"taxonomy":"book-format","embeddable":true,"href":"https:\/\/olvasonaplo.net\/olvasonaplo\/wp-json\/wp\/v2\/book-format?post=33456584"}],"curies":[{"name":"wp","href":"https:\/\/api.w.org\/{rel}","templated":true}]}}