{"id":33455998,"date":"2019-12-02T20:04:40","date_gmt":"2019-12-02T18:04:40","guid":{"rendered":"http:\/\/olvasonaplo.net\/olvasonaplo\/?p=33455998"},"modified":"2019-12-02T20:07:34","modified_gmt":"2019-12-02T18:07:34","slug":"sarah-rose-legendas-lanyok","status":"publish","type":"post","link":"https:\/\/olvasonaplo.net\/olvasonaplo\/2019\/12\/02\/sarah-rose-legendas-lanyok\/","title":{"rendered":"Sarah Rose: Legend\u00e1s l\u00e1nyok"},"content":{"rendered":"<p><img fetchpriority=\"high\" decoding=\"async\" class=\"alignleft size-medium wp-image-33456001\" src=\"http:\/\/olvasonaplo.net\/olvasonaplo\/files\/\/2019\/12\/legendaslanyok-300x462.jpg\" alt=\"\" width=\"300\" height=\"462\" srcset=\"https:\/\/olvasonaplo.net\/olvasonaplo\/files\/2019\/12\/legendaslanyok-300x462.jpg 300w, https:\/\/olvasonaplo.net\/olvasonaplo\/files\/2019\/12\/legendaslanyok-768x1183.jpg 768w, https:\/\/olvasonaplo.net\/olvasonaplo\/files\/2019\/12\/legendaslanyok-665x1024.jpg 665w, https:\/\/olvasonaplo.net\/olvasonaplo\/files\/2019\/12\/legendaslanyok.jpg 1000w\" sizes=\"(max-width: 300px) 100vw, 300px\" \/>Igaz\u00e1b\u00f3l megint csak <a href=\"http:\/\/olvasonaplo.net\/olvasonaplo\/2015\/07\/01\/elizabeth-wein-fedoneve-verity\/\" target=\"_blank\" rel=\"noopener\">Elizabeth Wein: Fed\u0151neve: Verity<\/a> c\u00edm\u0171 reg\u00e9ny\u00e9hez kell visszany\u00falnom, hiszen ott olvastam el\u0151sz\u00f6r olyan k\u00e9mn\u0151kr\u0151l, <strong>a<\/strong>kiket hivatalosan is beszerveztek. Ugyanis a m\u00e1sodik vil\u00e1gh\u00e1bor\u00fa sor\u00e1n fordul el\u0151 legel\u0151sz\u00f6r ilyen a t\u00f6rt\u00e9nelemben, hogy a n\u0151ket kik\u00e9pezt\u00e9k \u00e9s feladatokkal b\u00edzt\u00e1k meg. Persze kor\u00e1bban is k\u00e9mkedtek, de sose ennyien \u00e9s ilyen had\u00e1szatilag, kik\u00e9pz\u00e9sekkel t\u00e1mogatott h\u00e1tt<strong>\u00e9<\/strong>rrel. Mindig \u00fagy gondolt\u00e1k a h\u00e1bor\u00fat v\u00edv\u00f3 f\u00e9rfiak, hogy \u0151k pont a n\u0151k\u00e9rt \u00e9s gyerekek\u00e9rt harcolnak, ne szennyezz\u00e9k be magukat az ide\u00e1lok. Sok\u00e1ig nem is lehetett tudni ezekr\u0151l az oper\u00e1ci\u00f3kr\u00f3l, hiszen sz\u00f6rnyen titkosak voltak. Sarah Rose aki oknyomoz\u00f3 \u00fajs\u00e1g\u00edr\u00f3, bele\u00e1sta mag\u00e1t a t\u00e9m\u00e1ba \u00e9s a titkos\u00edt\u00e1s al\u00f3l kiker\u00fclt dosszi\u00e9kban kutatott, interj\u00fakat k\u00e9sz\u00edtett, s \u00f6ssze\u00e1ll\u00edtotta ezt a k\u00f6tetet.<br \/>\nM\u00e1rpedig a Normandiai partrasz\u00e1ll\u00e1s el\u0151<strong>k<\/strong>\u00e9sz\u00edt\u00e9s\u00e9ben nagyon komoly szerepet kaptak a n\u0151k, akik a francia ellen\u00e1ll\u00e1st seg\u00edtett\u00e9k, s akik brit \u00e1llampolg\u00e1rok voltak. A K\u00fcl\u00f6nleges Hadm\u0171veletek V\u00e9grehajt\u00f3 Egyes\u00fclet\u00e9nek (Special Operations Executive &#8211; SOE) volt a feladata, hogy titkos tev\u00e9kenys\u00e9geket folytassanak ellens\u00e9g \u00e1ltal megsz\u00e1llt ter\u00fcleteken. Itt mer\u00fclt fel, hogy n\u0151ket alkalmazzanak, akik kiv\u00e1l\u00f3an besz\u00e9ltek franci\u00e1ul, be tudtak illeszkedni az ellens\u00e9ges vonalak m\u00f6g\u00f6tti \u00e9letbe, s k\u00e9pzettek voltak annyira, hogy tudjanak seg\u00edteni. T\u00f6bb n\u0151t is sikeresen vettek fel a SOE-hoz, ezek k\u00f6z\u00fcl egy maroknyira koncentr\u00e1l Rose a k\u00f6tet\u00e9ben, amely azonban el\u00e9gg\u00e9 j\u00f3l megmutatja, hogy <strong>m<\/strong>\u00e9gis mire k\u00e9pezt\u00e9k ki \u0151ket \u00e9s milyen feladatokat hajtottak v\u00e9gre. Az angliai k\u00e9pz\u00e9st k\u00f6vet\u0151en ellens\u00e9ges vonalak m\u00f6g\u00e9 ker\u00fcltek h\u00e1t, volt akiket ejt\u0151erny\u0151vel dobt<strong>a<\/strong>k le \u00e9s vid\u00e9ken, kisebb v\u00e1rosokban vagy \u00e9ppen P\u00e1rizsban a megsz\u00e1ll\u00f3k orra el\u0151tt kellett dolgozniuk.<br \/>\nSeg\u00edtett\u00e9k az ellen\u00e1ll\u00e1st, pil\u00f3t\u00e1kat menek\u00edtettek vissza angol partokra, szabot\u00e1zs akci\u00f3kat szerveztek, \u00fczeneteket tov\u00e1bb\u00edtottak \u00e9s \u00e1ltal\u00e1ban \u00f6sszek\u00f6t\u0151 szerepet j\u00e1tszottak, de seg\u00edtettek vonats\u00ednek felrobbant\u00e1s\u00e1ban, helyi ellen\u00e1ll\u00f3 szerveket hoztak l\u00e9tre, fontos adatokat szedtek \u00f6ssze \u00e9s gyak<strong>r<\/strong>an tartott\u00e1k a lelket is az ellen\u00e1ll\u00e1sban. \u00cdgy lett nagyon fontos a szerep\u00fck a partrasz\u00e1ll\u00e1s el\u0151k\u00e9sz\u00edt\u00e9s\u00e9ben, ami a fordul\u00f3pontot jelentette a m\u00e1s<strong>o<\/strong>dik vil\u00e1gh\u00e1bor\u00faban. A n\u0151k r\u00e1ad\u00e1sul nagy el\u0151nyben voltak f\u00e9rfi koll\u00e9g\u00e1ikkal szemben, hiszen kevesen gyanakodtak a h\u00e1bor\u00fas \u00f6zvegyekre, a kismam\u00e1kra vagy \u00e9ppen iskol\u00e1s l\u00e1nyokra, akik szabadon biciklizgethettek \u00e9s felm\u00e9rhett\u00e9k a vid\u00e9ket lesz\u00e1ll\u00f3helyeket t\u00e9rk\u00e9pezve fel, vagy \u00e9ppen fontos \u00fczeneteket tov\u00e1bb\u00edtottak. Egy mag\u00e1nyosan s\u00e9t\u00e1lgat\u00f3 pasas sokkal ink\u00e1bb t\u0171nt g<strong>y<\/strong>an\u00fasnak, mint egy l\u00e1ny.<br \/>\nA n\u0151k, akikr\u0151l Rose \u00edr k\u00fcl\u00f6nb\u00f6z\u0151 h\u00e1tt\u00e9rrel rendelkeztek m\u00e1s-m\u00e1s feladatuk volt az offenz\u00edva el\u0151k\u00e9sz\u00edt\u00e9s\u00e9ben \u00e9s <strong>m<\/strong>\u00e1sk\u00e9pp is hajtott\u00e1k v\u00e9gre a feladataikat: mindenki a saj\u00e1t v\u00e9rm\u00e9rs\u00e9klet\u00e9hez h\u00edven.<br \/>\nNagyon \u00e9rdekfesz\u00edt\u0151 volt a munk\u00e1jukr\u00f3l olvasni, de m\u00e9g ink\u00e1bb izgalmas volt, hogy Rose nem hagyta abba a t\u00f6rt\u00e9netet 1944 nyar\u00e1n, hanem k\u00f6vethetj\u00fck azt is, hogy mi t\u00f6rt\u00e9nt a n\u0151kkel, akiknek l\u00e1thatatlan tev\u00e9kenys\u00e9ge olyan nagy seg\u00edts\u00e9g volt. \u00dagyhogy kider\u00fcl bizony, me<strong>n<\/strong>nyire szexista volt a hadsereg, s hogy akkoriban bizony nem volt n<strong>e<\/strong>ve, nem hogy kezel\u00e9si m\u00f3dja a poszttraum\u00e1s stressznek, amiben nem kevesen szenvedtek, legal\u00e1bbis a felt\u00e1rt t\u00fcnetek alapj\u00e1n.<br \/>\nHelen Rose nagyon alapos kutat\u00e1st v\u00e9gzett, n\u00e9hol igencsak s\u0171r\u0171 a k\u00f6nyv, tele van adatokkal \u00e9s magyar\u00e1zattal, l\u00e1b<strong>j<\/strong>egyzetekkel, a bibliogr\u00e1fia el\u00e9g nagy \u00e9s j\u00f3 az indexe is a k\u00f6nyvnek. Amit kimondottan szeretek a t\u00e9nyirodalomn\u00e1l, mert magam is ut\u00e1nan\u00e9zhetek inform\u00e1ci\u00f3knak a seg\u00edts\u00e9g\u00e9vel. Ugyanakkor pont az\u00e9rt, mert a szerz\u0151 \u00fajs\u00e1g\u00edr\u00f3 igaz\u00e1b\u00f3l roppant olvasm\u00e1nyos is a k\u00f6tet. Az a t\u00edpus, amire azt szoktuk mondani, hogy olyan mint egy reg\u00e9ny, pedig minden ami t\u00f6rt\u00e9nt ezekkel az emberekkel val\u00f3s esem\u00e9ny, nem v\u00e9letlen m\u0171ve a hasonl\u00f3s\u00e1g. S\u0151t.<br \/>\nSz\u00f3val tov\u00e1bbra is nagyon \u00f6r\u00fcl\u00f6k, hogy a n\u0151k szerepe a h\u00e1bor\u00faban egyre nagyobb teret kap, nem csak reg\u00e9nyek de alapos kutat\u00e1ssal megt\u00e1mogatott, m\u00e9gis sz\u00e9lesebb k\u00f6z\u00f6ns\u00e9gnek sz\u00f3l\u00f3 nonfikci\u00f3k is jelennek meg a t\u00e9m\u00e1ban.<br \/>\nNagyon k\u00edv\u00e1ncsi voltam a Legend\u00e1s l\u00e1nyok t\u00f6rt\u00e9net\u00e9re \u00e9s nem csal\u00f3dtam: mindenki akit megismerhettem k\u00f6z\u00fcl\u00f6k t\u00e9nyleg elk\u00e9peszt\u0151en b\u00e1tor \u00e9s elk\u00f6telezett volt, s b\u00e1r sokan nem kapt\u00e1k meg az \u0151ket megillet\u0151 elismer\u00e9st, s\u0151t titokban is kellett tartani tetteiket, az\u00e9rt legal\u00e1bb most <strong>f<\/strong>\u00e9ny der\u00fclt arra, micsoda h\u0151s\u00f6k voltak.<\/p>\n<p><a href=\"http:\/\/www.blogturneklub.com\/2019\/12\/sarah-rose-legendas-lanyok.html\"><img decoding=\"async\" class=\"aligncenter wp-image-33456000 size-large\" src=\"http:\/\/olvasonaplo.net\/olvasonaplo\/files\/\/2019\/12\/legendaslanyokbanner-1024x576.jpg\" alt=\"\" width=\"1024\" height=\"576\" srcset=\"https:\/\/olvasonaplo.net\/olvasonaplo\/files\/2019\/12\/legendaslanyokbanner-1024x576.jpg 1024w, https:\/\/olvasonaplo.net\/olvasonaplo\/files\/2019\/12\/legendaslanyokbanner-300x169.jpg 300w, https:\/\/olvasonaplo.net\/olvasonaplo\/files\/2019\/12\/legendaslanyokbanner-768x432.jpg 768w, https:\/\/olvasonaplo.net\/olvasonaplo\/files\/2019\/12\/legendaslanyokbanner.jpg 1920w\" sizes=\"(max-width: 1024px) 100vw, 1024px\" \/><\/a><\/p>\n<h5>Blogturn\u00e9<\/h5>\n<p>A Legend\u00e1s l\u00e1nyok sok\u00e1ig elhallgatott t\u00e9nyek voltak, m\u00e9lyen eltemetve a brit katonai h\u00edrszerz\u00e9s akt\u00e1i k\u00f6z\u00f6tt. De Sarah Rose alaposan ut\u00e1naj\u00e1rt \u00e9s meg\u00edrta a t\u00f6rt\u00e9net\u00fcket, mi pedig a Partvonal Kiad\u00f3 j\u00f3volt\u00e1b\u00f3l megismerhetj\u00fck ezeket a nagyszer\u0171 n\u0151ket, akik seg\u00edtett\u00e9k a Normandiai partrasz\u00e1ll\u00e1st. Tartsatok a turn\u00e9n vel\u00fcnk, hogy ti is t\u00f6bbet tudjatok meg a nagy nap meg nem \u00e9nekelt h\u0151seir\u0151l \u00e9s ha j\u00e1tszotok a bloggerekkel, m\u00e9g a k\u00f6nyvet is megnyerhetitek.<\/p>\n<h5>F\u00fclsz\u00f6veg<\/h5>\n<p>Izgalmas k\u00e9mt\u00f6rt\u00e9netek tele romantik\u00e1val, k\u00fczdelemmel, k\u00f3dnevekkel, felrobbantott vonatokkal, b\u00e1tors\u00e1ggal \u00e9s sok-sok \u00e1rul\u00e1ssal &#8211; a Legend\u00e1s l\u00e1nyok igaz t\u00f6rt\u00e9neteib\u0151l kider\u00fcl, mire k\u00e9pesek a n\u0151k, ha nemes \u00fcgy\u00e9rt kell harcba sz\u00e1llni. A k\u00f6tet szerz\u0151je, Sarah Rose a brit titkosszolg\u00e1lat k\u00fcl\u00f6nleges egys\u00e9g\u00e9nek hossz\u00fa id\u0151re titkos\u00edtott dokumentumait dolgozta fel. Az egyed\u00fcl\u00e1ll\u00f3 iratok, napl\u00f3k, szem\u00e9lyes besz\u00e1mol\u00f3k olyan hadm\u0171veletekr\u0151l sz\u00f3lnak, amelyek sor\u00e1n fiatal n\u0151ket k\u00e9peztek ki arra, hogy a frontvonal m\u00f6g\u00e9 \u00e1tdobva a megsz\u00e1llt Franciaorsz\u00e1g ter\u00fclet\u00e9n seg\u00edts\u00e9k az ellen\u00e1ll\u00e1s tev\u00e9kenys\u00e9g\u00e9t. Az \u00e9let\u00fcket nap mint nap kock\u00e1ra tev\u0151 fiatal ellen\u00e1ll\u00f3k pontosan tudt\u00e1k, mi v\u00e1r r\u00e1juk, ha a Gestapo kezei k\u00f6z\u00e9 ker\u00fclnek &#8211; ami sajnos t\u00f6bb esetben be is k\u00f6vetkezett. \u00c1m ennek dac\u00e1ra a b\u00e1tor n\u0151k igyekeztek kitartani a fed\u0151t\u00f6rt\u00e9net\u00fck mellett, \u00e9s pr\u00f3b\u00e1lt\u00e1k meg\u00faszni a letart\u00f3ztat\u00e1st, vagy elviselni a k\u00ednz\u00e1sokat. Feladatk\u00f6r\u00fckbe tartozott, hogy fogadj\u00e1k \u00e9s rejtegess\u00e9k a folyamatosan \u00e9rkez\u0151 szabot\u0151r honfit\u00e1rsaikat, akad\u00e1lyozz\u00e1k a n\u00e1cik hadm\u0171veleteit, valamint inform\u00e1ci\u00f3kkal l\u00e1ss\u00e1k el a titkosszolg\u00e1latot &#8211; \u00edgy a l\u00e1nyok igen fontos szerepet kaptak a pontosan hetven\u00f6t \u00e9vvel ezel\u0151tti partrasz\u00e1ll\u00e1s, az \u00fan. D-nap el\u0151k\u00e9sz\u00edt\u00e9s\u00e9ben is.<\/p>\n<p>328 oldal \u00b7 ISBN: 9786155783869 \u00b7 Ford\u00edtotta: Striker Judit<br \/>\n<a href=\"https:\/\/www.lira.hu\/hu\/jcbs\/139477659\" target=\"_blank\" rel=\"noopener\">Megrendel\u00e9s<\/a><\/p>\n<h5>Nyerem\u00e9nyj\u00e1t\u00e9k<\/h5>\n<p>Mivel a titkos oper\u00e1ci\u00f3k sor\u00e1n mindent \u00e9s mindenkit k\u00f3dn\u00e9vvel, m\u00e1s sz\u00f3val illettek, ezeket keress\u00fck a bejegyz\u00e9sekben is. Minden \u00e1llom\u00e1son egy k\u00f3dk\u00e9nt haszn\u00e1lt sz\u00f3t tal\u00e1ltok elrejtve. Tegy\u00e9tek \u00f6ssze a bet\u0171ket \u00e9s az \u00edgy kapott szavakat \u00edrj\u00e1tok be a megfelel\u0151 sorokba.<\/p>\n<p><em>Figyelem! A kiad\u00f3 csak Magyarorsz\u00e1g ter\u00fclet\u00e9re post\u00e1z, a nyerteseket e-mailben \u00e9rtes\u00edtj\u00fck. Amennyiben 72 \u00f3r\u00e1n bel\u00fcl nem jelentkezik a szerencs\u00e9s, \u00fajabb nyertest sorsolunk.<\/em>\u0171<\/p>\n<p><a class=\"rcptr\" href=\"http:\/\/www.rafflecopter.com\/rafl\/display\/66160b241240\/\" rel=\"nofollow\" data-raflid=\"66160b241240\" data-theme=\"classic\" data-template=\"\" id=\"rcwidget_xs4rj6fo\">a Rafflecopter giveaway<\/a><br \/>\n<script src=\"https:\/\/widget-prime.rafflecopter.com\/launch.js\"><\/script><\/p>\n<h6>A turn\u00e9 \u00e1llom\u00e1sai<\/h6>\n<p>12.02. Olvas\u00f3napl\u00f3<br \/>\n12.04 K\u00f6nyvvil\u00e1g<br \/>\n12.06 A szofisztik\u00e1lt macska<br \/>\n12.08 Ut\u00f3sz\u00f3<\/p>\n","protected":false},"excerpt":{"rendered":"<p>Igaz\u00e1b\u00f3l megint csak Elizabeth Wein: Fed\u0151neve: Verity c\u00edm\u0171 reg\u00e9ny\u00e9hez kell visszany\u00falnom, hiszen ott olvastam el\u0151sz\u00f6r olyan k\u00e9mn\u0151kr\u0151l, akiket hivatalosan is beszerveztek. Ugyanis a m\u00e1sodik vil\u00e1gh\u00e1bor\u00fa sor\u00e1n fordul el\u0151 legel\u0151sz\u00f6r ilyen a t\u00f6rt\u00e9nelemben, hogy a n\u0151ket kik\u00e9pezt\u00e9k \u00e9s feladatokkal b\u00edzt\u00e1k meg. Persze kor\u00e1bban is k\u00e9mkedtek, de sose ennyien \u00e9s ilyen had\u00e1szatilag, kik\u00e9pz\u00e9sekkel t\u00e1mogatott h\u00e1tt\u00e9rrel. Mindig \u00fagy [&hellip;]<\/p>\n","protected":false},"author":1,"featured_media":33456001,"comment_status":"open","ping_status":"open","sticky":false,"template":"","format":"standard","meta":{"_monsterinsights_skip_tracking":false,"_monsterinsights_sitenote_active":false,"_monsterinsights_sitenote_note":"","_monsterinsights_sitenote_category":0,"site-sidebar-layout":"default","site-content-layout":"","ast-site-content-layout":"default","site-content-style":"default","site-sidebar-style":"default","ast-global-header-display":"","ast-banner-title-visibility":"","ast-main-header-display":"","ast-hfb-above-header-display":"","ast-hfb-below-header-display":"","ast-hfb-mobile-header-display":"","site-post-title":"","ast-breadcrumbs-content":"","ast-featured-img":"","footer-sml-layout":"","ast-disable-related-posts":"","theme-transparent-header-meta":"","adv-header-id-meta":"","stick-header-meta":"","header-above-stick-meta":"","header-main-stick-meta":"","header-below-stick-meta":"","astra-migrate-meta-layouts":"default","ast-page-background-enabled":"default","ast-page-background-meta":{"desktop":{"background-color":"var(--ast-global-color-5)","background-image":"","background-repeat":"repeat","background-position":"center center","background-size":"auto","background-attachment":"scroll","background-type":"","background-media":"","overlay-type":"","overlay-color":"","overlay-opacity":"","overlay-gradient":""},"tablet":{"background-color":"","background-image":"","background-repeat":"repeat","background-position":"center center","background-size":"auto","background-attachment":"scroll","background-type":"","background-media":"","overlay-type":"","overlay-color":"","overlay-opacity":"","overlay-gradient":""},"mobile":{"background-color":"","background-image":"","background-repeat":"repeat","background-position":"center center","background-size":"auto","background-attachment":"scroll","background-type":"","background-media":"","overlay-type":"","overlay-color":"","overlay-opacity":"","overlay-gradient":""}},"ast-content-background-meta":{"desktop":{"background-color":"var(--ast-global-color-4)","background-image":"","background-repeat":"repeat","background-position":"center center","background-size":"auto","background-attachment":"scroll","background-type":"","background-media":"","overlay-type":"","overlay-color":"","overlay-opacity":"","overlay-gradient":""},"tablet":{"background-color":"var(--ast-global-color-4)","background-image":"","background-repeat":"repeat","background-position":"center center","background-size":"auto","background-attachment":"scroll","background-type":"","background-media":"","overlay-type":"","overlay-color":"","overlay-opacity":"","overlay-gradient":""},"mobile":{"background-color":"var(--ast-global-color-4)","background-image":"","background-repeat":"repeat","background-position":"center center","background-size":"auto","background-attachment":"scroll","background-type":"","background-media":"","overlay-type":"","overlay-color":"","overlay-opacity":"","overlay-gradient":""}},"footnotes":""},"categories":[221,997,14,4,35,1298,127],"tags":[],"book-author":[1392],"book-series":[],"book-publisher":[718],"book-genre":[],"book-source":[],"book-format":[],"class_list":["post-33455998","post","type-post","status-publish","format-standard","has-post-thumbnail","hentry","category-221","category-blogturne","category-ismeretterjeszto","category-magyarul","category-noi_iro","category-1298","category-tortenelmi","book-author-sarah-rose","book-publisher-partvonal"],"aioseo_notices":[],"_links":{"self":[{"href":"https:\/\/olvasonaplo.net\/olvasonaplo\/wp-json\/wp\/v2\/posts\/33455998","targetHints":{"allow":["GET"]}}],"collection":[{"href":"https:\/\/olvasonaplo.net\/olvasonaplo\/wp-json\/wp\/v2\/posts"}],"about":[{"href":"https:\/\/olvasonaplo.net\/olvasonaplo\/wp-json\/wp\/v2\/types\/post"}],"author":[{"embeddable":true,"href":"https:\/\/olvasonaplo.net\/olvasonaplo\/wp-json\/wp\/v2\/users\/1"}],"replies":[{"embeddable":true,"href":"https:\/\/olvasonaplo.net\/olvasonaplo\/wp-json\/wp\/v2\/comments?post=33455998"}],"version-history":[{"count":8,"href":"https:\/\/olvasonaplo.net\/olvasonaplo\/wp-json\/wp\/v2\/posts\/33455998\/revisions"}],"predecessor-version":[{"id":33456009,"href":"https:\/\/olvasonaplo.net\/olvasonaplo\/wp-json\/wp\/v2\/posts\/33455998\/revisions\/33456009"}],"wp:featuredmedia":[{"embeddable":true,"href":"https:\/\/olvasonaplo.net\/olvasonaplo\/wp-json\/wp\/v2\/media\/33456001"}],"wp:attachment":[{"href":"https:\/\/olvasonaplo.net\/olvasonaplo\/wp-json\/wp\/v2\/media?parent=33455998"}],"wp:term":[{"taxonomy":"category","embeddable":true,"href":"https:\/\/olvasonaplo.net\/olvasonaplo\/wp-json\/wp\/v2\/categories?post=33455998"},{"taxonomy":"post_tag","embeddable":true,"href":"https:\/\/olvasonaplo.net\/olvasonaplo\/wp-json\/wp\/v2\/tags?post=33455998"},{"taxonomy":"book-author","embeddable":true,"href":"https:\/\/olvasonaplo.net\/olvasonaplo\/wp-json\/wp\/v2\/book-author?post=33455998"},{"taxonomy":"book-series","embeddable":true,"href":"https:\/\/olvasonaplo.net\/olvasonaplo\/wp-json\/wp\/v2\/book-series?post=33455998"},{"taxonomy":"book-publisher","embeddable":true,"href":"https:\/\/olvasonaplo.net\/olvasonaplo\/wp-json\/wp\/v2\/book-publisher?post=33455998"},{"taxonomy":"book-genre","embeddable":true,"href":"https:\/\/olvasonaplo.net\/olvasonaplo\/wp-json\/wp\/v2\/book-genre?post=33455998"},{"taxonomy":"book-source","embeddable":true,"href":"https:\/\/olvasonaplo.net\/olvasonaplo\/wp-json\/wp\/v2\/book-source?post=33455998"},{"taxonomy":"book-format","embeddable":true,"href":"https:\/\/olvasonaplo.net\/olvasonaplo\/wp-json\/wp\/v2\/book-format?post=33455998"}],"curies":[{"name":"wp","href":"https:\/\/api.w.org\/{rel}","templated":true}]}}