{"id":33455981,"date":"2019-12-01T19:31:30","date_gmt":"2019-12-01T17:31:30","guid":{"rendered":"http:\/\/olvasonaplo.net\/olvasonaplo\/?p=33455981"},"modified":"2024-12-01T18:00:48","modified_gmt":"2024-12-01T16:00:48","slug":"tervek-2019-decemberere","status":"publish","type":"post","link":"https:\/\/olvasonaplo.net\/olvasonaplo\/2019\/12\/01\/tervek-2019-decemberere\/","title":{"rendered":"Tervek 2019 december\u00e9re"},"content":{"rendered":"<p>Szok\u00e1s szerint December az egyetlen h\u00f3nap, amikor <a href=\"http:\/\/olvasonaplo.net\/olvasonaplo\/tag\/tervek\/\">igazi tervek<\/a>et tudok k\u00e9sz\u00edteni, s\u0151t tartom is magam hozz\u00e1juk. Az elm\u00falt \u00e9vekben pont az\u00e9rt, mert vannak visszat\u00e9r\u0151 feladataim \u00e9s rovataim erre a h\u00f3napra, illetve a Blogturn\u00e9 Klub miatt komolyan kell venni a reciket is, eg\u00e9szen ritk\u00e1n r\u00fagom fel ezeket. T\u00f6bbnyire csak a V\u00e1r\u00f3listacs\u00f6kkent\u00e9sem befejez\u00e9s\u00e9vel szoktam elmaradni. De n\u00e9zz\u00fck csak, mivel is k\u00e9sz\u00fcl\u00f6k a k\u00f6vetkez\u0151 30 napban.<\/p>\n<p><img fetchpriority=\"high\" decoding=\"async\" class=\"aligncenter size-large wp-image-33455988\" src=\"http:\/\/olvasonaplo.net\/olvasonaplo\/files\/\/2019\/12\/Decemberitervek-1024x1024.jpg\" alt=\"\" width=\"1024\" height=\"1024\" srcset=\"https:\/\/olvasonaplo.net\/olvasonaplo\/files\/2019\/12\/Decemberitervek-1024x1024.jpg 1024w, https:\/\/olvasonaplo.net\/olvasonaplo\/files\/2019\/12\/Decemberitervek-150x150.jpg 150w, https:\/\/olvasonaplo.net\/olvasonaplo\/files\/2019\/12\/Decemberitervek-300x300.jpg 300w, https:\/\/olvasonaplo.net\/olvasonaplo\/files\/2019\/12\/Decemberitervek-768x768.jpg 768w, https:\/\/olvasonaplo.net\/olvasonaplo\/files\/2019\/12\/Decemberitervek.jpg 1080w\" sizes=\"(max-width: 1024px) 100vw, 1024px\" \/><\/p>\n<ul>\n<li>Kezdj\u00fck a legfontosabbal, ami a legt\u00f6bb embert \u00e9rdekel: V\u00e1r\u00f3lista cs\u00f6kkent\u00e9s. Igen, indulni fog megint, most pontosan <strong>december 16<\/strong>-\u00e1n. Tudom m\u00e1r t\u0171k\u00f6n \u00fclve v\u00e1rja mindenki, de \u00edgy is lesz b\u0151 k\u00e9t h\u00e9t jelentkezni r\u00e1, hogy 2020-ban nekiv\u00e1ghassatok. S megtartom az elm\u00falt \u00e9vekben bevezetett\u00a0<a href=\"http:\/\/olvasonaplo.net\/olvasonaplo\/2018\/12\/15\/varolista-csokkentes-2019\/\" target=\"_blank\" rel=\"noopener\">v\u00e1ltoztat\u00e1sokat<\/a>, mert kevesebb gondot okozott: a v\u00e1logatott k\u00f6nyvek megjelen\u00e9se legfeljebb 2018 lehet. Addig is lehet n\u00e9zel\u0151dni \u00e9s ismerkedni (\u00fajaknak pl.) a <a href=\"http:\/\/olvasonaplo.net\/olvasonaplo\/2018\/12\/15\/varolista-csokkentes-2019\/\" target=\"_blank\" rel=\"noopener\">szab\u00e1lyok<\/a>kal \u00e9s persze ne felejtsen el <a href=\"https:\/\/goo.gl\/forms\/DpOBODP746oRP87C2\">jelentkezni<\/a> aki m\u00e1r letudta.<\/li>\n<li>A kar\u00e1csonyi k\u00f6nyvaj\u00e1nl\u00f3 is imm\u00e1r hagyom\u00e1nyosan, a <a href=\"https:\/\/popkultcsajoksatobbi.wordpress.com\/2014\/12\/04\/kedves-mikulas-a-23-resz\/\" target=\"_blank\" rel=\"noopener\">Popkult, csajok, sat\u00f6bbi<\/a> podcast-ban lesz, a december\u00a0 9-\u00e9n, h\u00e9tf\u0151n megjelen\u0151 ad\u00e1sban.<\/li>\n<li>Eg\u00e9sz \u00e9vben folyamatosan gy\u0171jt\u00f6m az aj\u00e1nd\u00e9k\u00f6tleteket k\u00f6nyvmolyoknak, hogy ne csak k\u00f6nyvet kapjanak.\u00a0<a href=\"http:\/\/olvasonaplo.net\/olvasonaplo\/2018\/12\/13\/ajandek-otletek\/\" target=\"_blank\" rel=\"noopener\">Kor\u00e1bbi v\u00e1logat\u00e1sok<\/a>\u00a0nagy r\u00e9sze m\u00e9g mindig j\u00f3 inspir\u00e1ci\u00f3, illetve a\u00a0 vonatkoz\u00f3\u00a0<a href=\"https:\/\/pinterest.com\/lobo1tomia\/bookish-gifts\/\" target=\"_blank\" rel=\"noopener\">Pinterest<\/a>\u00a0oldalam is b\u0151v\u00fclt tavaly \u00f3ta.<\/li>\n<li>Hamarosan ki fogom k\u00fcldeni a k\u00e9rd\u0151\u00edvet azoknak, akik jelentkeztek a felh\u00edv\u00e1somra, hogy k\u00e9sz\u00edts\u00fcnk <a href=\"http:\/\/olvasonaplo.net\/olvasonaplo\/2019\/09\/27\/az-evtized-konyvei-2010-2019\/\" target=\"_blank\" rel=\"noopener\">\u00c9vtized legjobbjai<\/a> list\u00e1t \ud83d\ude42<\/li>\n<li>Ami az olvas\u00e1sokat illeti, id\u00e9n kiv\u00e9telesen nem kell loholnom, mert m\u00e1r <a href=\"http:\/\/olvasonaplo.net\/olvasonaplo\/2019\/08\/09\/masodik-hatos\/\">v\u00e9geztem<\/a> a V\u00e1r\u00f3lista cs\u00f6kkent\u00e9ssel, sz\u00f3val nem lesz hajr\u00e1. Viszont a Blogturn\u00e9 r\u00e9v\u00e9n lesz m\u00e9g p\u00e1r bejegyz\u00e9s \u00e9s nyerem\u00e9nyj\u00e1t\u00e9k. Amikr\u0151l biztos \u00edrni fogok teh\u00e1t:\n<ul>\n<li>Sarah Rose: <a href=\"https:\/\/www.goodreads.com\/book\/show\/48759252-legend-s-l-nyok\">Legend\u00e1s l\u00e1nyok<\/a> &#8211; miut\u00e1n sok fikci\u00f3t olvastam n\u0151kr\u0151l a m\u00e1sodik vil\u00e1gh\u00e1bor\u00faban, most j\u00f6het egy non-fikci\u00f3 is<\/li>\n<li>Jennifer Donnelly: <a href=\"https:\/\/www.goodreads.com\/book\/show\/47580906\">Stepsister &#8211; Egy s\u00f6t\u00e9t mese<\/a> ami igaz\u00e1n \u00e9rdekes mesefeldolgoz\u00e1snak \u00edg\u00e9rkezik<\/li>\n<li>Karen M. McManus: <a href=\"https:\/\/www.goodreads.com\/book\/show\/48978217\">Tartsd meg a titkot<\/a> &#8211; a szerz\u0151 el\u0151z\u0151 reg\u00e9nye is el\u00e9g izgalmas volt, rem\u00e9lem most se kell csal\u00f3dni.<\/li>\n<li><a href=\"https:\/\/www.goodreads.com\/book\/show\/48072905\">Stephen Fry: M\u00edtosz<\/a> &#8211; V\u00e9gre ism\u00e9t van k\u00f6nyve magyarul r\u00e1ad\u00e1sul kedvenc t\u00e9m\u00e1r\u00f3l.<\/li>\n<\/ul>\n<\/li>\n<li>Tov\u00e1bb\u00e1 n\u00e9ztem, hogy van j\u00f3 p\u00e1r bejegyz\u00e9sem piszkozatban, tal\u00e1n el\u0151ker\u00fclnek azok is.<\/li>\n<\/ul>\n<p>\u00dagyhogy el\u00e9g s\u0171r\u0171nek t\u0171nik a december, rem\u00e9lem velem tartatok.<\/p>\n<p>&nbsp;<br \/>\n<span style=\"font-size: 7pt;\"><em>Photo credit: <a href=\"http:\/\/www.evanemeth.com\/\">www.evanemeth.com<\/a><\/em><\/span><\/p>\n","protected":false},"excerpt":{"rendered":"<p>Szok\u00e1s szerint December az egyetlen h\u00f3nap, amikor igazi terveket tudok k\u00e9sz\u00edteni, s\u0151t tartom is magam hozz\u00e1juk. Az elm\u00falt \u00e9vekben pont az\u00e9rt, mert vannak visszat\u00e9r\u0151 feladataim \u00e9s rovataim erre a h\u00f3napra, illetve a Blogturn\u00e9 Klub miatt komolyan kell venni a reciket is, eg\u00e9szen ritk\u00e1n r\u00fagom fel ezeket. T\u00f6bbnyire csak a V\u00e1r\u00f3listacs\u00f6kkent\u00e9sem befejez\u00e9s\u00e9vel szoktam elmaradni. De n\u00e9zz\u00fck [&hellip;]<\/p>\n","protected":false},"author":1,"featured_media":33455988,"comment_status":"open","ping_status":"open","sticky":false,"template":"","format":"standard","meta":{"_monsterinsights_skip_tracking":false,"_monsterinsights_sitenote_active":false,"_monsterinsights_sitenote_note":"","_monsterinsights_sitenote_category":0,"site-sidebar-layout":"default","site-content-layout":"","ast-site-content-layout":"default","site-content-style":"default","site-sidebar-style":"default","ast-global-header-display":"","ast-banner-title-visibility":"","ast-main-header-display":"","ast-hfb-above-header-display":"","ast-hfb-below-header-display":"","ast-hfb-mobile-header-display":"","site-post-title":"","ast-breadcrumbs-content":"","ast-featured-img":"","footer-sml-layout":"","ast-disable-related-posts":"","theme-transparent-header-meta":"","adv-header-id-meta":"","stick-header-meta":"","header-above-stick-meta":"","header-main-stick-meta":"","header-below-stick-meta":"","astra-migrate-meta-layouts":"default","ast-page-background-enabled":"default","ast-page-background-meta":{"desktop":{"background-color":"var(--ast-global-color-5)","background-image":"","background-repeat":"repeat","background-position":"center center","background-size":"auto","background-attachment":"scroll","background-type":"","background-media":"","overlay-type":"","overlay-color":"","overlay-opacity":"","overlay-gradient":""},"tablet":{"background-color":"","background-image":"","background-repeat":"repeat","background-position":"center center","background-size":"auto","background-attachment":"scroll","background-type":"","background-media":"","overlay-type":"","overlay-color":"","overlay-opacity":"","overlay-gradient":""},"mobile":{"background-color":"","background-image":"","background-repeat":"repeat","background-position":"center center","background-size":"auto","background-attachment":"scroll","background-type":"","background-media":"","overlay-type":"","overlay-color":"","overlay-opacity":"","overlay-gradient":""}},"ast-content-background-meta":{"desktop":{"background-color":"var(--ast-global-color-4)","background-image":"","background-repeat":"repeat","background-position":"center center","background-size":"auto","background-attachment":"scroll","background-type":"","background-media":"","overlay-type":"","overlay-color":"","overlay-opacity":"","overlay-gradient":""},"tablet":{"background-color":"var(--ast-global-color-4)","background-image":"","background-repeat":"repeat","background-position":"center center","background-size":"auto","background-attachment":"scroll","background-type":"","background-media":"","overlay-type":"","overlay-color":"","overlay-opacity":"","overlay-gradient":""},"mobile":{"background-color":"var(--ast-global-color-4)","background-image":"","background-repeat":"repeat","background-position":"center center","background-size":"auto","background-attachment":"scroll","background-type":"","background-media":"","overlay-type":"","overlay-color":"","overlay-opacity":"","overlay-gradient":""}},"footnotes":""},"categories":[33],"tags":[214,1290],"book-author":[],"book-series":[],"book-publisher":[],"book-genre":[],"book-source":[],"book-format":[],"class_list":["post-33455981","post","type-post","status-publish","format-standard","has-post-thumbnail","hentry","category-egyeb","tag-karacsony","tag-tervek"],"aioseo_notices":[],"_links":{"self":[{"href":"https:\/\/olvasonaplo.net\/olvasonaplo\/wp-json\/wp\/v2\/posts\/33455981","targetHints":{"allow":["GET"]}}],"collection":[{"href":"https:\/\/olvasonaplo.net\/olvasonaplo\/wp-json\/wp\/v2\/posts"}],"about":[{"href":"https:\/\/olvasonaplo.net\/olvasonaplo\/wp-json\/wp\/v2\/types\/post"}],"author":[{"embeddable":true,"href":"https:\/\/olvasonaplo.net\/olvasonaplo\/wp-json\/wp\/v2\/users\/1"}],"replies":[{"embeddable":true,"href":"https:\/\/olvasonaplo.net\/olvasonaplo\/wp-json\/wp\/v2\/comments?post=33455981"}],"version-history":[{"count":7,"href":"https:\/\/olvasonaplo.net\/olvasonaplo\/wp-json\/wp\/v2\/posts\/33455981\/revisions"}],"predecessor-version":[{"id":33456010,"href":"https:\/\/olvasonaplo.net\/olvasonaplo\/wp-json\/wp\/v2\/posts\/33455981\/revisions\/33456010"}],"wp:featuredmedia":[{"embeddable":true,"href":"https:\/\/olvasonaplo.net\/olvasonaplo\/wp-json\/wp\/v2\/media\/33455988"}],"wp:attachment":[{"href":"https:\/\/olvasonaplo.net\/olvasonaplo\/wp-json\/wp\/v2\/media?parent=33455981"}],"wp:term":[{"taxonomy":"category","embeddable":true,"href":"https:\/\/olvasonaplo.net\/olvasonaplo\/wp-json\/wp\/v2\/categories?post=33455981"},{"taxonomy":"post_tag","embeddable":true,"href":"https:\/\/olvasonaplo.net\/olvasonaplo\/wp-json\/wp\/v2\/tags?post=33455981"},{"taxonomy":"book-author","embeddable":true,"href":"https:\/\/olvasonaplo.net\/olvasonaplo\/wp-json\/wp\/v2\/book-author?post=33455981"},{"taxonomy":"book-series","embeddable":true,"href":"https:\/\/olvasonaplo.net\/olvasonaplo\/wp-json\/wp\/v2\/book-series?post=33455981"},{"taxonomy":"book-publisher","embeddable":true,"href":"https:\/\/olvasonaplo.net\/olvasonaplo\/wp-json\/wp\/v2\/book-publisher?post=33455981"},{"taxonomy":"book-genre","embeddable":true,"href":"https:\/\/olvasonaplo.net\/olvasonaplo\/wp-json\/wp\/v2\/book-genre?post=33455981"},{"taxonomy":"book-source","embeddable":true,"href":"https:\/\/olvasonaplo.net\/olvasonaplo\/wp-json\/wp\/v2\/book-source?post=33455981"},{"taxonomy":"book-format","embeddable":true,"href":"https:\/\/olvasonaplo.net\/olvasonaplo\/wp-json\/wp\/v2\/book-format?post=33455981"}],"curies":[{"name":"wp","href":"https:\/\/api.w.org\/{rel}","templated":true}]}}