{"id":33453398,"date":"2017-08-08T20:20:17","date_gmt":"2017-08-08T18:20:17","guid":{"rendered":"http:\/\/olvasonaplo.net\/olvasonaplo\/?p=33453398"},"modified":"2017-08-08T20:20:17","modified_gmt":"2017-08-08T18:20:17","slug":"emma-cline-lanyok","status":"publish","type":"post","link":"https:\/\/olvasonaplo.net\/olvasonaplo\/2017\/08\/08\/emma-cline-lanyok\/","title":{"rendered":"Emma Cline: A l\u00e1nyok"},"content":{"rendered":"<p><img fetchpriority=\"high\" decoding=\"async\" class=\"alignleft size-medium wp-image-33453397\" src=\"http:\/\/olvasonaplo.net\/olvasonaplo\/files\/\/2017\/08\/Emmacline-300x487.jpg\" alt=\"\" width=\"300\" height=\"487\" srcset=\"https:\/\/olvasonaplo.net\/olvasonaplo\/files\/2017\/08\/Emmacline-300x487.jpg 300w, https:\/\/olvasonaplo.net\/olvasonaplo\/files\/2017\/08\/Emmacline-630x1024.jpg 630w, https:\/\/olvasonaplo.net\/olvasonaplo\/files\/2017\/08\/Emmacline.jpg 650w\" sizes=\"(max-width: 300px) 100vw, 300px\" \/>K\u00f6r\u00fclbel\u00fcl k\u00e9t \u00e9ve fedeztem fel a <a href=\"http:\/\/www.youmustrememberthispodcast.com\" target=\"_blank\" rel=\"noopener\">You Must Remember This podcast<\/a>ot, ami Hollywood els\u0151 \u00e9vtized\u00e9nek titkos \u00e9s\/vagy elfeledett t\u00f6rt\u00e9net\u00e9r\u0151l sz\u00f3l. Amikor elkezdtem hallgatni, egyszer\u0171en \u00e1tugrottam a Charles Manson gyilkoss\u00e1gokr\u00f3l sz\u00f3l\u00f3 <a href=\"http:\/\/www.youmustrememberthispodcast.com\/episodes\/?category=CharlesManson%27sHollywood\" target=\"_blank\" rel=\"noopener\">12 epiz\u00f3d<\/a>ot, de azt\u00e1n eljutottam akkor od\u00e1ig, hogy m\u00e1r minden r\u00e9szt meghallgattam csak pont ezt a tucatot nem, s \u00e9ppen ny\u00e1ri sz\u00fcneten volt a show kital\u00e1l\u00f3ja, Karina Longworth, \u00fagyhogy \u00fcsse k\u0151 alapon belev\u00e1gtam. S h\u00e1t mit ne mondjak, teljesen levett a l\u00e1bamr\u00f3l a sztori. \u00d3 persze hallottam m\u00e1r kor\u00e1bban is Manson nev\u00e9r\u0151l a dolgokr\u00f3l, amik t\u00f6rt\u00e9ntek, de \u00edgy \u00f6sszefoglalva \u00e9s alaposan k\u00f6rbej\u00e1rva a kultur\u00e1lis utal\u00e1sokkal, a t\u00e1rsadalmi helyzettel \u00e9s a hollywoodi k\u00f6rnyezettel, mint ahogy az a podcastban volt prezent\u00e1lva, egy\u00e1ltal\u00e1n nem tal\u00e1lkoztam m\u00e9g. Ugyanilyen perverz k\u00edv\u00e1ncsis\u00e1ggal k\u00f6vettem a tavaly megjelent Emma Cline reg\u00e9ny t\u00f6rt\u00e9net\u00e9t, ami egy hasonl\u00f3 t\u00f6rt\u00e9net k\u00f6r\u00e9 \u00edr\u00f3dott, s rem\u00e9nykedtem benne, hogy ha m\u00e1r olyan nagy h\u00edrver\u00e9st kap egy els\u0151 k\u00f6nyves szerz\u0151 k\u00f6tete, el\u0151bb ut\u00f3bb meg fog jelenni magyarul is \u00e9s akkor elolvashatom. Ami a Libri Kiad\u00f3 j\u00f3volt\u00e1b\u00f3l meg is t\u00f6rt\u00e9nhetett, hiszen \u0151k jelentett\u00e9k meg a reg\u00e9nyt, amelynek a h\u00edv\u00f3szavai 1969, Manson gyilkoss\u00e1gok, hippik \u00e9s persze a l\u00e1nyok.<\/p>\n<p>A k\u00f6nyv hatalmas vonzereje abban rejlik, hogy val\u00f3j\u00e1ban nem konkr\u00e9tan a gyilkoss\u00e1gokr\u00f3l, Mansonr\u00f3l vagy a szekt\u00e1j\u00e1r\u00f3l sz\u00f3l, hanem egy l\u00e1nyr\u00f3l, aki 1969-ben volt 14 \u00e9ves \u00e9s valami hasonl\u00f3ba keveredik, mint ami a val\u00f3s\u00e1gban is megt\u00f6rt\u00e9nt. Emma Cline azonban a gyilkoss\u00e1gok \u00e9s Manson alakja helyett azokra a n\u0151kre f\u00f3kusz\u00e1l, akik ott voltak k\u00f6r\u00fcl\u00f6tte, akik bizony r\u00e9szt vettek \u00e9s elk\u00f6vett\u00e9k a gyilkoss\u00e1gokat, s megpr\u00f3b\u00e1lja megmutatni, ez mik\u00e9ppen volt lehets\u00e9ges.<\/p>\n<p>Narr\u00e1torunk Evie Boyd amolyan k\u00edv\u00fcl\u00e1ll\u00f3k\u00e9nt \u00e9l, bar\u00e1tok h\u00e1z\u00e1ban lakik, mag\u00e1nyos \u00e9s rejt\u0151zk\u00f6dik, f\u0151leg a m\u00faltja miatt nem szeret idegenekkel tal\u00e1lkozni. Amikor l\u00e1togat\u00f3k \u00e9rkeznek, a h\u00e1z tulaj\u00e1nak fia \u00e9s annak fiatal bar\u00e1tn\u0151je, a n\u0151 \u00f6nk\u00e9ntelen\u00fcl is felid\u00e9zi a p\u00e1r \u00e9vtizeddel kor\u00e1bban t\u00f6rt\u00e9neteket, mikor m\u00e9g csak 14 \u00e9ves volt \u00e9s elj\u00f6tt 1969 forr\u00f3 augusztusa. A t\u00f6rt\u00e9net sor\u00e1n t\u00f6bbsz\u00f6r is visszat\u00e9r\u00fcnk ehhez az \u00e1llapot\u00e1hoz, s\u0151t igaz\u00e1b\u00f3l v\u00e9gig az id\u0151s, sokat tapasztalt Evie szempontj\u00e1b\u00f3l l\u00e1tjuk az esem\u00e9nyeket, ez\u00e9rt tal\u00e1lkozunk n\u00e9ha m\u00e9lyebb megl\u00e1t\u00e1sokkal \u00e9s kisz\u00f3l\u00e1sokkal, amelyek annak idej\u00e9n m\u00e9g nem voltak a tini l\u00e1ny tarsoly\u00e1ban, de az \u00e9vek hozz\u00e1tett\u00e9k. Ennek ellen\u00e9re v\u00e9gig olyan \u00e9rz\u00e9se van az olvas\u00f3nak, mintha t\u00e9nyleg egy 14 \u00e9ves tudat\u00e1ban lenne \u00e9s rajta kereszt\u00fcl l\u00e1tn\u00e1 a vil\u00e1got.<\/p>\n<p>A tizen\u00e9ves Evie egy kalifornai kisv\u00e1rosban \u00e9l, a csal\u00e1dja \u00f6r\u00f6k\u00f6lt p\u00e9nzt, a sz\u00fclei elv\u00e1ltak, apja \u00faj \u00e9letet \u00e9l a bar\u00e1tn\u0151j\u00e9vel, az anyja \u00e9ppen pr\u00f3b\u00e1lja felfedezni \u00e9s kital\u00e1lni mag\u00e1t, a l\u00e1ny pedig csak v\u00e1r valamire, vagy valakire, hogy v\u00e9gre t\u00f6rt\u00e9njen valami. Igaz\u00e1b\u00f3l egyed\u00fcl marad, mert sz\u00fclei magukkal foglalkoznak, szinte \u00e9szre se veszik \u0151t, a fi\u00fa, aki ut\u00e1n v\u00e1gyakozik lel\u00e9p, a bar\u00e1tn\u0151je pedig \u00e9ppen jegeli a kapcsolatukat, szinte \u00e9szre se veszi \u0151t senki, szellemk\u00e9nt v\u00e1ndorol eg\u00e9szen addig, m\u00edg meg nem pillant egy csapat k\u00fcl\u00f6nleges l\u00e1nyt az egyik parkban. Ezek a l\u00e1nyok szakadt ruh\u00e1ban vannak, guber\u00e1lnak \u00e9s m\u00e9gis mindenki tartja t\u0151l\u00fck a t\u00e1vols\u00e1got, s mikor egyik\u00fckkel \u00f6sszeakad Evie tekintete, hirtelen valami megv\u00e1ltozik \u00e9s a l\u00e1ny b\u00e1rmit megadna, hogy k\u00f6z\u00e9j\u00fck tartozzon. Suzanne, Donna, Helen \u00e9s Roos egy lerobbant farmon \u00e9lnek, amelyet Russell a karizmatikus, b\u00e1r tehets\u00e9gtelen zen\u00e9sz vezet, akit sokan k\u00f6vetnek. Persze Evie is megadja neki, amit k\u00f6vetel, de a l\u00e1ny val\u00f3di vonzalm\u00e1nak t\u00e1rgya, akit igaz\u00e1n k\u00f6vet, aki miatt ott van \u00e9s aki miatt v\u00e9gre olyannak \u00e9rzi mag\u00e1t, akire \u00e9rdemes odafigyelni Suzanne. \u00c9rte tenne meg mindent, nem is a f\u00e9rfi\u00e9rt. Eleinte a hippi kommuna t\u00e9nyleg olyannak t\u0171nik a l\u00e1ny szem\u00e9ben, ami vonz\u00f3v\u00e1 tette az ottani l\u00e9tet annak idej\u00e9n is: szabads\u00e1g, k\u00f6tetlens\u00e9g, k\u00f6nnyeds\u00e9g, drogok, vid\u00e1m emberek. Azt\u00e1n a t\u00f6rt\u00e9net v\u00e9ge fel\u00e9 minden megv\u00e1ltozik \u00e9s m\u00e1r Evie is \u00e9rzi, hogy rohad az eg\u00e9sz k\u00f6z\u00f6ss\u00e9g, de m\u00e9g annyira fiatal \u00e9s tapasztalatlan \u00e9s annyira v\u00e1gyik a figyelemre, hogy ler\u00e1zza mag\u00e1r\u00f3l a rossz el\u0151\u00e9rzeteket \u00e9s k\u00e9pes lenne elmenni Suzanne kedv\u00e9\u00e9rt b\u00e1rmeddig, csak hogy \u00e9rezze a m\u00e1sik n\u0151 szeretet\u00e9t, elismer\u00e9s\u00e9t, figyelm\u00e9t.<\/p>\n<p>A reg\u00e9nyben az a k\u00fcl\u00f6nleges, hogy b\u00e1r \u00fagy hirdetik, mintha a Manson gyilkoss\u00e1gokhoz hasonl\u00f3 t\u00f6rt\u00e9net lenne a k\u00f6z\u00e9ppontj\u00e1ban, igaz\u00e1b\u00f3l nem err\u0151l van sz\u00f3. S\u0151t a f\u00e9rfiak, m\u00e9g a karizmatikus szekta vez\u00e9rek is igaz\u00e1n a h\u00e1tt\u00e9rbe szorulnak, ez a k\u00f6nyv a n\u0151kr\u0151l sz\u00f3l. Eviet sem a f\u00e9rfi vonzza be, nem miatta marad \u00e9s tart ki \u00e9s pr\u00f3b\u00e1l jelen lenni, hanem Suzanne az, akire felfigyel, egy m\u00e1sik n\u0151 elismer\u00e9s\u00e9nek el\u00e9r\u00e9se az, ami mozgatja \u0151t.<\/p>\n<p>Emma Cline egyik nagy er\u0151ss\u00e9ge az atmoszf\u00e9rateremt\u00e9s, az ember szinte \u00e9rzi, hogy ott van azon a forr\u00f3 augusztuson egy fiatal, csapong\u00f3, t\u00e9tova l\u00e1nnyal, aki a hely\u00e9t keresi \u00e9s teljesen beszippantott engem is a v\u00e1gyakoz\u00e1s, amellyel Evie teli van \u00e9s t\u00f6k\u00e9letesen \u00e9reztem, ha nem is \u00e9rtettem, hogy mik\u00e9ppen ker\u00fclt el egy v\u00e1lasz\u00fatra, ahonnan ak\u00e1r \u00e9letvesz\u00e9lyes kalandokba is ker\u00fclhetett volna. Ak\u00e1rcsak a bevezet\u00e9sben eml\u00edtett podcast sorozat, Emma Cline reg\u00e9nye is egyszerre ny\u0171g\u00f6z\u00f6tt le \u00e9s viszolyogtatott, mert alapj\u00e1ban nem nekem van kital\u00e1lva az eg\u00e9sz 60-as 70-es \u00e9vek \u00e9let\u00e9rz\u00e9s, de egyszer\u0171en nem b\u00edrtam abbahagyni az olvas\u00e1st. Evie alakja f\u00e1jdalmasan eml\u00e9kezteti az ember arra, hogy egy tini mennyire befoly\u00e1solhat\u00f3 \u00e9s micsoda szeretet\u00e9hs\u00e9g f\u0171ti \u00e9s mennyi mindent k\u00e9pes megtenni egy morzs\u00e1nyi figyelem\u00e9rt.<\/p>\n<p><img decoding=\"async\" class=\"alignleft size-full wp-image-33450537\" src=\"http:\/\/olvasonaplo.net\/olvasonaplo\/files\/\/2015\/11\/rating-8.gif\" alt=\"\" width=\"116\" height=\"12\" \/><\/p>\n<p><img decoding=\"async\" class=\"aligncenter size-full wp-image-33453396\" src=\"http:\/\/olvasonaplo.net\/olvasonaplo\/files\/\/2017\/08\/EmmaClineAlanyokturne.jpg\" alt=\"\" width=\"750\" height=\"405\" srcset=\"https:\/\/olvasonaplo.net\/olvasonaplo\/files\/2017\/08\/EmmaClineAlanyokturne.jpg 750w, https:\/\/olvasonaplo.net\/olvasonaplo\/files\/2017\/08\/EmmaClineAlanyokturne-300x162.jpg 300w\" sizes=\"(max-width: 750px) 100vw, 750px\" \/><\/p>\n<p><strong>Blogturn\u00e9<\/strong><br \/>\nEmma Cline els\u0151 k\u00f6nyve A l\u00e1nyok a 60-as \u00e9vekben j\u00e1tsz\u00f3dik \u00e9s egy otthonr\u00f3l elsz\u00f6k\u00f6tt tin\u00e9dzserr\u0151l sz\u00f3l, aki azt\u00e1n igaz\u00e1n rossz t\u00e1rsas\u00e1gba keveredik. A lebilincsel\u0151 \u00e9s sokkol\u00f3 reg\u00e9nyr\u0151l sokat megtudhatsz, ha k\u00f6veted augusztus 4 \u00e9s 8 k\u00f6z\u00f6tt a h\u00e1rom \u00e1llom\u00e1sos turn\u00e9t, s ha megfejted a rejtv\u00e9nyeket, te is nyerhetsz egyet a Libri Kiad\u00f3 \u00e1ltal felaj\u00e1nlott h\u00e1rom k\u00f6nyvb\u0151l.<\/p>\n<p><strong>F\u00fclsz\u00f6veg<\/strong><br \/>\n\u00c9szak-Kalifornia, a hatvanas \u00e9vek v\u00e9ge. A tizenn\u00e9gy \u00e9ves, kall\u00f3d\u00f3 tin\u00e9dzser, Evie Boyd ny\u00e1ron megpillant egy csapat l\u00e1nyt a parkban. M\u00e1gnesk\u00e9nt vonzza veszedelmes szabads\u00e1guk, f\u00e9ktelens\u00e9g\u00fck, \u00e9s legf\u0151k\u00e9pp Suzanne, az egyik id\u0151sebb l\u00e1ny. Evie hamarosan \u00fatnak is indul vele arra a farmra, amely egy szekta karizmatikus vezet\u0151j\u00e9nek b\u00e1zisa.<br \/>\nEvie var\u00e1zslatosnak tartja a hegyek rejtette, h\u00e1tborzongat\u00f3 ranchet, pedig a h\u00e1zban \u00e9s k\u00f6rny\u00e9k\u00e9n minden rohad. A mag\u00e1nyos kamasz k\u00e9ts\u00e9gbeesetten v\u00e1gyik r\u00e1, hogy befogadj\u00e1k. Mik\u00f6zben egyre t\u00f6bb id\u0151t t\u00f6lt t\u00e1vol otthon\u00e1t\u00f3l, \u00e9s rajong\u00e1sa Suzanne ir\u00e1nt egyre n\u0151, szinte \u00e9szrev\u00e9tlen\u00fcl sodr\u00f3dik a szekta \u00e1ltal elk\u00f6vetett v\u00e9res esem\u00e9nyekbe.<br \/>\nEmma Cline els\u0151 reg\u00e9ny\u00e9ben lebilincsel\u0151 \u00e9s emberk\u00f6zeli eml\u00e9ket \u00e1ll\u00edt a Manson-gyilkoss\u00e1goknak. Ez a k\u00f6nyv az \u00e1rtatlans\u00e1g, a vakhit \u00e9s a ki\u00e1br\u00e1ndul\u00e1s sokkol\u00f3 t\u00f6rt\u00e9nete.<br \/>\nEredeti c\u00edm: Girls<br \/>\nFord\u00edtotta: T\u00f3th Attila<br \/>\nMegjelen\u00e9s \u00e9ve: 2017<br \/>\nTerjedelem: 348 oldal<br \/>\nISBN: 9789633103098<br \/>\n<a href=\"http:\/\/libri.libricsoport.hu\/fooldal\/konyvek\/a-lanyok\/\" target=\"_blank\" rel=\"noopener\">Megrendel\u00e9s<\/a><\/p>\n<p><strong>Nyerem\u00e9nyj\u00e1t\u00e9k<\/strong><\/p>\n<p>Mivel a reg\u00e9nyben fontos szerepe van egy karizmatikus szem\u00e9lynek \u00e9s a vak hitnek, meg a szekt\u00e1s \u00e9letnek, a turn\u00e9 \u00e1llom\u00e1sain le\u00edr\u00e1st tal\u00e1lhattok 1-1 vall\u00e1sr\u00f3l vagy szekt\u00e1r\u00f3l. Megfejt\u00e9snek a Rafflecopter megfelel\u0151 sor\u00e1ba a vall\u00e1s\/szekta nev\u00e9t kell \u00edrnotok.<br \/>\n<em>Figyelem! A be\u00edrt v\u00e1laszokon m\u00e1r nem \u00e1ll m\u00f3dunkban jav\u00edtani. A kiad\u00f3 csak Magyarorsz\u00e1g ter\u00fclet\u00e9re post\u00e1z. A nyerteseket e-mailben \u00e9rtes\u00edtj\u00fck. Amennyiben 72 \u00f3r\u00e1n bel\u00fcl nem jelentkezik a szerencs\u00e9s, \u00fajabb nyertest sorsolunk.<\/em><\/p>\n<p>Feladv\u00e1ny:<\/p>\n<blockquote><p>T\u00f6bb Afrik\u00e1ban honos vall\u00e1s kever\u00e9ke, amit a rabszolg\u00e1kkal egy\u00fctt hoztak \u00e1t a Karib szigetekre. A legf\u0151bb von\u00e1sa az \u0151s\u00f6k im\u00e1data \u00e9s a spiritualizmus. A kereszt\u00e9nyekkel szemben, akik egyetlen mennyb\u00e9li Istent tisztelnek, ennek a vall\u00e1snak a k\u00f6vet\u0151i abban hisznek, hogy a szellemek b\u00e1rhol jelen vannak a term\u00e9szetben.<\/p><\/blockquote>\n<p><a id=\"rcwidget_bcqhwd7m\" class=\"rcptr\" href=\"http:\/\/www.rafflecopter.com\/rafl\/display\/66160b24751\/\" rel=\"nofollow\" data-raflid=\"66160b24751\" data-theme=\"classic\" data-template=\"\">a Rafflecopter giveaway<\/a><br \/>\n<script src=\"https:\/\/widget-prime.rafflecopter.com\/launch.js\"><\/script><\/p>\n<p>\u00c1llom\u00e1s lista:<br \/>\n08.04 <a href=\"http:\/\/www.kellylupiolvas.com\/2017\/08\/emma-cline-lanyok.html\" target=\"_blank\" rel=\"noopener\">Kelly \u00e9s Lupi olvas<\/a><br \/>\n08.06 <a href=\"http:\/\/szembetuno.blogspot.hu\/2017\/08\/emma-cline-lanyok.html\" target=\"_blank\" rel=\"noopener\">Szembet\u0171n\u0151<\/a><br \/>\n08.08 Olvas\u00f3napl\u00f3<\/p>\n<p><span style=\"border-radius: 2px; text-indent: 20px; width: auto; padding: 0px 4px 0px 0px; text-align: center; font: bold 11px\/20px 'Helvetica Neue',Helvetica,sans-serif; color: #ffffff; background: #bd081c  no-repeat scroll 3px 50% \/ 14px 14px; position: absolute; opacity: 1; z-index: 8675309; display: none; cursor: pointer;\">Save<\/span><\/p>\n<div class=\"ubb-final-rating\"><img decoding=\"async\" src=\"https:\/\/olvasonaplo.net\/olvasonaplo\/files\/\/2015\/11\/rating-8.gif\" alt=\"4 Stars\"><\/div>\n","protected":false},"excerpt":{"rendered":"<p>K\u00f6r\u00fclbel\u00fcl k\u00e9t \u00e9ve fedeztem fel a You Must Remember This podcastot, ami Hollywood els\u0151 \u00e9vtized\u00e9nek titkos \u00e9s\/vagy elfeledett t\u00f6rt\u00e9net\u00e9r\u0151l sz\u00f3l. Amikor elkezdtem hallgatni, egyszer\u0171en \u00e1tugrottam a Charles Manson gyilkoss\u00e1gokr\u00f3l sz\u00f3l\u00f3 12 epiz\u00f3dot, de azt\u00e1n eljutottam akkor od\u00e1ig, hogy m\u00e1r minden r\u00e9szt meghallgattam csak pont ezt a tucatot nem, s \u00e9ppen ny\u00e1ri sz\u00fcneten volt a show [&hellip;]<\/p>\n","protected":false},"author":1,"featured_media":33453397,"comment_status":"open","ping_status":"open","sticky":false,"template":"","format":"standard","meta":{"_monsterinsights_skip_tracking":false,"_monsterinsights_sitenote_active":false,"_monsterinsights_sitenote_note":"","_monsterinsights_sitenote_category":0,"site-sidebar-layout":"default","site-content-layout":"","ast-site-content-layout":"default","site-content-style":"default","site-sidebar-style":"default","ast-global-header-display":"","ast-banner-title-visibility":"","ast-main-header-display":"","ast-hfb-above-header-display":"","ast-hfb-below-header-display":"","ast-hfb-mobile-header-display":"","site-post-title":"","ast-breadcrumbs-content":"","ast-featured-img":"","footer-sml-layout":"","ast-disable-related-posts":"","theme-transparent-header-meta":"","adv-header-id-meta":"","stick-header-meta":"","header-above-stick-meta":"","header-main-stick-meta":"","header-below-stick-meta":"","astra-migrate-meta-layouts":"default","ast-page-background-enabled":"default","ast-page-background-meta":{"desktop":{"background-color":"var(--ast-global-color-5)","background-image":"","background-repeat":"repeat","background-position":"center center","background-size":"auto","background-attachment":"scroll","background-type":"","background-media":"","overlay-type":"","overlay-color":"","overlay-opacity":"","overlay-gradient":""},"tablet":{"background-color":"","background-image":"","background-repeat":"repeat","background-position":"center center","background-size":"auto","background-attachment":"scroll","background-type":"","background-media":"","overlay-type":"","overlay-color":"","overlay-opacity":"","overlay-gradient":""},"mobile":{"background-color":"","background-image":"","background-repeat":"repeat","background-position":"center center","background-size":"auto","background-attachment":"scroll","background-type":"","background-media":"","overlay-type":"","overlay-color":"","overlay-opacity":"","overlay-gradient":""}},"ast-content-background-meta":{"desktop":{"background-color":"var(--ast-global-color-4)","background-image":"","background-repeat":"repeat","background-position":"center center","background-size":"auto","background-attachment":"scroll","background-type":"","background-media":"","overlay-type":"","overlay-color":"","overlay-opacity":"","overlay-gradient":""},"tablet":{"background-color":"var(--ast-global-color-4)","background-image":"","background-repeat":"repeat","background-position":"center center","background-size":"auto","background-attachment":"scroll","background-type":"","background-media":"","overlay-type":"","overlay-color":"","overlay-opacity":"","overlay-gradient":""},"mobile":{"background-color":"var(--ast-global-color-4)","background-image":"","background-repeat":"repeat","background-position":"center center","background-size":"auto","background-attachment":"scroll","background-type":"","background-media":"","overlay-type":"","overlay-color":"","overlay-opacity":"","overlay-gradient":""}},"footnotes":""},"categories":[221,3,997,267,4,35,1053,6],"tags":[],"book-author":[1102],"book-series":[],"book-publisher":[547],"book-genre":[],"book-source":[],"book-format":[],"class_list":["post-33453398","post","type-post","status-publish","format-standard","has-post-thumbnail","hentry","category-221","category-bestseller","category-blogturne","category-konyvajanlo","category-magyarul","category-noi_iro","category-1053","category-regeny","book-author-emma-cline","book-publisher-libri"],"aioseo_notices":[],"_links":{"self":[{"href":"https:\/\/olvasonaplo.net\/olvasonaplo\/wp-json\/wp\/v2\/posts\/33453398","targetHints":{"allow":["GET"]}}],"collection":[{"href":"https:\/\/olvasonaplo.net\/olvasonaplo\/wp-json\/wp\/v2\/posts"}],"about":[{"href":"https:\/\/olvasonaplo.net\/olvasonaplo\/wp-json\/wp\/v2\/types\/post"}],"author":[{"embeddable":true,"href":"https:\/\/olvasonaplo.net\/olvasonaplo\/wp-json\/wp\/v2\/users\/1"}],"replies":[{"embeddable":true,"href":"https:\/\/olvasonaplo.net\/olvasonaplo\/wp-json\/wp\/v2\/comments?post=33453398"}],"version-history":[{"count":4,"href":"https:\/\/olvasonaplo.net\/olvasonaplo\/wp-json\/wp\/v2\/posts\/33453398\/revisions"}],"predecessor-version":[{"id":33453402,"href":"https:\/\/olvasonaplo.net\/olvasonaplo\/wp-json\/wp\/v2\/posts\/33453398\/revisions\/33453402"}],"wp:featuredmedia":[{"embeddable":true,"href":"https:\/\/olvasonaplo.net\/olvasonaplo\/wp-json\/wp\/v2\/media\/33453397"}],"wp:attachment":[{"href":"https:\/\/olvasonaplo.net\/olvasonaplo\/wp-json\/wp\/v2\/media?parent=33453398"}],"wp:term":[{"taxonomy":"category","embeddable":true,"href":"https:\/\/olvasonaplo.net\/olvasonaplo\/wp-json\/wp\/v2\/categories?post=33453398"},{"taxonomy":"post_tag","embeddable":true,"href":"https:\/\/olvasonaplo.net\/olvasonaplo\/wp-json\/wp\/v2\/tags?post=33453398"},{"taxonomy":"book-author","embeddable":true,"href":"https:\/\/olvasonaplo.net\/olvasonaplo\/wp-json\/wp\/v2\/book-author?post=33453398"},{"taxonomy":"book-series","embeddable":true,"href":"https:\/\/olvasonaplo.net\/olvasonaplo\/wp-json\/wp\/v2\/book-series?post=33453398"},{"taxonomy":"book-publisher","embeddable":true,"href":"https:\/\/olvasonaplo.net\/olvasonaplo\/wp-json\/wp\/v2\/book-publisher?post=33453398"},{"taxonomy":"book-genre","embeddable":true,"href":"https:\/\/olvasonaplo.net\/olvasonaplo\/wp-json\/wp\/v2\/book-genre?post=33453398"},{"taxonomy":"book-source","embeddable":true,"href":"https:\/\/olvasonaplo.net\/olvasonaplo\/wp-json\/wp\/v2\/book-source?post=33453398"},{"taxonomy":"book-format","embeddable":true,"href":"https:\/\/olvasonaplo.net\/olvasonaplo\/wp-json\/wp\/v2\/book-format?post=33453398"}],"curies":[{"name":"wp","href":"https:\/\/api.w.org\/{rel}","templated":true}]}}