{"id":33453211,"date":"2017-07-01T10:39:15","date_gmt":"2017-07-01T08:39:15","guid":{"rendered":"http:\/\/olvasonaplo.net\/olvasonaplo\/?p=33453211"},"modified":"2022-06-29T16:47:32","modified_gmt":"2022-06-29T14:47:32","slug":"2017-es-feleves-osszegzes","status":"publish","type":"post","link":"https:\/\/olvasonaplo.net\/olvasonaplo\/2017\/07\/01\/2017-es-feleves-osszegzes\/","title":{"rendered":"2017-es f\u00e9l\u00e9ves \u00f6sszegz\u00e9s"},"content":{"rendered":"<p>Eddig nem szoktam \u00f6sszegz\u00e9seket nagyon \u00edrni, csak az \u00e9v v\u00e9g\u00e9n. De most annyira belelkes\u00fcltem att\u00f3l, hogy a Goodreads szerint m\u00e1r 9 (!) k\u00f6nyvvel jobban \u00e1llok az \u00e9ves tervemhez k\u00e9pest, hogy \u00fagy gondoltam mi\u00e9rt is ne? Pont ma kezd\u0151dik a m\u00e1sodik f\u00e9l\u00e9v, \u00e9rdemes visszan\u00e9zni, mi t\u00f6rt\u00e9nt eddig olvas\u00e1s ter\u00e9n velem. R\u00e1ad\u00e1sul <a href=\"http:\/\/www.bubumaczkokuckoja.hu\/l\/mid-year-book-freak-out-tag-2017\/\" target=\"_blank\" rel=\"noopener\">Bubumaczk\u00f3<\/a>n\u00e1l \u00e9s <a href=\"http:\/\/pupillaolvas.blogspot.hu\/2017\/06\/mid-year-book-freak-out-tag-2017.html\" target=\"_blank\" rel=\"noopener\">Pupill\u00e1<\/a>n\u00e1l l\u00e1ttam ezt az ir\u00e1ny\u00edtott k\u00e9rd\u00e9ssort (ut\u00e1lom a tag kifejez\u00e9st :P), \u00fagyhogy \u00fagy gondoltam ha m\u00e1r \u0151k szabadj\u00e1ra engedt\u00e9k, hogy b\u00e1rki felhaszn\u00e1lhatja, h\u00e1t mi\u00e9rt is ne tenn\u00e9m \u00e9n is.<br \/>\n<img fetchpriority=\"high\" decoding=\"async\" class=\"aligncenter wp-image-33453236\" src=\"http:\/\/olvasonaplo.net\/olvasonaplo\/files\/\/2017\/07\/feleviosszegzes.jpg\" alt=\"\" width=\"600\" height=\"600\" srcset=\"https:\/\/olvasonaplo.net\/olvasonaplo\/files\/2017\/07\/feleviosszegzes.jpg 800w, https:\/\/olvasonaplo.net\/olvasonaplo\/files\/2017\/07\/feleviosszegzes-150x150.jpg 150w, https:\/\/olvasonaplo.net\/olvasonaplo\/files\/2017\/07\/feleviosszegzes-300x300.jpg 300w, https:\/\/olvasonaplo.net\/olvasonaplo\/files\/2017\/07\/feleviosszegzes-768x768.jpg 768w\" sizes=\"(max-width: 600px) 100vw, 600px\" \/><\/p>\n<p>1. <strong>A legjobb 2017-es olvasm\u00e1nyod.<\/strong><br \/>\nAzt kell mondanom, hogy m\u00e1r j\u00f3l \u00e1llok, mert az els\u0151 f\u00e9l\u00e9vben 5 k\u00f6nyv is kapott t\u0151lem 10 csillagot. De ami igaz\u00e1n kiemelked\u0151 volt sz\u00e1momra, az bizony az <a href=\"http:\/\/olvasonaplo.net\/olvasonaplo\/2017\/03\/29\/v-e-schwab-egy-sotetebb-magia\/\" target=\"_blank\" rel=\"noopener\">Egy s\u00f6t\u00e9tebb M\u00e1gia.<\/a><br \/>\n<a href=\"http:\/\/olvasonaplo.net\/olvasonaplo\/2017\/03\/29\/v-e-schwab-egy-sotetebb-magia\/\"><img decoding=\"async\" class=\"aligncenter size-medium wp-image-33452820\" src=\"http:\/\/olvasonaplo.net\/olvasonaplo\/files\/\/2017\/03\/egysotetebbmagia-300x440.jpg\" alt=\"\" width=\"300\" height=\"440\" srcset=\"https:\/\/olvasonaplo.net\/olvasonaplo\/files\/2017\/03\/egysotetebbmagia-300x440.jpg 300w, https:\/\/olvasonaplo.net\/olvasonaplo\/files\/2017\/03\/egysotetebbmagia-768x1126.jpg 768w, https:\/\/olvasonaplo.net\/olvasonaplo\/files\/2017\/03\/egysotetebbmagia-698x1024.jpg 698w, https:\/\/olvasonaplo.net\/olvasonaplo\/files\/2017\/03\/egysotetebbmagia.jpg 1739w\" sizes=\"(max-width: 300px) 100vw, 300px\" \/><\/a><\/p>\n<p>2.<strong> A legjobb folytat\u00e1s, amit 2017-ben olvast\u00e1l.<\/strong><br \/>\nR\u00e1 kellett j\u00f6nn\u00f6m, hogy kev\u00e9s sorozatot olvasok, de az\u00e9rt m\u00e9g \u00edgy is becs\u00faszik p\u00e1r. Sz\u00f3val im\u00e1dtam Lucy Parker West End-en j\u00e1tsz\u00f3d\u00f3 t\u00f6rt\u00e9net\u00e9t, az <a href=\"http:\/\/olvasonaplo.net\/olvasonaplo\/2017\/02\/07\/lucy-parker-act\/\" target=\"_blank\" rel=\"noopener\">Act like it<\/a>ot \u00e9s egy\u00e1ltal\u00e1n nem csal\u00f3dtam a <a href=\"http:\/\/olvasonaplo.net\/olvasonaplo\/2017\/02\/28\/lucy-parker-pretty-face\/\" target=\"_blank\" rel=\"noopener\">Pretty Face<\/a>-ben sem. K\u00edv\u00e1ncsi vagyok, mivel \u00e1ll m\u00e9g el\u0151 a szerz\u0151.<br \/>\n<a href=\"http:\/\/olvasonaplo.net\/olvasonaplo\/2017\/02\/28\/lucy-parker-pretty-face\/\"><img decoding=\"async\" class=\"aligncenter size-medium wp-image-33452715\" src=\"http:\/\/olvasonaplo.net\/olvasonaplo\/files\/\/2017\/02\/prettyface-300x475.jpg\" alt=\"\" width=\"300\" height=\"475\" srcset=\"https:\/\/olvasonaplo.net\/olvasonaplo\/files\/2017\/02\/prettyface-300x475.jpg 300w, https:\/\/olvasonaplo.net\/olvasonaplo\/files\/2017\/02\/prettyface-768x1217.jpg 768w, https:\/\/olvasonaplo.net\/olvasonaplo\/files\/2017\/02\/prettyface-646x1024.jpg 646w, https:\/\/olvasonaplo.net\/olvasonaplo\/files\/2017\/02\/prettyface.jpg 1010w\" sizes=\"(max-width: 300px) 100vw, 300px\" \/><\/a><\/p>\n<p>3. <strong>Friss megjelen\u00e9s, amit m\u00e9g nem olvast\u00e1l, de szeretn\u00e9l.<\/strong><br \/>\nAngie Thomas: The Hate U Give &#8211; A gy\u0171l\u00f6let amit adt\u00e1l rengeteg pozit\u00edv dolgot hallottam a k\u00f6nyvr\u0151l \u00e9s nagyon k\u00edv\u00e1ncsi vagyok r\u00e1, m\u00e1r itt \u00e1ll az asztalomon!<br \/>\n<a href=\"https:\/\/www.goodreads.com\/book\/show\/35158863-the-hate-u-give-a-gy-l-let-amit-adt-l\"><img loading=\"lazy\" decoding=\"async\" class=\"aligncenter size-medium wp-image-33453226\" src=\"http:\/\/olvasonaplo.net\/olvasonaplo\/files\/\/2017\/06\/gyuloletamitdatal-300x452.jpg\" alt=\"\" width=\"300\" height=\"452\" srcset=\"https:\/\/olvasonaplo.net\/olvasonaplo\/files\/2017\/06\/gyuloletamitdatal-300x452.jpg 300w, https:\/\/olvasonaplo.net\/olvasonaplo\/files\/2017\/06\/gyuloletamitdatal-768x1156.jpg 768w, https:\/\/olvasonaplo.net\/olvasonaplo\/files\/2017\/06\/gyuloletamitdatal-680x1024.jpg 680w, https:\/\/olvasonaplo.net\/olvasonaplo\/files\/2017\/06\/gyuloletamitdatal.jpg 800w\" sizes=\"(max-width: 300px) 100vw, 300px\" \/><\/a><\/p>\n<p>4. <strong>Legjobban v\u00e1rt friss megjelen\u00e9s az \u00e9v m\u00e1sodik fel\u00e9re.<\/strong><br \/>\nEz teljesen egy\u00e9rtelm\u0171, m\u00e1r rengeteg helyen \u00e1radoztam r\u00f3la, hogy mennyire v\u00e1rom Colson Whitehead-t\u0151l a F\u00f6ldalatti vas\u00fat-at, novemberben \u00e9rkezik, szerintem szuper kar\u00e1csonyi aj\u00e1nd\u00e9k lesz.<br \/>\n<a href=\"https:\/\/www.goodreads.com\/book\/show\/34908175\"><img loading=\"lazy\" decoding=\"async\" class=\"aligncenter size-medium wp-image-33453227\" src=\"http:\/\/olvasonaplo.net\/olvasonaplo\/files\/\/2017\/06\/foldalattivasutvonal-300x457.jpg\" alt=\"\" width=\"300\" height=\"457\" srcset=\"https:\/\/olvasonaplo.net\/olvasonaplo\/files\/2017\/06\/foldalattivasutvonal-300x457.jpg 300w, https:\/\/olvasonaplo.net\/olvasonaplo\/files\/2017\/06\/foldalattivasutvonal-768x1170.jpg 768w, https:\/\/olvasonaplo.net\/olvasonaplo\/files\/2017\/06\/foldalattivasutvonal-672x1024.jpg 672w, https:\/\/olvasonaplo.net\/olvasonaplo\/files\/2017\/06\/foldalattivasutvonal.jpg 1873w\" sizes=\"(max-width: 300px) 100vw, 300px\" \/><\/a><\/p>\n<p>5.<strong> Legnagyobb csal\u00f3d\u00e1s.<\/strong><br \/>\nT\u00fal nagy csal\u00f3d\u00e1som m\u00e9g nem volt id\u00e9n. Esetleg <a href=\"http:\/\/olvasonaplo.net\/olvasonaplo\/2017\/05\/29\/paula-hawkins-a-viz-melyen\/\" target=\"_blank\" rel=\"noopener\">A v\u00edz m\u00e9ly\u00e9n<\/a>-t tudn\u00e1m kiemelni, mert nem voltam annyira be\u00e1julva t\u0151le.<br \/>\n<a href=\"http:\/\/olvasonaplo.net\/olvasonaplo\/2017\/05\/29\/paula-hawkins-a-viz-melyen\/\"><img loading=\"lazy\" decoding=\"async\" class=\"aligncenter size-medium wp-image-33453021\" src=\"http:\/\/olvasonaplo.net\/olvasonaplo\/files\/\/2017\/05\/vizmelyen-300x434.jpg\" alt=\"\" width=\"300\" height=\"434\" srcset=\"https:\/\/olvasonaplo.net\/olvasonaplo\/files\/2017\/05\/vizmelyen-300x434.jpg 300w, https:\/\/olvasonaplo.net\/olvasonaplo\/files\/2017\/05\/vizmelyen.jpg 598w\" sizes=\"(max-width: 300px) 100vw, 300px\" \/><\/a><\/p>\n<p>6.<strong> Legnagyobb meglepet\u00e9s<\/strong><br \/>\nAz <a href=\"http:\/\/olvasonaplo.net\/olvasonaplo\/2017\/05\/03\/mona-awad-antilanyregeny\/\" target=\"_blank\" rel=\"noopener\">Antil\u00e1nyreg\u00e9ny <\/a>volt, mert teljesen f\u00e9lrevezet\u0151 a csomagol\u00e1s, a bor\u00edt\u00f3 a felirat \u00e9s b\u00e1r az eredeti megjelen\u00e9s k\u00f6r\u00fcl olvastam r\u00f3la j\u00f3kat, m\u00e9gis meglepett, hogy nem ifj\u00fas\u00e1gi reg\u00e9ny, hanem ann\u00e1l sokkal komolyabb \u00e9s igazabb t\u00f6rt\u00e9net.<br \/>\n<a href=\"http:\/\/olvasonaplo.net\/olvasonaplo\/2017\/05\/03\/mona-awad-antilanyregeny\/\" target=\"_blank\" rel=\"noopener\"><img loading=\"lazy\" decoding=\"async\" class=\"aligncenter size-medium wp-image-33452953\" src=\"http:\/\/olvasonaplo.net\/olvasonaplo\/files\/\/2017\/05\/antilanregeny-300x482.jpg\" alt=\"\" width=\"300\" height=\"482\" srcset=\"https:\/\/olvasonaplo.net\/olvasonaplo\/files\/2017\/05\/antilanregeny-300x482.jpg 300w, https:\/\/olvasonaplo.net\/olvasonaplo\/files\/2017\/05\/antilanregeny-768x1233.jpg 768w, https:\/\/olvasonaplo.net\/olvasonaplo\/files\/2017\/05\/antilanregeny-638x1024.jpg 638w, https:\/\/olvasonaplo.net\/olvasonaplo\/files\/2017\/05\/antilanregeny.jpg 1471w\" sizes=\"(max-width: 300px) 100vw, 300px\" \/><\/a><\/p>\n<p>7. <strong>Kedvenc \u00faj szerz\u0151 (deb\u00fct\u00e1l\u00f3 vagy sz\u00e1modra \u00faj)<\/strong><br \/>\nLeslyle Walton, akinek <a href=\"http:\/\/olvasonaplo.net\/olvasonaplo\/2017\/02\/04\/leslye-walton-ava-lavender-kulonos-es-szepseges-banata\/\" target=\"_blank\" rel=\"noopener\">Ava Lavender<\/a>-r\u0151l sz\u00f3l\u00f3 reg\u00e9nye teljesen leny\u0171g\u00f6z\u00f6tt, s j\u00f3lesett ez az ifj\u00fas\u00e1gi reg\u00e9nybe oltott m\u00e1gikus realizmus.<br \/>\n<a href=\"http:\/\/olvasonaplo.net\/olvasonaplo\/2017\/02\/04\/leslye-walton-ava-lavender-kulonos-es-szepseges-banata\/\" target=\"_blank\" rel=\"noopener\"><img loading=\"lazy\" decoding=\"async\" class=\"aligncenter size-medium wp-image-33452665\" src=\"http:\/\/olvasonaplo.net\/olvasonaplo\/files\/\/2017\/02\/avalavender-300x465.jpg\" alt=\"\" width=\"300\" height=\"465\" srcset=\"https:\/\/olvasonaplo.net\/olvasonaplo\/files\/2017\/02\/avalavender-300x465.jpg 300w, https:\/\/olvasonaplo.net\/olvasonaplo\/files\/2017\/02\/avalavender-768x1191.jpg 768w, https:\/\/olvasonaplo.net\/olvasonaplo\/files\/2017\/02\/avalavender-660x1024.jpg 660w, https:\/\/olvasonaplo.net\/olvasonaplo\/files\/2017\/02\/avalavender.jpg 1600w\" sizes=\"(max-width: 300px) 100vw, 300px\" \/><\/a><\/p>\n<p>8. <strong>Leg\u00fajabb k\u00f6nyves szerelem<\/strong><br \/>\nK\u00e9preg\u00e9nyek \u00e9s <a href=\"https:\/\/www.goodreads.com\/series\/124376\">Ms. Marvel<\/a>. De r\u00f3la m\u00e9g majd \u00edrok felt\u00e9tlen\u00fcl!<br \/>\n<a href=\"https:\/\/www.goodreads.com\/series\/124376\"><img loading=\"lazy\" decoding=\"async\" class=\"aligncenter size-medium wp-image-33453228\" src=\"http:\/\/olvasonaplo.net\/olvasonaplo\/files\/\/2017\/06\/msmarvel-300x461.jpg\" alt=\"\" width=\"300\" height=\"461\" srcset=\"https:\/\/olvasonaplo.net\/olvasonaplo\/files\/2017\/06\/msmarvel-300x461.jpg 300w, https:\/\/olvasonaplo.net\/olvasonaplo\/files\/2017\/06\/msmarvel-768x1181.jpg 768w, https:\/\/olvasonaplo.net\/olvasonaplo\/files\/2017\/06\/msmarvel-666x1024.jpg 666w, https:\/\/olvasonaplo.net\/olvasonaplo\/files\/2017\/06\/msmarvel.jpg 954w\" sizes=\"(max-width: 300px) 100vw, 300px\" \/><\/a><\/p>\n<p>9.<strong> Leg\u00fajabb kedvenc karakter<\/strong><br \/>\nSelina az <a href=\"http:\/\/olvasonaplo.net\/olvasonaplo\/2017\/03\/29\/v-e-schwab-egy-sotetebb-magia\/\" target=\"_blank\" rel=\"noopener\">Egy s\u00f6t\u00e9tebb m\u00e1gi\u00e1<\/a>b\u00f3l. Alig v\u00e1rom m\u00e1r, hogy megtudjam mi van a m\u00faltj\u00e1ban \u00e9s milyen \u00fajabb kalandok v\u00e1rnak r\u00e1.<\/p>\n<p>10. <strong>Egy k\u00f6nyv, amin s\u00edrt\u00e1l<\/strong>.<br \/>\nJenny Lawson: <a href=\"http:\/\/olvasonaplo.net\/olvasonaplo\/2017\/01\/30\/jenny-lawson-orulten-boldog\/\" target=\"_blank\" rel=\"noopener\">\u0150r\u00fclten boldog<\/a> c\u00edm\u0171 k\u00f6tete, mert n\u00e9hol annyira tudtam \u0151t egyszerre sajn\u00e1lni \u00e9s ugyanakkor csod\u00e1lni is.<br \/>\n<a href=\"http:\/\/olvasonaplo.net\/olvasonaplo\/2017\/01\/30\/jenny-lawson-orulten-boldog\/\" target=\"_blank\" rel=\"noopener\"><img loading=\"lazy\" decoding=\"async\" class=\"aligncenter size-medium wp-image-33452034\" src=\"http:\/\/olvasonaplo.net\/olvasonaplo\/files\/\/2016\/08\/orultenboldog-300x459.jpg\" alt=\"\" width=\"300\" height=\"459\" srcset=\"https:\/\/olvasonaplo.net\/olvasonaplo\/files\/2016\/08\/orultenboldog-300x459.jpg 300w, https:\/\/olvasonaplo.net\/olvasonaplo\/files\/2016\/08\/orultenboldog.jpg 327w\" sizes=\"(max-width: 300px) 100vw, 300px\" \/><\/a><\/p>\n<p>11. <strong>Egy k\u00f6nyv, ami boldogg\u00e1 tett<\/strong>.<br \/>\nEddig ez egy\u00e9rtelm\u0171en a <a href=\"http:\/\/olvasonaplo.net\/olvasonaplo\/2017\/06\/18\/sandhya-menon-dimple-met-rishi\/\" target=\"_blank\" rel=\"noopener\">When Dimple Met Rishi<\/a> volt. Odaragadt a vigyor az arcomra olvas\u00e1s k\u00f6zben.<br \/>\n<a href=\"http:\/\/olvasonaplo.net\/olvasonaplo\/2017\/06\/18\/sandhya-menon-dimple-met-rishi\/\" target=\"_blank\" rel=\"noopener\"><img loading=\"lazy\" decoding=\"async\" class=\"aligncenter size-medium wp-image-33453092\" src=\"http:\/\/olvasonaplo.net\/olvasonaplo\/files\/\/2017\/06\/whendimplemetrishi-300x451.jpg\" alt=\"\" width=\"300\" height=\"451\" srcset=\"https:\/\/olvasonaplo.net\/olvasonaplo\/files\/2017\/06\/whendimplemetrishi-300x451.jpg 300w, https:\/\/olvasonaplo.net\/olvasonaplo\/files\/2017\/06\/whendimplemetrishi-682x1024.jpg 682w, https:\/\/olvasonaplo.net\/olvasonaplo\/files\/2017\/06\/whendimplemetrishi.jpg 767w\" sizes=\"(max-width: 300px) 100vw, 300px\" \/><\/a><\/p>\n<p>12.<strong> Kedvenc filmes adapt\u00e1ci\u00f3, amit id\u00e9n l\u00e1tt\u00e1l<\/strong>.<br \/>\nMivel sok filmet mostan\u00e1ban nem n\u00e9zek, egy\u00e9rtelm\u0171en a Lego Batman \ud83d\ude42<\/p>\n<p>13. <strong>Kedvenc \u00e9rt\u00e9kel\u00e9s, amit id\u00e9n \u00edrt\u00e1l<\/strong>.<br \/>\nEgy\u00e9rtelm\u0171en <a href=\"http:\/\/olvasonaplo.net\/olvasonaplo\/2017\/04\/26\/glen-weldon-cape-crusade-batman\/\" target=\"_blank\" rel=\"noopener\">The Cape Crusade<\/a>, mert h\u00e1t Glen Weldon, akir\u0151l bebizonyosodott, hogy nem csak a hangja kiv\u00e1l\u00f3, de igaz\u00e1n sz\u00f3rakoztat\u00f3 \u00edr\u00e1sban is \u00e9s narr\u00e1tork\u00e9nt meg m\u00e9g ink\u00e1bb viszi a p\u00e1lm\u00e1t.<br \/>\n<a href=\"http:\/\/olvasonaplo.net\/olvasonaplo\/2017\/04\/26\/glen-weldon-cape-crusade-batman\/\" target=\"_blank\" rel=\"noopener\"><img loading=\"lazy\" decoding=\"async\" class=\"aligncenter size-medium wp-image-33452923\" src=\"http:\/\/olvasonaplo.net\/olvasonaplo\/files\/\/2017\/04\/capedcrusade-300x453.jpg\" alt=\"\" width=\"300\" height=\"453\" srcset=\"https:\/\/olvasonaplo.net\/olvasonaplo\/files\/2017\/04\/capedcrusade-300x453.jpg 300w, https:\/\/olvasonaplo.net\/olvasonaplo\/files\/2017\/04\/capedcrusade.jpg 630w\" sizes=\"(max-width: 300px) 100vw, 300px\" \/><\/a><\/p>\n<p>14. <strong>A legszebb k\u00f6nyv, amit id\u00e9n v\u00e1s\u00e1rolt\u00e1l (vagy kapt\u00e1l)<\/strong>.<br \/>\nPuha boldog puffancs, mert a bor\u00edt\u00f3ja olyan b\u00e1rsonyos:)<br \/>\n<a href=\"http:\/\/olvasonaplo.net\/olvasonaplo\/2017\/05\/14\/sarah-andersen-puha-boldog-puffancs\/\" target=\"_blank\" rel=\"noopener\"><img loading=\"lazy\" decoding=\"async\" class=\"aligncenter size-medium wp-image-33453008\" src=\"http:\/\/olvasonaplo.net\/olvasonaplo\/files\/\/2017\/05\/Puhaboldogpuffancs-300x370.jpg\" alt=\"\" width=\"300\" height=\"370\" srcset=\"https:\/\/olvasonaplo.net\/olvasonaplo\/files\/2017\/05\/Puhaboldogpuffancs-300x370.jpg 300w, https:\/\/olvasonaplo.net\/olvasonaplo\/files\/2017\/05\/Puhaboldogpuffancs-768x948.jpg 768w, https:\/\/olvasonaplo.net\/olvasonaplo\/files\/2017\/05\/Puhaboldogpuffancs-830x1024.jpg 830w, https:\/\/olvasonaplo.net\/olvasonaplo\/files\/2017\/05\/Puhaboldogpuffancs.jpg 971w\" sizes=\"(max-width: 300px) 100vw, 300px\" \/><\/a><\/p>\n<p>15. <strong>Melyik k\u00f6nyveket szeretn\u00e9d elolvasni az \u00e9v v\u00e9g\u00e9ig?<\/strong><br \/>\n<a href=\"https:\/\/www.goodreads.com\/book\/show\/34839844\"><img loading=\"lazy\" decoding=\"async\" src=\"http:\/\/olvasonaplo.net\/olvasonaplo\/files\/\/2017\/06\/34839844.jpg\" alt=\"\" width=\"98\" height=\"152\" \/><\/a> <a href=\"https:\/\/www.goodreads.com\/book\/show\/32930819\"><img loading=\"lazy\" decoding=\"async\" src=\"http:\/\/olvasonaplo.net\/olvasonaplo\/files\/\/2017\/06\/32930819.jpg\" alt=\"\" width=\"98\" height=\"148\" \/><\/a> <a href=\"https:\/\/www.goodreads.com\/book\/show\/35216384\"><img loading=\"lazy\" decoding=\"async\" src=\"http:\/\/olvasonaplo.net\/olvasonaplo\/files\/\/2017\/06\/35216384.jpg\" alt=\"\" width=\"98\" height=\"147\" \/><\/a><a href=\"https:\/\/www.goodreads.com\/book\/show\/33011225-midnight-at-the-bright-ideas-bookstore\"><img loading=\"lazy\" decoding=\"async\" src=\"http:\/\/olvasonaplo.net\/olvasonaplo\/files\/\/2017\/06\/33011225.jpg\" alt=\"\" width=\"98\" height=\"150\" \/><\/a> <a href=\"https:\/\/www.goodreads.com\/book\/show\/35496641\"><img decoding=\"async\" src=\"http:\/\/olvasonaplo.net\/olvasonaplo\/files\/\/2017\/06\/35496641.jpg\" \/><\/a> <a href=\"https:\/\/www.goodreads.com\/book\/show\/35486144\"><img loading=\"lazy\" decoding=\"async\" src=\"http:\/\/olvasonaplo.net\/olvasonaplo\/files\/\/2017\/06\/35486144.jpg\" alt=\"\" width=\"94\" height=\"160\" \/><\/a><\/p>\n<p>16. <strong>Kiket jel\u00f6lsz?<\/strong><br \/>\nMivel engem se jel\u00f6lt senki \u00e9n se jel\u00f6l\u00f6k senkit de szerintem ezt sim\u00e1n viheti aki szeretne ir\u00e1ny\u00edtottan f\u00e9l\u00e9v \u00f6sszegz\u00e9st tartani \ud83d\ude42 Mint \u0151k:<br \/>\n<a href=\"http:\/\/pupillaolvas.blogspot.hu\/2017\/06\/mid-year-book-freak-out-tag-2017.html\">Pupilla<\/a>, <a href=\"http:\/\/www.bubumaczkokuckoja.hu\/l\/mid-year-book-freak-out-tag-2017\/\" target=\"_blank\" rel=\"noopener\">BubuMaczk\u00f3<\/a>, <a href=\"http:\/\/ittvalahol.blogspot.hu\/2017\/07\/mid-year-book-freak-out-tag-2017.html\" target=\"_blank\" rel=\"noopener\">D\u00f3ri<\/a>, <a href=\"http:\/\/konyveskalandozasok.blogspot.hu\/2017\/07\/mid-year-book-freak-out-tag-2017.html\" target=\"_blank\" rel=\"noopener\">Nikkincs<\/a>, <a href=\"http:\/\/konyvvizsgalok.blogspot.hu\/2017\/07\/tul-az-ev-felen.html\" target=\"_blank\" rel=\"noopener\">Ilweran<\/a>, <a href=\"http:\/\/jesuisesztelle.blogspot.hu\/2017\/07\/mid-year-book-freak-out-tag-avagy.html\" target=\"_blank\" rel=\"noopener\">Sister<\/a><\/p>\n","protected":false},"excerpt":{"rendered":"<p>Eddig nem szoktam \u00f6sszegz\u00e9seket nagyon \u00edrni, csak az \u00e9v v\u00e9g\u00e9n. De most annyira belelkes\u00fcltem att\u00f3l, hogy a Goodreads szerint m\u00e1r 9 (!) k\u00f6nyvvel jobban \u00e1llok az \u00e9ves tervemhez k\u00e9pest, hogy \u00fagy gondoltam mi\u00e9rt is ne? Pont ma kezd\u0151dik a m\u00e1sodik f\u00e9l\u00e9v, \u00e9rdemes visszan\u00e9zni, mi t\u00f6rt\u00e9nt eddig olvas\u00e1s ter\u00e9n velem. R\u00e1ad\u00e1sul Bubumaczk\u00f3n\u00e1l \u00e9s Pupill\u00e1n\u00e1l l\u00e1ttam ezt [&hellip;]<\/p>\n","protected":false},"author":1,"featured_media":33453236,"comment_status":"open","ping_status":"open","sticky":false,"template":"","format":"standard","meta":{"_monsterinsights_skip_tracking":false,"_monsterinsights_sitenote_active":false,"_monsterinsights_sitenote_note":"","_monsterinsights_sitenote_category":0,"site-sidebar-layout":"default","site-content-layout":"","ast-site-content-layout":"default","site-content-style":"default","site-sidebar-style":"default","ast-global-header-display":"","ast-banner-title-visibility":"","ast-main-header-display":"","ast-hfb-above-header-display":"","ast-hfb-below-header-display":"","ast-hfb-mobile-header-display":"","site-post-title":"","ast-breadcrumbs-content":"","ast-featured-img":"","footer-sml-layout":"","ast-disable-related-posts":"","theme-transparent-header-meta":"","adv-header-id-meta":"","stick-header-meta":"","header-above-stick-meta":"","header-main-stick-meta":"","header-below-stick-meta":"","astra-migrate-meta-layouts":"default","ast-page-background-enabled":"default","ast-page-background-meta":{"desktop":{"background-color":"var(--ast-global-color-5)","background-image":"","background-repeat":"repeat","background-position":"center center","background-size":"auto","background-attachment":"scroll","background-type":"","background-media":"","overlay-type":"","overlay-color":"","overlay-opacity":"","overlay-gradient":""},"tablet":{"background-color":"","background-image":"","background-repeat":"repeat","background-position":"center center","background-size":"auto","background-attachment":"scroll","background-type":"","background-media":"","overlay-type":"","overlay-color":"","overlay-opacity":"","overlay-gradient":""},"mobile":{"background-color":"","background-image":"","background-repeat":"repeat","background-position":"center center","background-size":"auto","background-attachment":"scroll","background-type":"","background-media":"","overlay-type":"","overlay-color":"","overlay-opacity":"","overlay-gradient":""}},"ast-content-background-meta":{"desktop":{"background-color":"var(--ast-global-color-4)","background-image":"","background-repeat":"repeat","background-position":"center center","background-size":"auto","background-attachment":"scroll","background-type":"","background-media":"","overlay-type":"","overlay-color":"","overlay-opacity":"","overlay-gradient":""},"tablet":{"background-color":"var(--ast-global-color-4)","background-image":"","background-repeat":"repeat","background-position":"center center","background-size":"auto","background-attachment":"scroll","background-type":"","background-media":"","overlay-type":"","overlay-color":"","overlay-opacity":"","overlay-gradient":""},"mobile":{"background-color":"var(--ast-global-color-4)","background-image":"","background-repeat":"repeat","background-position":"center center","background-size":"auto","background-attachment":"scroll","background-type":"","background-media":"","overlay-type":"","overlay-color":"","overlay-opacity":"","overlay-gradient":""}},"footnotes":""},"categories":[267],"tags":[1481,75],"book-author":[],"book-series":[],"book-publisher":[],"book-genre":[],"book-source":[],"book-format":[],"class_list":["post-33453211","post","type-post","status-publish","format-standard","has-post-thumbnail","hentry","category-konyvajanlo","tag-fel","tag-osszefoglalas"],"aioseo_notices":[],"_links":{"self":[{"href":"https:\/\/olvasonaplo.net\/olvasonaplo\/wp-json\/wp\/v2\/posts\/33453211","targetHints":{"allow":["GET"]}}],"collection":[{"href":"https:\/\/olvasonaplo.net\/olvasonaplo\/wp-json\/wp\/v2\/posts"}],"about":[{"href":"https:\/\/olvasonaplo.net\/olvasonaplo\/wp-json\/wp\/v2\/types\/post"}],"author":[{"embeddable":true,"href":"https:\/\/olvasonaplo.net\/olvasonaplo\/wp-json\/wp\/v2\/users\/1"}],"replies":[{"embeddable":true,"href":"https:\/\/olvasonaplo.net\/olvasonaplo\/wp-json\/wp\/v2\/comments?post=33453211"}],"version-history":[{"count":16,"href":"https:\/\/olvasonaplo.net\/olvasonaplo\/wp-json\/wp\/v2\/posts\/33453211\/revisions"}],"predecessor-version":[{"id":33457791,"href":"https:\/\/olvasonaplo.net\/olvasonaplo\/wp-json\/wp\/v2\/posts\/33453211\/revisions\/33457791"}],"wp:featuredmedia":[{"embeddable":true,"href":"https:\/\/olvasonaplo.net\/olvasonaplo\/wp-json\/wp\/v2\/media\/33453236"}],"wp:attachment":[{"href":"https:\/\/olvasonaplo.net\/olvasonaplo\/wp-json\/wp\/v2\/media?parent=33453211"}],"wp:term":[{"taxonomy":"category","embeddable":true,"href":"https:\/\/olvasonaplo.net\/olvasonaplo\/wp-json\/wp\/v2\/categories?post=33453211"},{"taxonomy":"post_tag","embeddable":true,"href":"https:\/\/olvasonaplo.net\/olvasonaplo\/wp-json\/wp\/v2\/tags?post=33453211"},{"taxonomy":"book-author","embeddable":true,"href":"https:\/\/olvasonaplo.net\/olvasonaplo\/wp-json\/wp\/v2\/book-author?post=33453211"},{"taxonomy":"book-series","embeddable":true,"href":"https:\/\/olvasonaplo.net\/olvasonaplo\/wp-json\/wp\/v2\/book-series?post=33453211"},{"taxonomy":"book-publisher","embeddable":true,"href":"https:\/\/olvasonaplo.net\/olvasonaplo\/wp-json\/wp\/v2\/book-publisher?post=33453211"},{"taxonomy":"book-genre","embeddable":true,"href":"https:\/\/olvasonaplo.net\/olvasonaplo\/wp-json\/wp\/v2\/book-genre?post=33453211"},{"taxonomy":"book-source","embeddable":true,"href":"https:\/\/olvasonaplo.net\/olvasonaplo\/wp-json\/wp\/v2\/book-source?post=33453211"},{"taxonomy":"book-format","embeddable":true,"href":"https:\/\/olvasonaplo.net\/olvasonaplo\/wp-json\/wp\/v2\/book-format?post=33453211"}],"curies":[{"name":"wp","href":"https:\/\/api.w.org\/{rel}","templated":true}]}}