{"id":33451921,"date":"2016-08-12T12:49:40","date_gmt":"2016-08-12T11:49:40","guid":{"rendered":"http:\/\/olvasonaplo.net\/olvasonaplo\/?p=33451921"},"modified":"2016-08-12T12:53:12","modified_gmt":"2016-08-12T11:53:12","slug":"vendegunk-barath-katalin","status":"publish","type":"post","link":"https:\/\/olvasonaplo.net\/olvasonaplo\/2016\/08\/12\/vendegunk-barath-katalin\/","title":{"rendered":"Vend\u00e9g\u00fcnk: Bar\u00e1th Katalin"},"content":{"rendered":"<p>A <a href=\"https:\/\/popkultcsajoksatobbi.wordpress.com\/\" target=\"_blank\">Popkult, csajok, sat\u00f6bbi podcast<\/a> el\u0151sz\u00f6r h\u00edvott vend\u00e9get a m\u0171sorba, s ami a legjobb, a felk\u00e9rt el is fogadta a megh\u00edv\u00e1st. Brigivel egy\u00fctt nagyon kedvelt\u00fck m\u00e1r eleve a <a href=\"http:\/\/olvasonaplo.net\/olvasonaplo\/tag\/david-veron\/\" target=\"_blank\">D\u00e1vid Veron<\/a> reg\u00e9nyeket, azt\u00e1n teljesen padl\u00f3t fogtunk az <a href=\"http:\/\/www.agavekonyvek.hu\/konyvek\/arkangyal-ejjel\" target=\"_blank\"><em>Arkangyal \u00e9jjel<\/em><\/a>t\u0151l, s mivel \u00fagy t\u0171nt, hogy a <a href=\"https:\/\/popkultcsajoksatobbi.wordpress.com\/2016\/05\/19\/alexander-hamilton-a-61-epizod\/\" target=\"_blank\">Hamilton ad\u00e1s<\/a> kiv\u00e9tel\u00e9vel <a href=\"http:\/\/afeketezongora.blogspot.hu\" target=\"_blank\">Bar\u00e1th Katalin<\/a> szokott minket hallgatni megk\u00e9rdezt\u00fck, hogy besz\u00e9lgetne-e vel\u00fcnk a krimikr\u0151l, popkult\u00far\u00e1r\u00f3l \u00e9s persze a leg\u00fajabb reg\u00e9ny\u00e9r\u0151l.<\/p>\n<p><a href=\"http:\/\/olvasonaplo.net\/olvasonaplo\/files\/\/2016\/08\/arkangyalejjel.jpg\"><img fetchpriority=\"high\" decoding=\"async\" class=\"aligncenter size-large wp-image-33451924\" src=\"http:\/\/olvasonaplo.net\/olvasonaplo\/files\/\/2016\/08\/arkangyalejjel-1024x681.jpg\" alt=\"arkangyalejjel\" width=\"1024\" height=\"681\" srcset=\"https:\/\/olvasonaplo.net\/olvasonaplo\/files\/2016\/08\/arkangyalejjel-1024x681.jpg 1024w, https:\/\/olvasonaplo.net\/olvasonaplo\/files\/2016\/08\/arkangyalejjel-300x199.jpg 300w, https:\/\/olvasonaplo.net\/olvasonaplo\/files\/2016\/08\/arkangyalejjel-768x511.jpg 768w, https:\/\/olvasonaplo.net\/olvasonaplo\/files\/2016\/08\/arkangyalejjel-1080x718.jpg 1080w, https:\/\/olvasonaplo.net\/olvasonaplo\/files\/2016\/08\/arkangyalejjel.jpg 1402w\" sizes=\"(max-width: 1024px) 100vw, 1024px\" \/><\/a><\/p>\n<p>A felv\u00e9tel sor\u00e1n azt\u00e1n persze minden egy\u00e9br\u0151l, m\u00e9g \u00e9letvezet\u00e9si tan\u00e1csokr\u00f3l \u00e9s Facebook moder\u00e1ci\u00f3r\u00f3l is volt sz\u00f3. Na meg persze az \u00edr\u00e1sr\u00f3l, olvas\u00e1sr\u00f3l \u00e9s igyekezt\u00fcnk kult\u00farmisszi\u00f3nkat tov\u00e1bb vinni, azaz hallgat\u00f3s\u00e1got toboroztunk (m\u00e1r k\u00e9t m\u00e1sodik hallgat\u00f3nk jelentkezett az\u00f3ta).<\/p>\n<p>\u00dagyhogy egyel\u0151re az\u00e9rt nem jelent m\u00e9g meg poszt az Arkangyalr\u00f3l, b\u00e1r m\u00e1r r\u00e9g elolvastam, mert arra tartogattam, hogy majd akit \u00e9rdekel, hogy mi volt a v\u00e9lem\u00e9nyem, meghallgathatja. Mi j\u00f3l sz\u00f3rakoztunk a felv\u00e9tel sor\u00e1n, rem\u00e9lem ez kider\u00fcl ha meghallgatj\u00e1tok, sz\u00e1motokra is.<\/p>\n<p>Hallgasd meg a <a href=\"https:\/\/popkultcsajoksatobbi.wordpress.com\/2016\/08\/11\/az-a-resz-amelyikben-barath-katalin-a-67-epizod\/\" target=\"_blank\">67. r\u00e9szt<\/a>:<\/p>\n<p><!--[if lt IE 9]><script>document.createElement('audio');<\/script><![endif]-->\n<audio class=\"wp-audio-shortcode\" id=\"audio-33451921-1\" preload=\"none\" style=\"width: 100%;\" controls=\"controls\"><source type=\"audio\/mpeg\" src=\"https:\/\/popkultcsajoksatobbi.files.wordpress.com\/2016\/08\/popkultcsajoksatobbis03e15.mp3?_=1\" \/><a href=\"https:\/\/popkultcsajoksatobbi.files.wordpress.com\/2016\/08\/popkultcsajoksatobbis03e15.mp3\">https:\/\/popkultcsajoksatobbi.files.wordpress.com\/2016\/08\/popkultcsajoksatobbis03e15.mp3<\/a><\/audio><br \/>\nLe is t\u00f6lten\u00e9d? <a href=\"https:\/\/popkultcsajoksatobbi.files.wordpress.com\/2016\/08\/popkultcsajoksatobbis03e15.mp3\" target=\"_blank\">Popkult, csajok, sat\u00f6bbi S03E15<\/a><br \/>\nAhol lehet \u00e9rt\u00e9kelni is: <a title=\"Podcast: Popkult, csajok, sat\u00f6bbi\" href=\"https:\/\/itunes.apple.com\/hu\/podcast\/popkult-csajok-satobbi-podcasts\/id853150567\" target=\"_blank\">ITunes csatorna<\/a><\/p>\n","protected":false},"excerpt":{"rendered":"<p>A Popkult, csajok, sat\u00f6bbi podcast el\u0151sz\u00f6r h\u00edvott vend\u00e9get a m\u0171sorba, s ami a legjobb, a felk\u00e9rt el is fogadta a megh\u00edv\u00e1st. Brigivel egy\u00fctt nagyon kedvelt\u00fck m\u00e1r eleve a D\u00e1vid Veron reg\u00e9nyeket, azt\u00e1n teljesen padl\u00f3t fogtunk az Arkangyal \u00e9jjelt\u0151l, s mivel \u00fagy t\u0171nt, hogy a Hamilton ad\u00e1s kiv\u00e9tel\u00e9vel Bar\u00e1th Katalin szokott minket hallgatni megk\u00e9rdezt\u00fck, hogy besz\u00e9lgetne-e [&hellip;]<\/p>\n","protected":false},"author":1,"featured_media":33451924,"comment_status":"open","ping_status":"open","sticky":false,"template":"","format":"standard","meta":{"_monsterinsights_skip_tracking":false,"_monsterinsights_sitenote_active":false,"_monsterinsights_sitenote_note":"","_monsterinsights_sitenote_category":0,"site-sidebar-layout":"default","site-content-layout":"","ast-site-content-layout":"default","site-content-style":"default","site-sidebar-style":"default","ast-global-header-display":"","ast-banner-title-visibility":"","ast-main-header-display":"","ast-hfb-above-header-display":"","ast-hfb-below-header-display":"","ast-hfb-mobile-header-display":"","site-post-title":"","ast-breadcrumbs-content":"","ast-featured-img":"","footer-sml-layout":"","ast-disable-related-posts":"","theme-transparent-header-meta":"","adv-header-id-meta":"","stick-header-meta":"","header-above-stick-meta":"","header-main-stick-meta":"","header-below-stick-meta":"","astra-migrate-meta-layouts":"default","ast-page-background-enabled":"default","ast-page-background-meta":{"desktop":{"background-color":"var(--ast-global-color-5)","background-image":"","background-repeat":"repeat","background-position":"center center","background-size":"auto","background-attachment":"scroll","background-type":"","background-media":"","overlay-type":"","overlay-color":"","overlay-opacity":"","overlay-gradient":""},"tablet":{"background-color":"","background-image":"","background-repeat":"repeat","background-position":"center center","background-size":"auto","background-attachment":"scroll","background-type":"","background-media":"","overlay-type":"","overlay-color":"","overlay-opacity":"","overlay-gradient":""},"mobile":{"background-color":"","background-image":"","background-repeat":"repeat","background-position":"center center","background-size":"auto","background-attachment":"scroll","background-type":"","background-media":"","overlay-type":"","overlay-color":"","overlay-opacity":"","overlay-gradient":""}},"ast-content-background-meta":{"desktop":{"background-color":"var(--ast-global-color-4)","background-image":"","background-repeat":"repeat","background-position":"center center","background-size":"auto","background-attachment":"scroll","background-type":"","background-media":"","overlay-type":"","overlay-color":"","overlay-opacity":"","overlay-gradient":""},"tablet":{"background-color":"var(--ast-global-color-4)","background-image":"","background-repeat":"repeat","background-position":"center center","background-size":"auto","background-attachment":"scroll","background-type":"","background-media":"","overlay-type":"","overlay-color":"","overlay-opacity":"","overlay-gradient":""},"mobile":{"background-color":"var(--ast-global-color-4)","background-image":"","background-repeat":"repeat","background-position":"center center","background-size":"auto","background-attachment":"scroll","background-type":"","background-media":"","overlay-type":"","overlay-color":"","overlay-opacity":"","overlay-gradient":""}},"footnotes":""},"categories":[33,869,129],"tags":[234,233],"book-author":[],"book-series":[],"book-publisher":[],"book-genre":[],"book-source":[],"book-format":[],"class_list":["post-33451921","post","type-post","status-publish","format-standard","has-post-thumbnail","hentry","category-egyeb","category-869","category-podcast","tag-david-veron","tag-podcast-2"],"aioseo_notices":[],"_links":{"self":[{"href":"https:\/\/olvasonaplo.net\/olvasonaplo\/wp-json\/wp\/v2\/posts\/33451921","targetHints":{"allow":["GET"]}}],"collection":[{"href":"https:\/\/olvasonaplo.net\/olvasonaplo\/wp-json\/wp\/v2\/posts"}],"about":[{"href":"https:\/\/olvasonaplo.net\/olvasonaplo\/wp-json\/wp\/v2\/types\/post"}],"author":[{"embeddable":true,"href":"https:\/\/olvasonaplo.net\/olvasonaplo\/wp-json\/wp\/v2\/users\/1"}],"replies":[{"embeddable":true,"href":"https:\/\/olvasonaplo.net\/olvasonaplo\/wp-json\/wp\/v2\/comments?post=33451921"}],"version-history":[{"count":8,"href":"https:\/\/olvasonaplo.net\/olvasonaplo\/wp-json\/wp\/v2\/posts\/33451921\/revisions"}],"predecessor-version":[{"id":33451930,"href":"https:\/\/olvasonaplo.net\/olvasonaplo\/wp-json\/wp\/v2\/posts\/33451921\/revisions\/33451930"}],"wp:featuredmedia":[{"embeddable":true,"href":"https:\/\/olvasonaplo.net\/olvasonaplo\/wp-json\/wp\/v2\/media\/33451924"}],"wp:attachment":[{"href":"https:\/\/olvasonaplo.net\/olvasonaplo\/wp-json\/wp\/v2\/media?parent=33451921"}],"wp:term":[{"taxonomy":"category","embeddable":true,"href":"https:\/\/olvasonaplo.net\/olvasonaplo\/wp-json\/wp\/v2\/categories?post=33451921"},{"taxonomy":"post_tag","embeddable":true,"href":"https:\/\/olvasonaplo.net\/olvasonaplo\/wp-json\/wp\/v2\/tags?post=33451921"},{"taxonomy":"book-author","embeddable":true,"href":"https:\/\/olvasonaplo.net\/olvasonaplo\/wp-json\/wp\/v2\/book-author?post=33451921"},{"taxonomy":"book-series","embeddable":true,"href":"https:\/\/olvasonaplo.net\/olvasonaplo\/wp-json\/wp\/v2\/book-series?post=33451921"},{"taxonomy":"book-publisher","embeddable":true,"href":"https:\/\/olvasonaplo.net\/olvasonaplo\/wp-json\/wp\/v2\/book-publisher?post=33451921"},{"taxonomy":"book-genre","embeddable":true,"href":"https:\/\/olvasonaplo.net\/olvasonaplo\/wp-json\/wp\/v2\/book-genre?post=33451921"},{"taxonomy":"book-source","embeddable":true,"href":"https:\/\/olvasonaplo.net\/olvasonaplo\/wp-json\/wp\/v2\/book-source?post=33451921"},{"taxonomy":"book-format","embeddable":true,"href":"https:\/\/olvasonaplo.net\/olvasonaplo\/wp-json\/wp\/v2\/book-format?post=33451921"}],"curies":[{"name":"wp","href":"https:\/\/api.w.org\/{rel}","templated":true}]}}