{"id":33450693,"date":"2015-12-04T23:10:26","date_gmt":"2015-12-04T22:10:26","guid":{"rendered":"http:\/\/olvasonaplo.net\/olvasonaplo\/?p=33450693"},"modified":"2015-12-04T23:10:26","modified_gmt":"2015-12-04T22:10:26","slug":"karacsonyi-konyvajanlo","status":"publish","type":"post","link":"https:\/\/olvasonaplo.net\/olvasonaplo\/2015\/12\/04\/karacsonyi-konyvajanlo\/","title":{"rendered":"Kar\u00e1csonyi k\u00f6nyvaj\u00e1nl\u00f3"},"content":{"rendered":"<p><img fetchpriority=\"high\" decoding=\"async\" class=\"aligncenter\" src=\"https:\/\/popkultcsajoksatobbi.files.wordpress.com\/2014\/12\/la-ra.gif?w=500\" alt=\"\" width=\"500\" height=\"213\" \/><\/p>\n<p>Ahogy azt m\u00e1r kor\u00e1bban jeleztem, a kar\u00e1csonyi k\u00f6nyvaj\u00e1nl\u00f3t egy husz\u00e1ros v\u00e1g\u00e1ssal a <a href=\"https:\/\/popkultcsajoksatobbi.wordpress.com\">Popkult, csajok, sat\u00f6bbi<\/a> podcastban oldottuk meg.<\/p>\n<p>Elmentem k\u00f6nyvesboltba, k\u00f6rben\u00e9ztem \u00e9s megbesz\u00e9lt\u00fck azt\u00e1n tettest\u00e1rsammal, Brigivel, hogy ki mit l\u00e1tna sz\u00edvesen a fa alatt. Csillagok h\u00e1bor\u00faj\u00e1t vagy Harry Pottert? S ha k\u00edv\u00e1ncsi vagy r\u00e1, hogy mi\u00e9rt lett a podcast kulcsmondata, hogy &#8220;<em>Csal\u00f3dtunk benned, Feri<\/em>&#8221; akkor bizony meg kell hallgatni:<\/p>\n<p>Hallgasd meg <a href=\"https:\/\/popkultcsajoksatobbi.wordpress.com\/2015\/12\/03\/karacsonyi-kivansaglista-az-49-epizod\/\" target=\"_blank\">a 49. ad\u00e1st<\/a>:<\/p>\n<p><!--[if lt IE 9]><script>document.createElement('audio');<\/script><![endif]-->\n<audio class=\"wp-audio-shortcode\" id=\"audio-33450693-1\" preload=\"none\" style=\"width: 100%;\" controls=\"controls\"><source type=\"audio\/mpeg\" src=\"https:\/\/popkultcsajoksatobbi.files.wordpress.com\/2015\/12\/popkultcsajoksatobbis02e23.mp3?_=1\" \/><a href=\"https:\/\/popkultcsajoksatobbi.files.wordpress.com\/2015\/12\/popkultcsajoksatobbis02e23.mp3\">https:\/\/popkultcsajoksatobbi.files.wordpress.com\/2015\/12\/popkultcsajoksatobbis02e23.mp3<\/a><\/audio><br \/>\nLe is t\u00f6lten\u00e9d? <a href=\"https:\/\/popkultcsajoksatobbi.files.wordpress.com\/2015\/12\/popkultcsajoksatobbis02e23.mp3\">Popkult, csajok, sat\u00f6bbi S02E23<\/a><\/p>\n<p>Ja \u00e9s m\u00e9g volt egy ad\u00e1sunk, ami szint\u00e9n k\u00f6nyves, s f\u0151leg az \u00e9letrajzokr\u00f3l sz\u00f3l. Neil Patrick Harris, Tina Fey, Stephen Fry \u00e9s t\u00e1rsaik. S persze kiv\u00e1rjuk, hogy Benedict Cumberbatch is \u00edrjon majd egyet.<\/p>\n<p>Hallgasd meg <a href=\"https:\/\/popkultcsajoksatobbi.wordpress.com\/2015\/11\/19\/bevezetes-az-oneletrajz-olvasasba-a-48-epizod\/\" target=\"_blank\">a 48. r\u00e9szt<\/a>:<\/p>\n<p><audio class=\"wp-audio-shortcode\" id=\"audio-33450693-2\" preload=\"none\" style=\"width: 100%;\" controls=\"controls\"><source type=\"audio\/mpeg\" src=\"https:\/\/popkultcsajoksatobbi.files.wordpress.com\/2015\/11\/popkultcsajoksatobbis02e22.mp3?_=2\" \/><a href=\"https:\/\/popkultcsajoksatobbi.files.wordpress.com\/2015\/11\/popkultcsajoksatobbis02e22.mp3\">https:\/\/popkultcsajoksatobbi.files.wordpress.com\/2015\/11\/popkultcsajoksatobbis02e22.mp3<\/a><\/audio><br \/>\nLe is t\u00f6lten\u00e9d? <a href=\"https:\/\/popkultcsajoksatobbi.files.wordpress.com\/2015\/11\/popkultcsajoksatobbis02e22.mp3\">Popkult, csajok, sat\u00f6bbi S02E22<\/a><br \/>\nAhol lehet \u00e9rt\u00e9kelni is: <a title=\"Podcast: Popkult, csajok, sat\u00f6bbi\" href=\"https:\/\/itunes.apple.com\/hu\/podcast\/popkult-csajok-satobbi-podcasts\/id853150567\" target=\"_blank\">ITunes csatorna<\/a><\/p>\n","protected":false},"excerpt":{"rendered":"<p>Ahogy azt m\u00e1r kor\u00e1bban jeleztem, a kar\u00e1csonyi k\u00f6nyvaj\u00e1nl\u00f3t egy husz\u00e1ros v\u00e1g\u00e1ssal a Popkult, csajok, sat\u00f6bbi podcastban oldottuk meg. Elmentem k\u00f6nyvesboltba, k\u00f6rben\u00e9ztem \u00e9s megbesz\u00e9lt\u00fck azt\u00e1n tettest\u00e1rsammal, Brigivel, hogy ki mit l\u00e1tna sz\u00edvesen a fa alatt. Csillagok h\u00e1bor\u00faj\u00e1t vagy Harry Pottert? S ha k\u00edv\u00e1ncsi vagy r\u00e1, hogy mi\u00e9rt lett a podcast kulcsmondata, hogy &#8220;Csal\u00f3dtunk benned, Feri&#8221; akkor [&hellip;]<\/p>\n","protected":false},"author":1,"featured_media":33446510,"comment_status":"open","ping_status":"open","sticky":false,"template":"","format":"standard","meta":{"_monsterinsights_skip_tracking":false,"_monsterinsights_sitenote_active":false,"_monsterinsights_sitenote_note":"","_monsterinsights_sitenote_category":0,"site-sidebar-layout":"default","site-content-layout":"","ast-site-content-layout":"default","site-content-style":"default","site-sidebar-style":"default","ast-global-header-display":"","ast-banner-title-visibility":"","ast-main-header-display":"","ast-hfb-above-header-display":"","ast-hfb-below-header-display":"","ast-hfb-mobile-header-display":"","site-post-title":"","ast-breadcrumbs-content":"","ast-featured-img":"","footer-sml-layout":"","ast-disable-related-posts":"","theme-transparent-header-meta":"","adv-header-id-meta":"","stick-header-meta":"","header-above-stick-meta":"","header-main-stick-meta":"","header-below-stick-meta":"","astra-migrate-meta-layouts":"default","ast-page-background-enabled":"default","ast-page-background-meta":{"desktop":{"background-color":"var(--ast-global-color-5)","background-image":"","background-repeat":"repeat","background-position":"center center","background-size":"auto","background-attachment":"scroll","background-type":"","background-media":"","overlay-type":"","overlay-color":"","overlay-opacity":"","overlay-gradient":""},"tablet":{"background-color":"","background-image":"","background-repeat":"repeat","background-position":"center center","background-size":"auto","background-attachment":"scroll","background-type":"","background-media":"","overlay-type":"","overlay-color":"","overlay-opacity":"","overlay-gradient":""},"mobile":{"background-color":"","background-image":"","background-repeat":"repeat","background-position":"center center","background-size":"auto","background-attachment":"scroll","background-type":"","background-media":"","overlay-type":"","overlay-color":"","overlay-opacity":"","overlay-gradient":""}},"ast-content-background-meta":{"desktop":{"background-color":"var(--ast-global-color-4)","background-image":"","background-repeat":"repeat","background-position":"center center","background-size":"auto","background-attachment":"scroll","background-type":"","background-media":"","overlay-type":"","overlay-color":"","overlay-opacity":"","overlay-gradient":""},"tablet":{"background-color":"var(--ast-global-color-4)","background-image":"","background-repeat":"repeat","background-position":"center center","background-size":"auto","background-attachment":"scroll","background-type":"","background-media":"","overlay-type":"","overlay-color":"","overlay-opacity":"","overlay-gradient":""},"mobile":{"background-color":"var(--ast-global-color-4)","background-image":"","background-repeat":"repeat","background-position":"center center","background-size":"auto","background-attachment":"scroll","background-type":"","background-media":"","overlay-type":"","overlay-color":"","overlay-opacity":"","overlay-gradient":""}},"footnotes":""},"categories":[33,129],"tags":[],"book-author":[],"book-series":[],"book-publisher":[],"book-genre":[],"book-source":[],"book-format":[],"class_list":["post-33450693","post","type-post","status-publish","format-standard","has-post-thumbnail","hentry","category-egyeb","category-podcast"],"aioseo_notices":[],"_links":{"self":[{"href":"https:\/\/olvasonaplo.net\/olvasonaplo\/wp-json\/wp\/v2\/posts\/33450693","targetHints":{"allow":["GET"]}}],"collection":[{"href":"https:\/\/olvasonaplo.net\/olvasonaplo\/wp-json\/wp\/v2\/posts"}],"about":[{"href":"https:\/\/olvasonaplo.net\/olvasonaplo\/wp-json\/wp\/v2\/types\/post"}],"author":[{"embeddable":true,"href":"https:\/\/olvasonaplo.net\/olvasonaplo\/wp-json\/wp\/v2\/users\/1"}],"replies":[{"embeddable":true,"href":"https:\/\/olvasonaplo.net\/olvasonaplo\/wp-json\/wp\/v2\/comments?post=33450693"}],"version-history":[{"count":3,"href":"https:\/\/olvasonaplo.net\/olvasonaplo\/wp-json\/wp\/v2\/posts\/33450693\/revisions"}],"predecessor-version":[{"id":33450696,"href":"https:\/\/olvasonaplo.net\/olvasonaplo\/wp-json\/wp\/v2\/posts\/33450693\/revisions\/33450696"}],"wp:featuredmedia":[{"embeddable":true,"href":"https:\/\/olvasonaplo.net\/olvasonaplo\/wp-json\/wp\/v2\/media\/33446510"}],"wp:attachment":[{"href":"https:\/\/olvasonaplo.net\/olvasonaplo\/wp-json\/wp\/v2\/media?parent=33450693"}],"wp:term":[{"taxonomy":"category","embeddable":true,"href":"https:\/\/olvasonaplo.net\/olvasonaplo\/wp-json\/wp\/v2\/categories?post=33450693"},{"taxonomy":"post_tag","embeddable":true,"href":"https:\/\/olvasonaplo.net\/olvasonaplo\/wp-json\/wp\/v2\/tags?post=33450693"},{"taxonomy":"book-author","embeddable":true,"href":"https:\/\/olvasonaplo.net\/olvasonaplo\/wp-json\/wp\/v2\/book-author?post=33450693"},{"taxonomy":"book-series","embeddable":true,"href":"https:\/\/olvasonaplo.net\/olvasonaplo\/wp-json\/wp\/v2\/book-series?post=33450693"},{"taxonomy":"book-publisher","embeddable":true,"href":"https:\/\/olvasonaplo.net\/olvasonaplo\/wp-json\/wp\/v2\/book-publisher?post=33450693"},{"taxonomy":"book-genre","embeddable":true,"href":"https:\/\/olvasonaplo.net\/olvasonaplo\/wp-json\/wp\/v2\/book-genre?post=33450693"},{"taxonomy":"book-source","embeddable":true,"href":"https:\/\/olvasonaplo.net\/olvasonaplo\/wp-json\/wp\/v2\/book-source?post=33450693"},{"taxonomy":"book-format","embeddable":true,"href":"https:\/\/olvasonaplo.net\/olvasonaplo\/wp-json\/wp\/v2\/book-format?post=33450693"}],"curies":[{"name":"wp","href":"https:\/\/api.w.org\/{rel}","templated":true}]}}