{"id":33448090,"date":"2013-12-16T23:14:23","date_gmt":"2013-12-16T22:14:23","guid":{"rendered":"http:\/\/olvasonaplo.net\/olvasonaplo\/?p=33448090"},"modified":"2013-12-16T23:15:45","modified_gmt":"2013-12-16T22:15:45","slug":"mentek-egy-ujabb-interjut","status":"publish","type":"post","link":"https:\/\/olvasonaplo.net\/olvasonaplo\/2013\/12\/16\/mentek-egy-ujabb-interjut\/","title":{"rendered":"Mentek egy \u00fajabb interj\u00fat"},"content":{"rendered":"<p>Annak idej\u00e9n a Freeblog k\u00f6nyves aloldal\u00e1n Natasha nem csak k\u00f6nyvesbloggereket k\u00e9rdezett \u00e1m. Itt van az egyik els\u0151 interj\u00fa Nagy Benc\u00e9vel, a Moly.hu alap\u00edt\u00f3j\u00e1val. \u00dagy gondoltam, ha m\u00e1r mentek, ez se maradjon az eny\u00e9szet\u00e9. Esetleg \u00e9rdemes megn\u00e9zni \u00e9s v\u00e9giggondolni, mi is t\u00f6rt\u00e9nt az\u00f3ta.<br \/>\nAz interj\u00fa eredetileg 2010 febru\u00e1r 4-\u00e9n jelent meg:<\/p>\n<p><em><strong>Ismerd meg a moly.hu alap\u00edt\u00f3j\u00e1t<\/strong><\/em><\/p>\n<p><a href=\"http:\/\/olvasonaplo.net\/olvasonaplo\/files\/\/2013\/12\/nbence.jpg\"><img decoding=\"async\" class=\"alignleft size-full wp-image-33448091\" alt=\"Nagy Bence\" src=\"http:\/\/olvasonaplo.net\/olvasonaplo\/files\/\/2013\/12\/nbence.jpg\" width=\"200\" height=\"134\" \/><\/a><em>Ha b\u00e1rmelyik k\u00f6nyvesbloggert\u0151l megk\u00e9rdezn\u00e9m, hogy melyik az az oldal, amelyiken a tagok \u00e9rt\u00e9kelhetik az elolvasott k\u00f6nyveket, ahol egym\u00e1ssal kommunik\u00e1lhatnak, ahol j\u00f3 hangulat uralkodik \u00e9s szinte minden nap \u00fajabbn\u00e1l \u00fajabb dolgokat lehet felfedezni, szinte biztos vagyok benne, hogy mindenki a <a href=\"http:\/\/moly.hu\" target=\"_blank\">Moly.hu<\/a>-t mondan\u00e1. Az oldal kital\u00e1l\u00f3j\u00e1val \u00e9s a k\u00f6nyvmolyok h\u00edres t\u00e1mogat\u00f3j\u00e1val, Nagy Benc\u00e9vel k\u00e9sz\u00fclt interj\u00fat olvashatj\u00e1tok.<\/em><\/p>\n<p><em>&#8211; Kezdj\u00fck egy k\u00f6nny\u0171 k\u00e9rd\u00e9ssel: kicsoda Nagy Bence?<\/em><br \/>\nEgy sr\u00e1c k\u00e1v\u00e9s poh\u00e1rral az arca el\u0151tt, legal\u00e1bbis ez egy k\u00f6nny\u0171 v\u00e1lasz a k\u00e9rd\u00e9sedre.<\/p>\n<p><em>&#8211; Az avatarodra c\u00e9lzol? Gondolom, szereted a k\u00e1v\u00e9t&#8230; De lehetne enn\u00e9l kicsivel t\u00f6bbet tudni r\u00f3lad?<\/em><br \/>\nT\u00e9nyleg szeretem a k\u00e1v\u00e9t, de az \u00f6ndefini\u00e1l\u00e1s nem igaz\u00e1n megy. Val\u00f3sz\u00edn\u0171leg t\u00fal sok\u00a0<em>Popper P\u00e9ter<\/em>t \u00e9s<em>Anthony de Mell\u00f3<\/em>t olvastam, amelyekben a mester \u00e1ltal\u00e1ban a vil\u00e1gegyetemmel \u00e1ll\u00edtja szembe a tan\u00edtv\u00e1nyt. Meg tal\u00e1n\u00a0<em>Karinthy\u00a0<\/em>mondta, hogy az ember nem annyi, amennyi, hanem annyi, amennyi t\u0151le kitelik. Sz\u00f3val az el\u0151bbi meg\u00e1llap\u00edt\u00e1st annyival pontos\u00edtan\u00e1m, hogy egy sr\u00e1c k\u00e1v\u00e9s poh\u00e1rral, aki mag\u00e1ra szedett a csaknem harminch\u00e1rom \u00e9ve alatt annyit, hogy l\u00e9trehozzon egy Moly nev\u0171 k\u00f6nyves k\u00f6z\u00f6ss\u00e9gi oldalt. Jobban belegondolva, ez el\u00e9g komoly tett, \u00e9s sokr\u00e9t\u0171 tud\u00e1st meg sokfajta er\u00e9nyt k\u00edv\u00e1n meg, de gondolom, hogy legink\u00e1bb a projektre vagy k\u00edv\u00e1ncsi.<\/p>\n<p><em>&#8211; J\u00f3l sejted, hogy egy k\u00f6nyves oldalra k\u00e9sz\u00fcl\u0151 interj\u00faban ez lenne a t\u00e9ma. Teh\u00e1t k\u00f6nyves k\u00f6z\u00f6ss\u00e9gi oldal?<\/em><br \/>\nN\u00e9h\u00e1nyan k\u00f6nyves iWiW-nek is h\u00edvj\u00e1k, tal\u00e1n \u00edgy mindenki el tudja k\u00e9pzelni, hogy mir\u0151l is lehet sz\u00f3. A Moly azonban er\u0151sen tematiz\u00e1lt, \u00edgy nem a kor\u00e1bbi ismer\u0151s\u00f6kkel t\u00f6rt\u00e9n\u0151 kapcsolattart\u00e1s a f\u0151 funkci\u00f3ja, hanem hogy a saj\u00e1t olvasm\u00e1ny\u00e9lm\u00e9nyeink alapj\u00e1n tartozhatunk egy k\u00f6z\u00f6ss\u00e9ghez. Persze nem is biztos, hogy ez \u00edgy mindenkinek pontosan le\u00edrja a viszony\u00e1t az oldalhoz, mert val\u00f3j\u00e1ban csak arra is nagyon j\u00f3l lehet haszn\u00e1lni, hogy az olvasm\u00e1nyainkat \u00e9s a saj\u00e1t k\u00f6nyveinket nyilv\u00e1ntartsuk. Mindez persze egy kommunik\u00e1ci\u00f3s fel\u00fcletbe \u00e1gyazva t\u00f6rt\u00e9nik, amely folyamatosan arra cs\u00e1b\u00edt, hogy kapcsolatba l\u00e9pj m\u00e1sokkal, v\u00e9lem\u00e9nyezd az \u00e9rt\u00e9kel\u00e9seiket, \u00e9s hozz\u00e1sz\u00f3lj a feldobott t\u00e9m\u00e1khoz.<\/p>\n<p><em>&#8211; Ez\u00e9rt is nem p\u00e9ld\u00e1ul olvasok.hu lett?<\/em><br \/>\nJ\u00f3 n\u00e9vnek t\u0171nt a Moly, illetve hozz\u00e1 viszony\u00edtva minden m\u00e1s rosszabbnak, de j\u00f3l l\u00e1tod, hogy m\u00e1r r\u00e9g\u00f3ta nemcsak az olvas\u00e1sr\u00f3l sz\u00f3l az oldal, hanem egy adott szenved\u00e9llyel \u00e9l\u0151k \u00f6sszetartoz\u00e1s\u00e1nak a sz\u00edntere. A Moly egyszer\u0171en levezethet\u0151 a k\u00f6nyvmolyb\u00f3l, \u00e9s k\u00e9s\u0151bb kider\u00fclt, hogy sz\u00e1mos molyos kifejez\u00e9s k\u00e9pezhet\u0151 egy ilyen r\u00f6vidke alapsz\u00f3b\u00f3l. Lassank\u00e9nt egy molyos minisz\u00f3t\u00e1rat is \u00f6ssze lehetne \u00e1ll\u00edtani, mert a molyolni ig\u00e9nek m\u00e1r t\u00f6bb jelent\u00e9se is van haszn\u00e1latban. Van aki az oldal l\u00e1togat\u00e1s\u00e1t \u00e9rti alatta, de m\u00e1snak a friss esem\u00e9nyek megtekint\u00e9se m\u00e9g nem molyol\u00e1s, csak azt h\u00edvja annak, ha f\u00fclsz\u00f6veget, bor\u00edt\u00f3t vagy id\u00e9zetet t\u00f6lt fel.<\/p>\n<p><em>&#8211; Teh\u00e1t a tagok t\u00f6ltik fel tartalommal?<\/em><br \/>\nA Moly nem k\u00e9sz adatb\u00e1zisra \u00e9p\u00fclt, hanem minden egyes adatot a tagok t\u00f6lt\u00f6ttek fel. Nemr\u00e9g \u00e9rt\u00fck el a negyvenezer k\u00f6nyvet, \u00edgy m\u00e1r igaz\u00e1n komoly adatb\u00e1zisr\u00f3l besz\u00e9lhet\u00fcnk, vagyis ha m\u00e1r a k\u00f6nyves iWiW-et mondtam, akkor\u00a0 a k\u00f6nyves Wikip\u00e9dia elnevez\u00e9s is legal\u00e1bb annyira jellemz\u0151 r\u00e1. Persze nem besz\u00e9lhet\u00fcnk teljes adatb\u00e1zishoz, a Molyon ugyanis nincsenek kiad\u00e1si adatok. Az oldal alapkoncepci\u00f3ja szerint a k\u00f6nyvek \u00fagy szerepelnek a rendszerben, ahogyan egy besz\u00e9lget\u00e9s sor\u00e1n hivatkozn\u00e1nk r\u00e1. Ez\u00e9rt nem a vezet\u00e9knevek szerint vannak rendezve a szerz\u0151k, hanem ahogyan a bor\u00edt\u00f3n szerepelnek. \u00c9s ez\u00e9rt nem lehet l\u00e1tni egy k\u00f6nyvn\u00e9l, hogy mikor adt\u00e1k ki, persze ebbe k\u00f6zrej\u00e1tszott az is, hogy elk\u00e9peszt\u0151en nagy munk\u00e1t jelentett volna a tagok \u00e1ltal felvitt inform\u00e1ci\u00f3k ellen\u0151rz\u00e9se \u00e9s jav\u00edt\u00e1sa. A Moly \u00f6nk\u00e9ntes szerkeszt\u0151inek \u00edgy is rengeteg feladata van, hogy csak a szerz\u0151ket \u00e9s a c\u00edmeket kell n\u00e9zni\u00fck.<\/p>\n<p><em>&#8211; Ezt mennyire tartod gyenges\u00e9gnek vagy er\u0151ss\u00e9gnek? Vagy \u00fagy \u00e1ltal\u00e1ban melyek a rendszer er\u0151s \u00e9s gyenge pontjai?<\/em><br \/>\nNagyon sok\u00e1ig az a szlogen volt olvashat\u00f3 a lapok tetej\u00e9n, hogy a Moly val\u00f3j\u00e1ban k\u00f6nyves j\u00e1tsz\u00f3t\u00e9r. Noha ez leker\u00fclt, r\u00e9szben a diz\u00e1jnt \u00e9rint\u0151 d\u00f6nt\u00e9sek miatt, r\u00e9szben meg amiatt, mert eg\u00e9szen egyszer\u0171en rendk\u00edv\u00fcl \u00e9rt\u00e9kess\u00e9 v\u00e1lt a fel\u00e9p\u00fclt adatb\u00e1zis, val\u00f3j\u00e1ban a j\u00e1tsz\u00f3t\u00e9r jelleg a mai napig megmaradt. \u00c9s ez igaz \u00e9pp\u00fagy a fejleszt\u00e9sre, mint az oldalon zajl\u00f3 t\u00f6rt\u00e9n\u00e9sekre.A Moly a mai napig egyemberes projekt, gyakorlatilag minden feladat az \u00e9n k\u00e9zben fut \u00f6ssze, \u00e9s csak a szerkeszt\u00e9st tudom deleg\u00e1lni az arra \u00e9rdemes tagoknak. \u00c9s ahhoz, hogy ezt elhordozhassam az \u00f6sszes ezzel j\u00e1r\u00f3 terhet, k\u00e9nytelen vagyok mindent \u00fagy csin\u00e1lni, hogy sz\u00f3rakoztat\u00f3 is legyen.<\/p>\n<p><em>&#8211; Ha j\u00f3l tudom, m\u00e1shol is dolgozol. Hogyan tudod \u00f6sszeegyeztetni a Molyt \u00e9s a munkaid\u0151det?<\/em><br \/>\nJ\u00f3l tudod, a\u00a0<em>Luther Kiad\u00f3<\/em>ban dolgozom rendes f\u0151\u00e1ll\u00e1sban, szerencs\u00e9re az ottani munka mennyis\u00e9ge \u00e1ltal\u00e1ban \u00e1lland\u00f3, \u00e9s b\u00e1r nem mindig tervezhet\u0151 pontosan a munkaid\u0151, a nagy hajt\u00e1s t\u00f6bbnyire csak felp\u00f6rget. De a Moly klasszikus szabadid\u0151s projekt, illetve mivel a kiad\u00f3ban is van p\u00e1r fejleszt\u0151i feladatom, \u00e9s az egyh\u00e1z hetilapj\u00e1nak, az\u00a0<em>Evang\u00e9likus \u00c9let<\/em>nek vezetem az informatikai rovat\u00e1t, ez\u00e9rt gyakorlatilag a megszerzett tud\u00e1som az, amelyen osztozik a kett\u0151. \u00c9jjel meg j\u00f3 zen\u00e9k mennek az mr2-n, amelyek szint\u00e9n j\u00f3l j\u00f6nnek a p\u00f6rg\u00e9shez. \u00c1ltal\u00e1ban ink\u00e1bb az okoz gondot, hogy egy \u00e9rdekes probl\u00e9ma vagy kih\u00edv\u00e1s mellett nem is olyan k\u00f6nny\u0171 elaludni. De ahogy a latin mond\u00e1s tartja: &#8220;Deus mare, Batavus litora fecit.&#8221; \u00c9s b\u00e1r lehet, hogy nem passzol t\u00f6k\u00e9letesen, de egy j\u00f3 interj\u00fa elengedhetetlen kell\u00e9ke egy latin elsz\u00f3l\u00e1s&#8230;<\/p>\n<p><em>&#8211; Meg tudn\u00e1d saccolni, k\u00f6r\u00fclbel\u00fcl h\u00e1ny \u00f3r\u00e1t t\u00f6lt\u00f6tt\u00e9l m\u00e1r el az oldalon?<\/em><br \/>\nNem igaz\u00e1n. Val\u00f3sz\u00edn\u0171leg nem is tenne j\u00f3t, mert ha \u00f3r\u00e1kkal sz\u00e1moln\u00e9k, akkor nagyon gy\u00e1szos fejleszt\u00e9si \u00f3rad\u00edj j\u00f6nne ki. Vagyis eltekintve att\u00f3l, hogy elm\u00e9letben ez remek befektet\u00e9snek t\u0171nik most, el\u00e9g sok er\u0151forr\u00e1st em\u00e9szt fel, \u00e9s ez\u00e9rt nem biztos, hogy racion\u00e1lisan \u00e9rdemes a k\u00e9rd\u00e9shez viszonyulni. De persze molyolni \u00e1ltal\u00e1ban j\u00f3 dolog, az oldal meg vicces csatatere a k\u00fcl\u00f6nb\u00f6z\u0151 elk\u00e9pzel\u00e9seknek, a fejleszt\u00e9s pedig remek agytorna, \u00e9s olyan \u00e9lvezetes, mint egy kisgyereknek a leg\u00f3z\u00e1s.<br \/>\n<em><br \/>\n&#8211; Az oldal szinte az indul\u00e1s\u00e1t\u00f3l kezdve folyamatosan fejleszt\u00e9s alatt \u00e1ll. Maximalista vagy?<\/em><br \/>\nNem vagyok maximalista, mert nem engedhetem meg magamnak, ez ugyanis val\u00f3sz\u00edn\u0171leg azzal j\u00e1rna, hogy nem is hib\u00e1zhatn\u00e9k, m\u00e1rpedig a fejleszt\u00e9si modell a manaps\u00e1g divatos fail fast, vagyis pr\u00f3b\u00e1ld ki, \u00e9s ha nem j\u00f3, akkor vesd el. P\u00e1r \u00e9ve egy\u00fctt dolgoztam egy k\u00f6nyv\u00f6n\u00a0<em>Nasz\u00e1di Kriszt\u00e1<\/em>val, a\u00a0<em>Harmat Kiad\u00f3<\/em>f\u0151szerkeszt\u0151j\u00e9vel, \u00e9s akkor valami hasonl\u00f3t k\u00e9rdeztem t\u0151le, mire \u0151 azt v\u00e1laszolta, hogy csak addig csin\u00e1l valamit, am\u00edg az el\u00e9g j\u00f3 nem lesz. \u00c9s ez az &#8220;el\u00e9g j\u00f3&#8221; persze az emberek 99%-\u00e1nak m\u00e1r t\u00f6k\u00e9letesnek t\u0171nik, de az, hogy az ember ezt \u00edgy ki tudja mondja, egyben annyit is jelent, hogy meg tud \u00e1llni, el tud engedni valamit, amikor az m\u00e1r k\u00e9szen van. \u00c9s ha jobban belegondolsz, akkor ez az egyik legnehezebb dolog egy projektn\u00e9l.<\/p>\n<p><em>&#8211; \u00c9s akkor m\u00e1r tudod, hogy mikor lesz v\u00e9ge?<\/em><br \/>\nMajd az utols\u00f3 moly kapcsolja le a villanyt? A net egy \u0151r\u00fclt sebess\u00e9ggel sz\u00e1guld\u00f3 gyorsvonat, annyit minden fejleszt\u0151 l\u00e1that, hogy lesz\u00e1llni nem lehet r\u00f3la, kisz\u00e1llni meg nem \u00e9rdemes. Sz\u00f3val az &#8220;el\u00e9g j\u00f3&#8221; egy t\u00fal gyorsan v\u00e1ltoz\u00f3 k\u00f6rnyezetben nagyon sebesen v\u00e1ltozik \u00e1t \u00fajra \u00e9s \u00fajra &#8220;m\u00e9g nem el\u00e9g j\u00f3v\u00e1&#8221;.<\/p>\n<p><em>&#8211; Bev\u00e9telr\u0151l besz\u00e9lhetsz m\u00e1r? Gazdas\u00e1gosan m\u0171k\u00f6dtethet\u0151 a Molyt?<\/em><br \/>\nA Moly nemr\u00e9g m\u00falt egy \u00e9ves, \u00e9s az els\u0151 \u00e9vben nem sok gondot ford\u00edtottam a gazdas\u00e1goss\u00e1gi k\u00e9rd\u00e9sekre, de ez persze egy startup eset\u00e9n elfogadhat\u00f3 is, ha a gyors n\u00f6veked\u00e9s kap priorit\u00e1st. Most m\u00e1r nagyj\u00e1b\u00f3l k\u00f6rvonalaz\u00f3dik, hogy mik\u00e9nt lenne m\u0171k\u00f6dtethet\u0151 rent\u00e1bilisen, a\u00a0<em>Jaffa\u00a0<\/em>\u00e9s az\u00a0<em>Alinea Kiad\u00f3<\/em>r\u00e9v\u00e9n volt p\u00e1r izgalmas akci\u00f3, amely ut\u00e1n jutal\u00e9kot kapunk, t\u00f6bb ilyet is el tudn\u00e9k k\u00e9pzelni. A Moly k\u00f6nyvesboltj\u00e1ban t\u00f6rt\u00e9nt v\u00e1s\u00e1rl\u00e1sok jelenthetik a m\u00e1sik pill\u00e9rt, \u00e9s \u00fagy fest, hogy a\u00a0<em>Gmedia sales house<\/em>pedig a hirdet\u00e9si piacra fogja megfelel\u0151en bevezetni az oldalt. Jelenleg \u00fagy a v\u00e1rakoz\u00e1sok egytized\u00e9t hozhatja bev\u00e9telben, de ez a sz\u00e1m folyamatosan javul.<\/p>\n<p><em>&#8211; Mennyien is l\u00e1togatj\u00e1k jelenleg a Molyt?<\/em><br \/>\nAz elm\u00falt egy h\u00f3napban t\u00f6bb mint 65.000 egyedi l\u00e1togat\u00f3 fordult meg az oldalon, az egy l\u00e1togat\u00e1sra es\u0151 oldallet\u00f6lt\u00e9sek sz\u00e1ma pedig 20 k\u00f6r\u00fcl mozog, vagyis az \u00e1tlagmoly sokat kalandozik az oldalon bel\u00fcl. Az elm\u00falt egy h\u00e9t csaknem minden fejleszt\u00e9se arra ir\u00e1nyult, hogy az oldal gyorsabb legyen, \u00e9s m\u00e9g t\u00f6bb fel\u00fcleti \u00e1talak\u00edt\u00e1sra is lehet sz\u00e1m\u00edtani, amelyek azt a c\u00e9lt szolg\u00e1lj\u00e1k, hogy a rendszer min\u00e9l jobban k\u00e9zre \u00e1lljon, \u00e9s a lehet\u0151 legpraktikusabb haszn\u00e1latot tegye lehet\u0151v\u00e9. Szerencs\u00e9re a Moly k\u00f6z\u00f6ss\u00e9ge j\u00f3 a visszajelz\u00e9seket tekintve is, \u00edgy el\u00e9g pontosan lehet tudni, hogy mi nem m\u0171k\u00f6dik megfelel\u0151en, vagy mire lenne ig\u00e9ny \u00e9ppen.<\/p>\n<p><em>&#8211; Kapt\u00e1l m\u00e1r negat\u00edv kritik\u00e1kat is?<\/em><br \/>\nA negat\u00edv kritika az a teher, amely alatt a p\u00e1lm\u00e1k gyorsan n\u0151nek. De k\u00fcl\u00f6nben a Moly j\u00f3l \u00f6sszerakott rendszer, ez\u00e9rt el\u00e9g sok \u00faj ismer\u0151st is hozott fejleszt\u0151i k\u00f6r\u00f6kb\u0151l, \u00edgy azt\u00e1n a legt\u00f6bb magyar szakembert m\u00e1r ismerem azok k\u00f6z\u00fcl, akiknek kor\u00e1bban is adtam a v\u00e9lem\u00e9ny\u00e9re. Az \u0151 hozz\u00e1sz\u00f3l\u00e1suk egy\u00e9rtelm\u0171en \u00e9rt\u00e9k, p\u00e9ld\u00e1ul a Moly els\u0151 sz\u00fclinapj\u00e1ra\u00a0<em>Dob\u00f3 M\u00e1ty\u00e1s<\/em>t\u00f3l, a\u00a0<em>Doransky\u00a0<\/em>n\u00e9ven ismert, webes alkalmaz\u00e1sokra specializ\u00e1l\u00f3dott tan\u00e1csad\u00f3t\u00f3l egy emailt kaptam, amelyben p\u00e1r hasznos tippet \u00edrt le, \u00e9s t\u00e9nyleg csak sz\u00fclinapi aj\u00e1nd\u00e9kk\u00e9nt. A kritik\u00e1k bosszant\u00f3 r\u00e9sze a &#8220;szerintem emberekt\u0151l&#8221; j\u00f6n, \u0151k az el\u0151z\u0151 k\u00f6rrel ellent\u00e9tben minden egyes esetben szerintemmel kezdik a mondatokat, ez sajnos els\u0151sorban annyit jelent, hogy semmilyen szem\u00e9lyes tapasztalattal nem tudj\u00e1k al\u00e1t\u00e1masztani a v\u00e9lem\u00e9ny\u00fcket vagy az \u00f6tlet\u00fcket. Mert ha m\u00e1r van tapasztalatod, akkor azt mondod, hogy nekem ott \u00e9s ott ez \u00e9s ez v\u00e1lt be, \u00e9s akkor el is gondolkozn\u00e9k azon, hogy a Molyon m\u0171k\u00f6d\u0151k\u00e9pes lenne-e, \u00e9s hogy egy\u00e1ltal\u00e1n megoldhat\u00f3 lenne-e. \u00c9s ha m\u00e1r van m\u0171k\u00f6d\u0151 p\u00e9lda, akkor azt is lehetne tudni, hogy mindez mekkora r\u00e1ford\u00edt\u00e1ssal j\u00e1r id\u0151ben \u00e9s energi\u00e1ban. Persze nem is jelenti, hogy nem kapok \u00edgy j\u00f3 \u00f6tleteket, csak ezek nincsenek \u00e1ltal\u00e1ban v\u00e9giggondolva. \u00c1ltal\u00e1ban els\u0151 pillant\u00e1sra meg tudom mondani, hogy az j\u00f3 lenne-e vagy sem, de amikor kider\u00fcl, hogy esetleg az adatb\u00e1zisban t\u00f6bbezer helyen kellene hozz\u00e1 k\u00e9zzel jav\u00edtani valamit, akkor el kell vetni. Nem adhatom utas\u00edt\u00e1sba a Moly \u00f6nk\u00e9ntes szerkeszt\u0151inek, hogy akkor id\u00e9n mindenki most veszi ki a szabads\u00e1g\u00e1t, \u00e9s azt teljes eg\u00e9sz\u00e9ben a Molynak szenteli. Ezt csak saj\u00e1t magammal teszem meg, nekem meg a Moly a legt\u00f6bb ilyen \u00f6tlet n\u00e9lk\u00fcl is el\u00e9g j\u00f3.<\/p>\n<p><em>&#8211; Akkor most kicsit f\u00e9lretessz\u00fck a fejleszt\u0151t. Melyik az oldalhoz kapcsol\u00f3d\u00f3 legpozit\u00edvabb eml\u00e9ked?<\/em><br \/>\nSok ilyen van, \u00e9s szerencs\u00e9re mindig van \u00fajabb \u00e9s \u00fajabb, lehetetlen felsorolni, \u00e9s szinte minden napra jut valami. P\u00e9ld\u00e1ul nemr\u00e9g regisztr\u00e1lt\u00a0<em>@amadea<\/em>, akit gyakorlatilag az utols\u00f3 nagy f\u00fcggetlen k\u00f6nyves bloggernek tartottam, akit \u00e9n olvasok, de m\u00e9g nem molyol, \u00e9s egyr\u00e9szt a t\u00f6bbiek ezt \u00fagy \u00e9lt\u00e9k meg, mint a t\u00e9kozl\u00f3 fi\u00fa hazat\u00e9rt\u00e9t, \u0151 pedig \u00fagy viszonyult hozz\u00e1m r\u00f6gt\u00f6n, mintha r\u00e9g\u00f3ta ismern\u00e9nk egym\u00e1st. Tegnap pedig\u00a0<em>@volna<\/em>\u00a0k\u00e9rdezte egy karcban, hogy mit is csin\u00e1ltak az ikr\u00e9vel a Moly el\u0151tt, mert m\u00e1r nem is eml\u00e9kszik. \u00c9s ha az elm\u00falt egy \u00e9v ilyen eml\u00e9keit \u00f6sszeszedn\u00e9m, akkor el\u00e9g hossz\u00fa lista j\u00f6hetne ki. A legviccesebb tal\u00e1n persze az, hogy vannak n\u00e9h\u00e1nyan a Molyon, akiknek k\u00fcl\u00f6n\u00f6sen adok a v\u00e9lem\u00e9ny\u00e9re, \u00e9s fel\u00fct\u00f6tte a fej\u00e9t egy \u00e1ltal\u00e1nos elk\u00e9pzel\u00e9s azzal kapcsolatban, hogy az egyes \u00f6tleteket kinek a seg\u00edts\u00e9g\u00e9vel kell eljuttatni hozz\u00e1m. Csak n\u00e9ha a favorit tan\u00e1csad\u00f3val annyira elt\u00e9r\u0151 a v\u00e9lem\u00e9ny\u00fcnk, hogy az \u00f6tlet\u00e9nek \u00e9ppen az ellenkez\u0151j\u00e9t gondolom j\u00f3nak, de persze nevet, neveket sz\u00e1nd\u00e9kosan nem mondok.<\/p>\n<p><em>&#8211; Tudsz mondani egy-k\u00e9t szaftos pletyk\u00e1t is net\u00e1n?<\/em><br \/>\nEzekr\u0151l \u00e1ltal\u00e1ban lemaradok, p\u00e9ld\u00e1ul az els\u0151 molyszerelemr\u0151l is tal\u00e1n csak hetekkel k\u00e9s\u0151bb \u00e9rtes\u00fcltem. Mivel k\u00f6z\u00f6ss\u00e9gi oldalr\u00f3l van sz\u00f3, ez\u00e9rt term\u00e9szetes, hogy a val\u00f3 vil\u00e1g minden fajta esem\u00e9nye megjelenhet rajta, de eddig nagy port m\u00e9g senki nem kavart, legal\u00e1bbis akkor\u00e1t m\u00e9g nem, hogy az \u00e9n szemembe is ker\u00fclj\u00f6n.<\/p>\n<p><em>&#8211; Ha az emberis\u00e9g tov\u00e1bbi sorsa att\u00f3l f\u00fcggne, hogy bez\u00e1rod a Molyt, megtenn\u00e9d?<\/em><br \/>\nIgen, egy \u00f3ri\u00e1si bronzszobor\u00e9rt cser\u00e9be, amelyet n\u00e9ha megn\u00e9zn\u00e9k, miut\u00e1n \u00e1tfutottam a kimutat\u00e1sokat a sv\u00e1jci banksz\u00e1ml\u00e1imr\u00f3l. De igaz\u00e1b\u00f3l ha egy j\u00f3 c\u00e9l\u00e9rt egy j\u00f3 dolgot kell fel\u00e1ldozni, akkor az \u00e9pp\u00fagy vesztes\u00e9g, \u00e9s ebben az esetben ez legf\u0151k\u00e9ppen az \u00e9n vesztes\u00e9gem lenne. Teh\u00e1t ha lehetne k\u00e9rni, akkor az emberis\u00e9g pr\u00f3b\u00e1lja meg megmenteni saj\u00e1t mag\u00e1t m\u00e1shogyan&#8230;<\/p>\n<p><em>&#8211; Feltetted m\u00e1r magadnak a szlogen k\u00e9rd\u00e9s\u00e9t: K\u00f6nyvmoly vagy, vagy vadmeggymag vagy?<\/em><br \/>\nVadmeggymag. Egy\u00e9rtelm\u0171. T\u00fal kev\u00e9s az id\u0151m olvasni, \u00e9s mivel \u00e1ltal\u00e1ban rengeteg feladat \u00e9s tennival\u00f3 foglalkoztat, ez\u00e9rt nem is mindig k\u00f6t le az olvas\u00e1s, illetve hamar szakmai k\u00f6nyvekre v\u00e1ltok a sz\u00e9pirodalomr\u00f3l. Val\u00f3sz\u00edn\u0171leg egy \u00e1tlagmoly j\u00f3val t\u00f6bbet olvas, mint \u00e9n, ez\u00e9rt nem is h\u00edvhatn\u00e1m magam k\u00f6nyvmolynak. Ha megfigyeled, akkor az oldalon a nevem mellett nem tal\u00e1lod meg a szerkeszt\u0151i jogokat jelz\u0151 z\u00f6ld n\u00e9gyzetben l\u00e9v\u0151 S-bet\u0171t, egyszer\u0171en nem szerkesztek annyit, hogy szerkeszt\u0151nek h\u00edvjam magam. Tudom, hogy csak formas\u00e1g, de adok az ilyenekre, az id\u0151m \u00edgy is elmegy m\u00e1s molyos dolgokra, de szerkeszt\u0151nek lenni kiv\u00e1lts\u00e1gos dolog, \u00e9s \u00e9n nem \u00e9rdemlem ki.<\/p>\n<p><em>&#8211; Ha lenne egy szabad heted, mit csin\u00e1ln\u00e1l legsz\u00edvesebben?<\/em><br \/>\nJ\u00f3 k\u00e9rd\u00e9s, ez \u00e9vszakf\u00fcgg\u0151 \u00e9s p\u00e9nzf\u00fcgg\u0151. \u00c9s egy h\u00e9t m\u00e1r olyan id\u0151tartam, amelyet \u00e9rdemes megtervezni \u00e9s beosztani, \u00e9s a Molyon is rengeteg fejleszteni val\u00f3 van m\u00e9g. Most az ide\u00e1lis egy h\u00e9t d\u00e9lel\u0151ttjei biztosan uszod\u00e1val \u00e9s s\u00edel\u00e9ssel teln\u00e9nek Ausztri\u00e1ban, f\u00e9l \u00e9v m\u00falva pedig tal\u00e1n valahol Toszk\u00e1n\u00e1ban valamivel, mert ott minden j\u00f3; d\u00e9lut\u00e1n, este vagy \u00e9jjel pedig megdolgoztatn\u00e1m az agyamat is rendesen. Sz\u00f3val ha a k\u00e9rd\u00e9sed arra ir\u00e1nyult, hogy laz\u00edtan\u00e9k-e teljes g\u0151zzel, akkor val\u00f3sz\u00edn\u0171leg nem. \u00c9s nem az\u00e9rt, mert ne tudn\u00e9k fel\u00e1llni a notebook mell\u0151l, egyszer\u0171en az agyam fogaskerekei most a folytonos p\u00f6rg\u00e9sre vannak r\u00e1\u00e1llva, ez\u00e9rt a tengerparton is az \u00f6tleteimmel lenn\u00e9k elfoglalva, mik\u00f6zben csukott szemmel hever\u00e9szn\u00e9k a homokban. \u00c9s nem is t\u00e9vedn\u00e9k sokat, ha ezt kellemes fausti \u00e9rz\u00e9snek mondan\u00e1m, sz\u00f3val\u00a0<em>Goethe<\/em>\u00a0szerint el\u00e9gedettnek is kell lennem.<\/p>\n<p><em>&#8211; Tal\u00e1n m\u00e1r vannak is m\u00e1s terveid a j\u00f6v\u0151re n\u00e9zve?<\/em><br \/>\nSemmi olyan, amelyre azt mondan\u00e1m, hogy el\u00e9g \u00e9rett ahhoz, hogy besz\u00e9lni lehessen r\u00f3la. \u00c9s ez jelenthet adott esetben a majdnem teljesen k\u00e9sz rendszert \u00e9s egy k\u00f3sza \u00f6tletet is egyar\u00e1nt, de annyi biztos, hogy a Moly k\u00f6z\u00f6ss\u00e9ge fog r\u00f3la tudni, ha valami \u00fajba belev\u00e1gok. Id\u00e9n m\u00e1rciusban ism\u00e9t lesz<em>BarCamp konferencia<\/em>, amelynek a verseny\u00e9n j\u00f3 es\u00e9llyel indulhat a Moly is, addig val\u00f3sz\u00edn\u0171leg nem is lesz el\u00e9g id\u0151m, hogy az \u00faj \u00f6tleteket l\u00e1ngra lobbantsam. Ut\u00e1na meg m\u00e9g k\u00e9pl\u00e9keny a j\u00f6v\u0151, tal\u00e1n csak\u00a0<em>Alice Cullen<\/em>\u00a0l\u00e1tja&#8230;<\/p>\n<p>&nbsp;<\/p>\n<p>Eredeti megjelen\u00e9s: <a href=\"http:\/\/www.freeblog.hu\/konyv\/archives\/2010\/02\/04\/Ismerd_meg_a_Molyhu_alapitojat\/\">http:\/\/www.freeblog.hu\/konyv\/archives\/2010\/02\/04\/Ismerd_meg_a_Molyhu_alapitojat\/<\/a><\/p>\n","protected":false},"excerpt":{"rendered":"<p>Annak idej\u00e9n a Freeblog k\u00f6nyves aloldal\u00e1n Natasha nem csak k\u00f6nyvesbloggereket k\u00e9rdezett \u00e1m. Itt van az egyik els\u0151 interj\u00fa Nagy Benc\u00e9vel, a Moly.hu alap\u00edt\u00f3j\u00e1val. \u00dagy gondoltam, ha m\u00e1r mentek, ez se maradjon az eny\u00e9szet\u00e9. Esetleg \u00e9rdemes megn\u00e9zni \u00e9s v\u00e9giggondolni, mi is t\u00f6rt\u00e9nt az\u00f3ta. Az interj\u00fa eredetileg 2010 febru\u00e1r 4-\u00e9n jelent meg: Ismerd meg a moly.hu alap\u00edt\u00f3j\u00e1t [&hellip;]<\/p>\n","protected":false},"author":1,"featured_media":33448091,"comment_status":"open","ping_status":"open","sticky":false,"template":"","format":"standard","meta":{"_monsterinsights_skip_tracking":false,"_monsterinsights_sitenote_active":false,"_monsterinsights_sitenote_note":"","_monsterinsights_sitenote_category":0,"site-sidebar-layout":"default","site-content-layout":"","ast-site-content-layout":"default","site-content-style":"default","site-sidebar-style":"default","ast-global-header-display":"","ast-banner-title-visibility":"","ast-main-header-display":"","ast-hfb-above-header-display":"","ast-hfb-below-header-display":"","ast-hfb-mobile-header-display":"","site-post-title":"","ast-breadcrumbs-content":"","ast-featured-img":"","footer-sml-layout":"","ast-disable-related-posts":"","theme-transparent-header-meta":"","adv-header-id-meta":"","stick-header-meta":"","header-above-stick-meta":"","header-main-stick-meta":"","header-below-stick-meta":"","astra-migrate-meta-layouts":"default","ast-page-background-enabled":"default","ast-page-background-meta":{"desktop":{"background-color":"var(--ast-global-color-5)","background-image":"","background-repeat":"repeat","background-position":"center center","background-size":"auto","background-attachment":"scroll","background-type":"","background-media":"","overlay-type":"","overlay-color":"","overlay-opacity":"","overlay-gradient":""},"tablet":{"background-color":"","background-image":"","background-repeat":"repeat","background-position":"center center","background-size":"auto","background-attachment":"scroll","background-type":"","background-media":"","overlay-type":"","overlay-color":"","overlay-opacity":"","overlay-gradient":""},"mobile":{"background-color":"","background-image":"","background-repeat":"repeat","background-position":"center center","background-size":"auto","background-attachment":"scroll","background-type":"","background-media":"","overlay-type":"","overlay-color":"","overlay-opacity":"","overlay-gradient":""}},"ast-content-background-meta":{"desktop":{"background-color":"var(--ast-global-color-4)","background-image":"","background-repeat":"repeat","background-position":"center center","background-size":"auto","background-attachment":"scroll","background-type":"","background-media":"","overlay-type":"","overlay-color":"","overlay-opacity":"","overlay-gradient":""},"tablet":{"background-color":"var(--ast-global-color-4)","background-image":"","background-repeat":"repeat","background-position":"center center","background-size":"auto","background-attachment":"scroll","background-type":"","background-media":"","overlay-type":"","overlay-color":"","overlay-opacity":"","overlay-gradient":""},"mobile":{"background-color":"var(--ast-global-color-4)","background-image":"","background-repeat":"repeat","background-position":"center center","background-size":"auto","background-attachment":"scroll","background-type":"","background-media":"","overlay-type":"","overlay-color":"","overlay-opacity":"","overlay-gradient":""}},"footnotes":""},"categories":[33,136],"tags":[212],"book-author":[],"book-series":[],"book-publisher":[],"book-genre":[],"book-source":[],"book-format":[],"class_list":["post-33448090","post","type-post","status-publish","format-standard","has-post-thumbnail","hentry","category-egyeb","category-interju-2","tag-konyvesaloldal"],"aioseo_notices":[],"_links":{"self":[{"href":"https:\/\/olvasonaplo.net\/olvasonaplo\/wp-json\/wp\/v2\/posts\/33448090","targetHints":{"allow":["GET"]}}],"collection":[{"href":"https:\/\/olvasonaplo.net\/olvasonaplo\/wp-json\/wp\/v2\/posts"}],"about":[{"href":"https:\/\/olvasonaplo.net\/olvasonaplo\/wp-json\/wp\/v2\/types\/post"}],"author":[{"embeddable":true,"href":"https:\/\/olvasonaplo.net\/olvasonaplo\/wp-json\/wp\/v2\/users\/1"}],"replies":[{"embeddable":true,"href":"https:\/\/olvasonaplo.net\/olvasonaplo\/wp-json\/wp\/v2\/comments?post=33448090"}],"version-history":[{"count":4,"href":"https:\/\/olvasonaplo.net\/olvasonaplo\/wp-json\/wp\/v2\/posts\/33448090\/revisions"}],"predecessor-version":[{"id":33448096,"href":"https:\/\/olvasonaplo.net\/olvasonaplo\/wp-json\/wp\/v2\/posts\/33448090\/revisions\/33448096"}],"wp:featuredmedia":[{"embeddable":true,"href":"https:\/\/olvasonaplo.net\/olvasonaplo\/wp-json\/wp\/v2\/media\/33448091"}],"wp:attachment":[{"href":"https:\/\/olvasonaplo.net\/olvasonaplo\/wp-json\/wp\/v2\/media?parent=33448090"}],"wp:term":[{"taxonomy":"category","embeddable":true,"href":"https:\/\/olvasonaplo.net\/olvasonaplo\/wp-json\/wp\/v2\/categories?post=33448090"},{"taxonomy":"post_tag","embeddable":true,"href":"https:\/\/olvasonaplo.net\/olvasonaplo\/wp-json\/wp\/v2\/tags?post=33448090"},{"taxonomy":"book-author","embeddable":true,"href":"https:\/\/olvasonaplo.net\/olvasonaplo\/wp-json\/wp\/v2\/book-author?post=33448090"},{"taxonomy":"book-series","embeddable":true,"href":"https:\/\/olvasonaplo.net\/olvasonaplo\/wp-json\/wp\/v2\/book-series?post=33448090"},{"taxonomy":"book-publisher","embeddable":true,"href":"https:\/\/olvasonaplo.net\/olvasonaplo\/wp-json\/wp\/v2\/book-publisher?post=33448090"},{"taxonomy":"book-genre","embeddable":true,"href":"https:\/\/olvasonaplo.net\/olvasonaplo\/wp-json\/wp\/v2\/book-genre?post=33448090"},{"taxonomy":"book-source","embeddable":true,"href":"https:\/\/olvasonaplo.net\/olvasonaplo\/wp-json\/wp\/v2\/book-source?post=33448090"},{"taxonomy":"book-format","embeddable":true,"href":"https:\/\/olvasonaplo.net\/olvasonaplo\/wp-json\/wp\/v2\/book-format?post=33448090"}],"curies":[{"name":"wp","href":"https:\/\/api.w.org\/{rel}","templated":true}]}}