{"id":211,"date":"2006-02-25T12:32:15","date_gmt":"2006-02-25T10:32:15","guid":{"rendered":"http:\/\/olvasonaplo.net\/olvasonaplo\/2006\/02\/25\/ljudmila_ulickaja_medea_es_gyermekei\/"},"modified":"2015-11-28T22:49:01","modified_gmt":"2015-11-28T21:49:01","slug":"ljudmila_ulickaja_medea_es_gyermekei","status":"publish","type":"post","link":"https:\/\/olvasonaplo.net\/olvasonaplo\/2006\/02\/25\/ljudmila_ulickaja_medea_es_gyermekei\/","title":{"rendered":"Ljudmila Ulickaja: M\u00e9dea \u00e9s gyermekei"},"content":{"rendered":"<p><span><img decoding=\"async\" src=\"\/files\/konyv2006\/medeaesgyermekei.jpg\" height=\"224\" width=\"150\" \/><\/span>A M\u00e9dea \u00e9s gyermekeiben Ulickaja egy er\u0151teljes alak k\u00f6r\u00e9 sz\u00f6vi a t\u00f6rt\u00e9net\u00e9t \u00e9s a k\u00fcl\u00f6nb\u00f6z\u0151 szerepl\u0151ket, akiknek kibontakoz\u00f3 \u00e9lete sz\u00e9tsug\u00e1rz\u00f3, a m\u00faltba ny\u00falik \u00e9s f\u00f6ldr\u00e9szeket k\u00f6t \u00f6ssze. M\u00e9dea pedig olyan szil\u00e1rd pontot k\u00e9pez a t\u00f6rt\u00e9nelmi \u00e9s a csal\u00e1di esem\u00e9nyek k\u00f6zep\u00e9n, olyan t\u00e1pl\u00e1l\u00f3 \u00e9s \u00e9letad\u00f3 mint maga a F\u00f6ldanya.<\/p>\n<p><span>A Reg<\/span><span>\u00e9ny tavasszal kezd\u0151dik, csal\u00e1dtagok j\u00f6nnek mennek, f\u0151znek, kir\u00e1ndulnak, bor iszogatnak, pletyk\u00e1lnak \u00e9s szenved\u00e9lyes kalandokat folytatnak a szomsz\u00e9dokkal. Az aktu\u00e1lis ny\u00e1ri esem\u00e9nyek k\u00f6z\u00e9 besz\u00fark\u00e1lva tal\u00e1ljuk a visszaeml\u00e9kez\u00e9seket, amelyek f\u00e9nyt der\u00edtenek az \u00fajabb \u00e9rkez\u0151k t\u00f6rt\u00e9net\u00e9re, arra, hogyan kapcsol\u00f3dnak ehhez a kiterjed csal\u00e1dhoz. Medea maga 13 gyermek egyikek\u00e9nt n\u00f6tt fel, egy id\u0151sen a 20. sz\u00e1zaddal, s miut\u00e1n kor\u00e1n \u00e1rvas\u00e1gra jutott testv\u00e9reivel, akik sz\u00e9tsz\u00f3r\u00f3dtak, n\u00e9h\u00e1nyukat rokonok fogadt\u00e1k \u00f6r\u00f6kbe s magukkal vitt\u00e9k \u0151ket Taskentba, Tbiliszibe vagy \u00e9ppen Vilniusba m\u00edg \u0151 maga 16 \u00e9vesen mag\u00e1ra vette a h\u00e1rom legfiatalabb gyermek felnevel\u00e9s\u00e9t. S b\u00e1r a k\u00f6nyv elej\u00e9n \u00e9s v\u00e9g\u00e9n ott tal\u00e1ljuk a csal\u00e1df\u00e1t, n\u00e9ha szinte belev\u00e9sz az ember a nevekbe \u00e9s t\u00f6rt\u00e9netekbe s \u00e1lland\u00f3an oda-vissza lapozgat, hogy ki kicsoda \u00e9s hova tartozik.<\/span> <span>M\u00edg Ulickaja felv\u00e1zolja a Szinopli csal\u00e1d viszontags\u00e1gait (utaz\u00e1sokat, karriereket, h\u00e1zass\u00e1gokat, v\u00e1l\u00e1sokat, titkos viszonyokat \u00e9s k\u00e9ts\u00e9ges sz\u00e1rmaz\u00e1s\u00fa gyermekek sz\u00fclet\u00e9s\u00e9t) a h\u00e1tt\u00e9rben egy \u00e9vsz\u00e1zadnyi Oroszorsz\u00e1g vonul el minden felfordul\u00e1s\u00e1val, politikai \u00e9s t\u00f6rt\u00e9nelmi v\u00e1ltoz\u00e1s\u00e1val, s mindezt a csal\u00e1d viszontags\u00e1gain kereszt\u00fcl l\u00e1thatjuk.<\/span><span>Medea neve megt\u00e9veszt\u0151, hisz \u0151 maga gyermektelen, nem \u00fagy mint mitol\u00f3giai n\u00e9vad\u00f3ja \u00e9s a csal\u00e1dj\u00e1nak egy biztos pontot ny\u00fajt, s ahelyett, hogy meg\u00f6ln\u00e9 \u0151ket, ink\u00e1bb seg\u00edti \u00e9s p\u00e1tyolgatja. \u0150 maga t\u00f6bbet volt \u00f6zvegy, mint f\u00e9rjn\u00e9l, hisz a t\u00f6rt\u00e9net kezdet\u00e9n a zsid\u00f3 fogorvos, aki feles\u00e9g\u00fcl vette m\u00e1r k\u00f6zel h\u00e1rom \u00e9vtizede halott, s b\u00e1r a kapcsolatuk a temet\u00e9s ut\u00e1n fokozatosan lett egyre jobb, Medea tal\u00e1lt egy levelet az elhunyt holmijai k\u00f6zt, ami alapjaiban r\u00e1zta meg nyugalm\u00e1t\u00e1t, hisz olyan \u00e1rul\u00e1sr\u00f3l tett tan\u00fabizonys\u00e1got, amelynek megbocs\u00e1t\u00e1sa 25 \u00e9vbe is beletelt.<\/span><span>Az \u00faj gener\u00e1ci\u00f3ban a tavasszal kibontakoz\u00f3 \u00e1rul\u00e1s legal\u00e1bb annyira megr\u00e1z\u00f3 \u00e9s klimatikus v\u00e9get \u00e9r\u0151, mint a 25 \u00e9vvel kor\u00e1bbi, hisz<span>  <\/span>Medea &quot;k\u00e9t gyermeke&quot; is ugyanazzal a f\u00e9rfivel kezd viszonyt, az \u00fcresfej\u0171, sportos Butonovval aki a szomsz\u00e9dban nyaral. Nyika \u00e9s M\u00e1sa a k\u00e9t n\u0151i tagja ennek a h\u00e1romsz\u00f6gnek, akik igaz\u00e1b\u00f3l nagy\u00e9ni \u00e9s unokah\u00fag, de korban olyan k\u00f6zel \u00e1llnak egym\u00e1shoz, hogy testv\u00e9rekk\u00e9nt n\u0151ttek fel. Nyika szenved\u00e9lyes, \u00e9letvid\u00e1m hedonista, aki legal\u00e1bb olyan k\u00f6nnyed\u00e9n cser\u00e9li a partnereit, kezd \u00e9s fejez be viszonyokat, mint Butonov. M\u00e1sa azonban romantikus \u00e9s t\u00f6r\u00e9keny, kor\u00e1n \u00e1rvas\u00e1gra jutott tehets\u00e9ges k\u00f6lt\u0151n\u0151, akinek meg\u00e9rt\u0151, kutat\u00f3orvos f\u00e9rje nem \u00e1llja \u00fatj\u00e1t a ny\u00edlt h\u00e1zass\u00e1gnak. M\u00edg azonban M\u00e1sa \u00fagy \u00e9rzi, hogy \u00e9let\u00e9nek legnagyszer\u0171bb kalandj\u00e1t \u00e9li \u00e1t, addig Butonov csup\u00e1n azt teszi, ami term\u00e9szet\u00e9b\u0151l fakad, s n\u00e9ha t\u00f6bb vasat is tart a t\u0171zbe. \u00c1m amikor a k\u00f6lt\u0151n\u0151 r\u00e1j\u00f6n, hogy bizalmasa, Nyika egyben vet\u00e9lyt\u00e1rsa is, akkor a k\u00f6nnyed ny\u00e1ri fl\u00f6rt eg\u00e9szen s\u00f6t\u00e9tt\u00e9 \u00e9s komorr\u00e1 v\u00e1likl.<\/span><\/p>\n<p class=\"MsoNormal\">\n<span>Ulickaja pr\u00f3z\u00e1ja elcs\u00e1b\u00edtja az olvas\u00f3t, szenved\u00e9lyes viszony f\u0171zi h\u0151seihez, s ehhez a meggy\u00f6t\u00f6rt haz\u00e1hoz, ez\u00e9rt azt\u00e1n neh\u00e9z ellen\u00e1llni a t\u00f6rt\u00e9netvezet\u00e9s\u00e9nek, pr\u00f3z\u00e1j\u00e1nak s az ember csak falja a sorokat. Amint egyre tov\u00e1bb olvas az ember a csal\u00e1df\u00e1khoz is ritk\u00e1bban kell lapoznia.<\/span>\n<\/p>\n<p class=\"MsoNormal\">\n<img decoding=\"async\" src=\"\/files\/rating-10.gif\" \/> <\/p>\n","protected":false},"excerpt":{"rendered":"<p>A M\u00e9dea \u00e9s gyermekeiben Ulickaja egy er\u0151teljes alak k\u00f6r\u00e9 sz\u00f6vi a t\u00f6rt\u00e9net\u00e9t \u00e9s a k\u00fcl\u00f6nb\u00f6z\u0151 szerepl\u0151ket, akiknek kibontakoz\u00f3 \u00e9lete sz\u00e9tsug\u00e1rz\u00f3, a m\u00faltba ny\u00falik \u00e9s f\u00f6ldr\u00e9szeket k\u00f6t \u00f6ssze. M\u00e9dea pedig olyan szil\u00e1rd pontot k\u00e9pez a t\u00f6rt\u00e9nelmi \u00e9s a csal\u00e1di esem\u00e9nyek k\u00f6zep\u00e9n, olyan t\u00e1pl\u00e1l\u00f3 \u00e9s \u00e9letad\u00f3 mint maga a F\u00f6ldanya. A Reg\u00e9ny tavasszal kezd\u0151dik, csal\u00e1dtagok j\u00f6nnek mennek, [&hellip;]<\/p>\n","protected":false},"author":1,"featured_media":0,"comment_status":"open","ping_status":"open","sticky":false,"template":"","format":"standard","meta":{"_monsterinsights_skip_tracking":false,"_monsterinsights_sitenote_active":false,"_monsterinsights_sitenote_note":"","_monsterinsights_sitenote_category":0,"site-sidebar-layout":"default","site-content-layout":"","ast-site-content-layout":"default","site-content-style":"default","site-sidebar-style":"default","ast-global-header-display":"","ast-banner-title-visibility":"","ast-main-header-display":"","ast-hfb-above-header-display":"","ast-hfb-below-header-display":"","ast-hfb-mobile-header-display":"","site-post-title":"","ast-breadcrumbs-content":"","ast-featured-img":"","footer-sml-layout":"","ast-disable-related-posts":"","theme-transparent-header-meta":"","adv-header-id-meta":"","stick-header-meta":"","header-above-stick-meta":"","header-main-stick-meta":"","header-below-stick-meta":"","astra-migrate-meta-layouts":"default","ast-page-background-enabled":"default","ast-page-background-meta":{"desktop":{"background-color":"var(--ast-global-color-5)","background-image":"","background-repeat":"repeat","background-position":"center center","background-size":"auto","background-attachment":"scroll","background-type":"","background-media":"","overlay-type":"","overlay-color":"","overlay-opacity":"","overlay-gradient":""},"tablet":{"background-color":"","background-image":"","background-repeat":"repeat","background-position":"center center","background-size":"auto","background-attachment":"scroll","background-type":"","background-media":"","overlay-type":"","overlay-color":"","overlay-opacity":"","overlay-gradient":""},"mobile":{"background-color":"","background-image":"","background-repeat":"repeat","background-position":"center center","background-size":"auto","background-attachment":"scroll","background-type":"","background-media":"","overlay-type":"","overlay-color":"","overlay-opacity":"","overlay-gradient":""}},"ast-content-background-meta":{"desktop":{"background-color":"var(--ast-global-color-4)","background-image":"","background-repeat":"repeat","background-position":"center center","background-size":"auto","background-attachment":"scroll","background-type":"","background-media":"","overlay-type":"","overlay-color":"","overlay-opacity":"","overlay-gradient":""},"tablet":{"background-color":"var(--ast-global-color-4)","background-image":"","background-repeat":"repeat","background-position":"center center","background-size":"auto","background-attachment":"scroll","background-type":"","background-media":"","overlay-type":"","overlay-color":"","overlay-opacity":"","overlay-gradient":""},"mobile":{"background-color":"var(--ast-global-color-4)","background-image":"","background-repeat":"repeat","background-position":"center center","background-size":"auto","background-attachment":"scroll","background-type":"","background-media":"","overlay-type":"","overlay-color":"","overlay-opacity":"","overlay-gradient":""}},"footnotes":""},"categories":[46,267,4,35,62,6],"tags":[64],"book-author":[],"book-series":[],"book-publisher":[],"book-genre":[],"book-source":[],"book-format":[],"class_list":["post-211","post","type-post","status-publish","format-standard","hentry","category-46","category-konyvajanlo","category-magyarul","category-noi_iro","category-62","category-regeny","tag-ulickaja"],"aioseo_notices":[],"_links":{"self":[{"href":"https:\/\/olvasonaplo.net\/olvasonaplo\/wp-json\/wp\/v2\/posts\/211","targetHints":{"allow":["GET"]}}],"collection":[{"href":"https:\/\/olvasonaplo.net\/olvasonaplo\/wp-json\/wp\/v2\/posts"}],"about":[{"href":"https:\/\/olvasonaplo.net\/olvasonaplo\/wp-json\/wp\/v2\/types\/post"}],"author":[{"embeddable":true,"href":"https:\/\/olvasonaplo.net\/olvasonaplo\/wp-json\/wp\/v2\/users\/1"}],"replies":[{"embeddable":true,"href":"https:\/\/olvasonaplo.net\/olvasonaplo\/wp-json\/wp\/v2\/comments?post=211"}],"version-history":[{"count":1,"href":"https:\/\/olvasonaplo.net\/olvasonaplo\/wp-json\/wp\/v2\/posts\/211\/revisions"}],"predecessor-version":[{"id":33450582,"href":"https:\/\/olvasonaplo.net\/olvasonaplo\/wp-json\/wp\/v2\/posts\/211\/revisions\/33450582"}],"wp:attachment":[{"href":"https:\/\/olvasonaplo.net\/olvasonaplo\/wp-json\/wp\/v2\/media?parent=211"}],"wp:term":[{"taxonomy":"category","embeddable":true,"href":"https:\/\/olvasonaplo.net\/olvasonaplo\/wp-json\/wp\/v2\/categories?post=211"},{"taxonomy":"post_tag","embeddable":true,"href":"https:\/\/olvasonaplo.net\/olvasonaplo\/wp-json\/wp\/v2\/tags?post=211"},{"taxonomy":"book-author","embeddable":true,"href":"https:\/\/olvasonaplo.net\/olvasonaplo\/wp-json\/wp\/v2\/book-author?post=211"},{"taxonomy":"book-series","embeddable":true,"href":"https:\/\/olvasonaplo.net\/olvasonaplo\/wp-json\/wp\/v2\/book-series?post=211"},{"taxonomy":"book-publisher","embeddable":true,"href":"https:\/\/olvasonaplo.net\/olvasonaplo\/wp-json\/wp\/v2\/book-publisher?post=211"},{"taxonomy":"book-genre","embeddable":true,"href":"https:\/\/olvasonaplo.net\/olvasonaplo\/wp-json\/wp\/v2\/book-genre?post=211"},{"taxonomy":"book-source","embeddable":true,"href":"https:\/\/olvasonaplo.net\/olvasonaplo\/wp-json\/wp\/v2\/book-source?post=211"},{"taxonomy":"book-format","embeddable":true,"href":"https:\/\/olvasonaplo.net\/olvasonaplo\/wp-json\/wp\/v2\/book-format?post=211"}],"curies":[{"name":"wp","href":"https:\/\/api.w.org\/{rel}","templated":true}]}}