{"id":762,"date":"2011-06-01T09:23:16","date_gmt":"2011-06-01T07:23:16","guid":{"rendered":"http:\/\/olvasonaplo.net\/olvasonaplo\/2011\/06\/01\/tamad_a_ponyva\/"},"modified":"2018-01-29T14:49:52","modified_gmt":"2018-01-29T12:49:52","slug":"tamad_a_ponyva","status":"publish","type":"post","link":"http:\/\/olvasonaplo.net\/olvasonaplo\/2011\/06\/01\/tamad_a_ponyva\/","title":{"rendered":"T\u00e1mad a ponyva!"},"content":{"rendered":"<p><img fetchpriority=\"high\" decoding=\"async\" class=\"blossom-image-align-left alignleft\" src=\"\/files\/2011\/05\/agavekonyvbemutato.jpg\" alt=\"\" width=\"303\" height=\"421\" \/>Az \u00fagy volt, hogy nagyon belelkesedtem az Agav\u00e9 Kiad\u00f3 \u00e1ltal meghirdetett dupla k\u00f6nyvbemutat\u00f3ra, ahol k\u00f6nyvh\u00e9tre megjelen\u0151 k\u00e9t fiatal magyar szerz\u0151 m\u0171v\u00e9t rekl\u00e1mozt\u00e1k. Amint h\u00edre ment, azonnal szerveztem a b\u00e9biszittert \u00e9s m\u00e9g a molyon is csin\u00e1ltam hozz\u00e1 esem\u00e9nyt, sz\u00f3val el\u00e9gg\u00e9 hat\u00e1rozottan terveztem, hogy jelenl\u00e9temmel emelem az est f\u00e9ny\u00e9t. S\u0151t m\u00e9g <a href=\"\/2010\/07\/23\/Barath_Katalin_A_fekete_zongora\/\" target=\"_blank\" rel=\"noopener\">A fekete zongor\u00e1<\/a>t is megvettem (anno k\u00f6nyvt\u00e1ri p\u00e9ld\u00e1nyt olvastam) \u00e9s visszak\u00e9rtem aput\u00f3l, aki olvasta, mert mindenk\u00e9pp al\u00e1 akartam \u00edratni Bar\u00e1th Katalinnal a k\u00f6nyvet.<\/p>\n<p>Az Alexandra p\u00f3diumon kellemesen h\u0171v\u00f6s volt, pedig m\u00e1r \u00e9ppen morogtam felfel\u00e9 a mozg\u00f3l\u00e9pcs\u0151n, hogy az \u00e1ruh\u00e1z milyen meleg \u00e9s bekapcsolhatn\u00e1k a l\u00e9gkondit. A bemutat\u00f3t Varga B\u00e1lint, az Agav\u00e9 Kiad\u00f3 vezet\u0151je \u00e9s egyben a k\u00e9t szerz\u0151 szerkeszt\u0151je vezette fel, a szerz\u0151kkel pedig Szil\u00e1gyi Zs\u00f3fia irodalomt\u00f6rt\u00e9n\u00e9sz, kritikus besz\u00e9lgetett. Aki bevallotta, hogy kicsit zavarban volt Izing R\u00f3berttel val\u00f3 tal\u00e1lkoz\u00e1s el\u0151tt, mert \u0151 igaz\u00e1n nem j\u00e1ratos a sci-fi irodalomban, el\u0151sz\u00f6r \u00e9s utolj\u00e1ra tal\u00e1n a <em>Sz\u00edriusz kapit\u00e1ny \u00e9s Csillagl\u00e1ny<\/em> c\u00edm\u0171 k\u00f6nyvet olvasta, az\u00f3ta ink\u00e1bb csak filmeket n\u00e9z. De a a f\u00e9rfiak megnyugtatt\u00e1k, hogy igaz\u00e1b\u00f3l a <em>T\u00e1mad\u00e1s az \u0171rb\u0151l <\/em>egy par\u00f3dia, ami az 50-es \u00e9vek hollywoodi sci-fi filmjei mint\u00e1j\u00e1ra k\u00e9sz\u00fclt, de egyben tiszteleg is el\u0151tt\u00fck, mert Izing R\u00f3bert nagy rajong\u00f3ja a zs\u00e1nernek \u00e9s b\u00e1r t\u00f6lt le ilyen filmeket, meg nem osztja \u0151ket. Szil\u00e1gyi Zs\u00f3fia m\u00e9g arra is k\u00edv\u00e1ncsi volt, hogy mi\u00e9rt nem messzebbre tette a szerz\u0151 az esem\u00e9nyeket, hisz 2015, amikor megt\u00f6rt\u00e9nik a reg\u00e9nybeli UFO inv\u00e1zi\u00f3 mindj\u00e1rt a nyakunkon. Varga B\u00e1lint kifejtette, hogy igaz\u00e1b\u00f3l ha belegondolunk a saj\u00e1t \u00e9let\u00fcnkben is m\u00e1r annyi minden t\u00f6rt\u00e9nt, amit 10-15-20 \u00e9ve nem is gondoltunk volna, val\u00f3di, kor\u00e1bban fantasztikusnak gondolt elemek \u00e9s igaz\u00e1n j\u00f3lesik most m\u00e1r magunkr\u00f3l is olvasni. V\u00e9g\u00fcl pedig kider\u00fclt, hogy ami legink\u00e1bb mindenkit megfogott a reg\u00e9nyben, azok k\u00f6z\u00fcl akik eddig olvast\u00e1k, hogy igaz\u00e1n pozit\u00edv orsz\u00e1gim\u00e1zst adott Magyarorsz\u00e1gr\u00f3l, hogy itt is vannak h\u0151s\u00f6k \u00e9s emberek, akik egy\u00fctt is hajland\u00f3ak dolgozni \u00e9s megmutatni a vil\u00e1gnak mire k\u00e9pesek. Izing R\u00f3bert egyel\u0151re nem tervezi a reg\u00e9ny folytat\u00e1s\u00e1t, valami m\u00e1son dolgozik, de azt mindenk\u00e9ppen elismerte, hogy az \u00edr\u00e1s j\u00f3 buli.<\/p>\n<p>Varga B\u00e1lint, aki ugye szerkeszt\u0151je is mindk\u00e9t szerz\u0151nek kiemelte, hogy milyen j\u00f3 volt vel\u00fck dolgozni, mert se Katalin, se R\u00f3bert nem azok a fajta \u00edr\u00f3k, aki nem hagyj\u00e1k, hogy a lila k\u00f6djeikbe b\u00e1rki belesz\u00f3ljon s elef\u00e1ntcsonttornyuk mag\u00e1ny\u00e1ban \u00e9s \u00f6nn\u00f6n elhivatotts\u00e1guk tudat\u00e1ban mindent elutas\u00edtanak, hanem elfogadj\u00e1k a v\u00e9lem\u00e9ny\u00e9t olyan valakinek, akinek szint\u00e9n az az \u00e9rdeke, hogy min\u00e9l jobb m\u0171 ker\u00fclj\u00f6n az olvas\u00f3k el\u00e9. Bar\u00e1th Katalin <a href=\"http:\/\/afeketezongora.blogspot.com\/2011\/05\/konyhaban.html\" target=\"_blank\" rel=\"noopener\">hosszabban is \u00edrt<\/a> err\u0151l, a munkafolyamatr\u00f3l, de a T\u00e1mad\u00e1s az \u0171rb\u0151l elej\u00e9n is van k\u00fcl\u00f6n k\u00f6sz\u00f6net a szerkeszt\u0151nek. S persze a sok h\u00e1l\u00e1s olvas\u00f3r\u00f3l \u00e9s bloggerr\u0151l se feledkezett meg senki, nem csak nyomtat\u00e1sba l\u00e1thatjuk viszont a v\u00e9lem\u00e9ny\u00fcnket, de Varga B\u00e1lint is kiemelte, hogy anno az \u00edgy keletkezett h\u00edrver\u00e9s n\u00e9lk\u00fcl, amely a k\u00fcl\u00f6nb\u00f6z\u0151 netes f\u00f3rumokon k\u00eds\u00e9rte A fekete zongora megjelen\u00e9s\u00e9t tal\u00e1n nem keltette volna fel az \u0151 \u00e9rdekl\u0151d\u00e9s\u00e9t a t\u00f6rt\u00e9net.<\/p>\n<p><em>A t\u00fcrkizk\u00e9k heged\u0171<\/em> bemutat\u00f3 r\u00e9sze azzal kezd\u0151d\u00f6tt, hogy Bar\u00e1th Katalin felolvasott egy r\u00e9szletet a reg\u00e9ny\u00e9b\u0151l. Szil\u00e1gyi Zs\u00f3fia elmes\u00e9lte, hogy annak idej\u00e9n \u0151 is kapott egy saj\u00e1t kiad\u00e1s\u00fa p\u00e9ld\u00e1nyt m\u00e9g az els\u0151 Fekete zongor\u00e1b\u00f3l \u00e9s az lepte meg, meg keltette fel az \u00e9rdekl\u0151d\u00e9s\u00e9t, hogy a szerz\u0151 nem akart semmit t\u0151le. Nem telefon\u00e1lgatott r\u00e1, nem k\u00e9rdezgette, \u00fagyhogy neki\u00e1llt elolvasni \u00e9s beszippantotta \u0151t D\u00e1vid Veron t\u00f6rt\u00e9nete. S m\u00e9g \u0151 jelentette meg tal\u00e1n az els\u0151 kritik\u00e1t a k\u00f6nyvr\u0151l a liter\u00e1n, s m\u00e1r abban azt a rem\u00e9ny\u00e9t fejezte ki, hogy ebb\u0151l sorozat lesz. Bar\u00e1th Katalin saj\u00e1t elmond\u00e1sa szerint, semmit se csin\u00e1l v\u00e9letlen\u00fcl, azaz j\u00f3l megfontolt d\u00f6nt\u00e9s volt r\u00e9sz\u00e9r\u0151l, hogy hova helyezi \u00e9s mi\u00e9rt D\u00e1vid Veronik\u00e1t. Na meg azt is, hogy mi\u00e9rt pont \u0151t v\u00e1lasztotta f\u0151szerepl\u0151nek. Azt mindenk\u00e9pp tudta, hogy nem akart semmif\u00e9le &#8220;technol\u00f3giai truv\u00e1jt&#8221;, mert az unalmas amikor csak be\u00edrj\u00e1k az okos telefonokba meg az okos sz\u00e1m\u00edt\u00f3g\u00e9pekbe az adatokat, az meg kik\u00f6pi a megold\u00e1st. Hova lesz \u00edgy az izgalom? Sz\u00f3val keresett egy helysz\u00ednt \u00e9s egy kort, amelyhez kellemes eml\u00e9kek f\u0171zik nem csak \u0151t, de szinte b\u00e1rki csak j\u00f3 dologokat tud felid\u00e9zni az els\u0151 vil\u00e1gh\u00e1bor\u00fat megel\u0151z\u0151 boldog b\u00e9keid\u0151kr\u0151l, azaz er\u0151s nosztalgiafaktor \u00f6vezi ezeket az \u00e9veket. Most D\u00e1vid Veront a sorsa ugyan elszak\u00edtotta \u00d3kanizs\u00e1r\u00f3l, mert Budapesten \u00e9l \u00e9s dolgozik, s <em>A t\u00fcrkizk\u00e9k heged\u0171<\/em> esem\u00e9nyei m\u00e9g innen is tov\u00e1bb sodorj\u00e1k Balatonf\u00fcredre \u00e9s Abb\u00e1zi\u00e1ba. Ez az els\u0151nek egyszer\u0171 l\u00e9p\u00e9snek t\u0171n\u0151 v\u00e1ltoz\u00e1s el\u00e9g sok munk\u00e1t hozott a szerz\u0151nek, hisz ut\u00e1na kellett j\u00e1rni mi hol volt akkoriban, meddig tartottak az utaz\u00e1sok, milyen j\u00e1rm\u0171vekkel, hol milyen \u00e9p\u00fclet \u00e1llt milyen \u00e1llapotban stb. Ami viszont maradt, az az im\u00e1dni val\u00f3 D\u00e1vid Veron alakja, a hangulat, a der\u0171 \u00e9s m\u00e1r megvan az \u00edr\u00f3n\u0151 fej\u00e9ben az is, hogy hova tart majd h\u0151se az elk\u00f6vetkez\u0151 1-2 reg\u00e9ny sor\u00e1n. Sz\u00f3val D\u00e1vid Veron k\u00f6zt\u00fcnk fog maradni, s m\u00e9g az is lehet, hogy a sz\u00ednes hangszeres c\u00edmek is.<\/p>\n<p>Am\u00fagy a k\u00e9t szerz\u0151 k\u00f6z\u00fcl l\u00e1that\u00f3lag Izing R\u00f3bert volt jobban zavarban, m\u00edg Bar\u00e1th Katalin nagyon profinak t\u0171nt, s igaz\u00e1n kedves dolgokat \u00edrt a k\u00f6nyveimbe.<\/p>\n<p>Ja \u00e9s igen, k\u00e9sz\u00edtettem f\u00e9nyk\u00e9peket de nem is tudom minek nekem okos telefon, ha nem tudom rendesen kezelni. <span style=\"text-decoration: line-through;\">Pusk\u00e1t<\/span> DSLR-t kellett volna hoznom ehhez a mel\u00f3hoz! Mivel sokan voltak n\u00e1lam \u00fcgyesebbek jelen, val\u00f3sz\u00edn\u0171leg az Agav\u00e9 valahol majd kiteszi az \u0151 k\u00e9peiket, felv\u00e9teleiket.<\/p>\n<p>A k\u00e9t k\u00f6nyv am\u00fagy holnapt\u00f3l kaphat\u00f3 \u00e9s szombaton, j\u00fanius 4-\u00e9n d\u00e9lut\u00e1n a szerz\u0151kkel is lehet dedik\u00e1ltatni. D\u00e9lut\u00e1n 4-t\u0151l Izing R\u00f3berttel, 6-t\u00f3l pedig Bar\u00e1th Katalinnal, az Agave standj\u00e1n, ami szok\u00e1s szerint a V\u00e1ci utca elej\u00e9n lesz.<\/p>\n","protected":false},"excerpt":{"rendered":"<p>Az \u00fagy volt, hogy nagyon belelkesedtem az Agav\u00e9 Kiad\u00f3 \u00e1ltal meghirdetett dupla k\u00f6nyvbemutat\u00f3ra, ahol k\u00f6nyvh\u00e9tre megjelen\u0151 k\u00e9t fiatal magyar szerz\u0151 m\u0171v\u00e9t rekl\u00e1mozt\u00e1k. Amint h\u00edre ment, azonnal szerveztem a b\u00e9biszittert \u00e9s m\u00e9g a molyon is csin\u00e1ltam hozz\u00e1 esem\u00e9nyt, sz\u00f3val el\u00e9gg\u00e9 hat\u00e1rozottan terveztem, hogy jelenl\u00e9temmel emelem az est f\u00e9ny\u00e9t. S\u0151t m\u00e9g A fekete zongor\u00e1t is megvettem (anno [&hellip;]<\/p>\n","protected":false},"author":1,"featured_media":0,"comment_status":"open","ping_status":"open","sticky":false,"template":"","format":"standard","meta":{"_monsterinsights_skip_tracking":false,"_monsterinsights_sitenote_active":false,"_monsterinsights_sitenote_note":"","_monsterinsights_sitenote_category":0,"site-sidebar-layout":"default","site-content-layout":"","ast-site-content-layout":"default","site-content-style":"default","site-sidebar-style":"default","ast-global-header-display":"","ast-banner-title-visibility":"","ast-main-header-display":"","ast-hfb-above-header-display":"","ast-hfb-below-header-display":"","ast-hfb-mobile-header-display":"","site-post-title":"","ast-breadcrumbs-content":"","ast-featured-img":"","footer-sml-layout":"","ast-disable-related-posts":"","theme-transparent-header-meta":"","adv-header-id-meta":"","stick-header-meta":"","header-above-stick-meta":"","header-main-stick-meta":"","header-below-stick-meta":"","astra-migrate-meta-layouts":"default","ast-page-background-enabled":"default","ast-page-background-meta":{"desktop":{"background-color":"var(--ast-global-color-5)","background-image":"","background-repeat":"repeat","background-position":"center center","background-size":"auto","background-attachment":"scroll","background-type":"","background-media":"","overlay-type":"","overlay-color":"","overlay-opacity":"","overlay-gradient":""},"tablet":{"background-color":"","background-image":"","background-repeat":"repeat","background-position":"center center","background-size":"auto","background-attachment":"scroll","background-type":"","background-media":"","overlay-type":"","overlay-color":"","overlay-opacity":"","overlay-gradient":""},"mobile":{"background-color":"","background-image":"","background-repeat":"repeat","background-position":"center center","background-size":"auto","background-attachment":"scroll","background-type":"","background-media":"","overlay-type":"","overlay-color":"","overlay-opacity":"","overlay-gradient":""}},"ast-content-background-meta":{"desktop":{"background-color":"var(--ast-global-color-4)","background-image":"","background-repeat":"repeat","background-position":"center center","background-size":"auto","background-attachment":"scroll","background-type":"","background-media":"","overlay-type":"","overlay-color":"","overlay-opacity":"","overlay-gradient":""},"tablet":{"background-color":"var(--ast-global-color-4)","background-image":"","background-repeat":"repeat","background-position":"center center","background-size":"auto","background-attachment":"scroll","background-type":"","background-media":"","overlay-type":"","overlay-color":"","overlay-opacity":"","overlay-gradient":""},"mobile":{"background-color":"var(--ast-global-color-4)","background-image":"","background-repeat":"repeat","background-position":"center center","background-size":"auto","background-attachment":"scroll","background-type":"","background-media":"","overlay-type":"","overlay-color":"","overlay-opacity":"","overlay-gradient":""}},"footnotes":""},"categories":[33],"tags":[107],"book-author":[],"book-series":[],"book-publisher":[],"book-genre":[],"book-source":[],"book-format":[],"class_list":["post-762","post","type-post","status-publish","format-standard","hentry","category-egyeb","tag-konyvbemutato"],"aioseo_notices":[],"_links":{"self":[{"href":"http:\/\/olvasonaplo.net\/olvasonaplo\/wp-json\/wp\/v2\/posts\/762","targetHints":{"allow":["GET"]}}],"collection":[{"href":"http:\/\/olvasonaplo.net\/olvasonaplo\/wp-json\/wp\/v2\/posts"}],"about":[{"href":"http:\/\/olvasonaplo.net\/olvasonaplo\/wp-json\/wp\/v2\/types\/post"}],"author":[{"embeddable":true,"href":"http:\/\/olvasonaplo.net\/olvasonaplo\/wp-json\/wp\/v2\/users\/1"}],"replies":[{"embeddable":true,"href":"http:\/\/olvasonaplo.net\/olvasonaplo\/wp-json\/wp\/v2\/comments?post=762"}],"version-history":[{"count":1,"href":"http:\/\/olvasonaplo.net\/olvasonaplo\/wp-json\/wp\/v2\/posts\/762\/revisions"}],"predecessor-version":[{"id":33454147,"href":"http:\/\/olvasonaplo.net\/olvasonaplo\/wp-json\/wp\/v2\/posts\/762\/revisions\/33454147"}],"wp:attachment":[{"href":"http:\/\/olvasonaplo.net\/olvasonaplo\/wp-json\/wp\/v2\/media?parent=762"}],"wp:term":[{"taxonomy":"category","embeddable":true,"href":"http:\/\/olvasonaplo.net\/olvasonaplo\/wp-json\/wp\/v2\/categories?post=762"},{"taxonomy":"post_tag","embeddable":true,"href":"http:\/\/olvasonaplo.net\/olvasonaplo\/wp-json\/wp\/v2\/tags?post=762"},{"taxonomy":"book-author","embeddable":true,"href":"http:\/\/olvasonaplo.net\/olvasonaplo\/wp-json\/wp\/v2\/book-author?post=762"},{"taxonomy":"book-series","embeddable":true,"href":"http:\/\/olvasonaplo.net\/olvasonaplo\/wp-json\/wp\/v2\/book-series?post=762"},{"taxonomy":"book-publisher","embeddable":true,"href":"http:\/\/olvasonaplo.net\/olvasonaplo\/wp-json\/wp\/v2\/book-publisher?post=762"},{"taxonomy":"book-genre","embeddable":true,"href":"http:\/\/olvasonaplo.net\/olvasonaplo\/wp-json\/wp\/v2\/book-genre?post=762"},{"taxonomy":"book-source","embeddable":true,"href":"http:\/\/olvasonaplo.net\/olvasonaplo\/wp-json\/wp\/v2\/book-source?post=762"},{"taxonomy":"book-format","embeddable":true,"href":"http:\/\/olvasonaplo.net\/olvasonaplo\/wp-json\/wp\/v2\/book-format?post=762"}],"curies":[{"name":"wp","href":"https:\/\/api.w.org\/{rel}","templated":true}]}}