{"id":761,"date":"2011-05-25T11:17:56","date_gmt":"2011-05-25T10:17:56","guid":{"rendered":"http:\/\/olvasonaplo.net\/olvasonaplo\/2011\/05\/25\/racz_zsuzsa_ismeritek_terezanyut_\/"},"modified":"2016-01-05T14:25:38","modified_gmt":"2016-01-05T13:25:38","slug":"racz_zsuzsa_ismeritek_terezanyut_","status":"publish","type":"post","link":"http:\/\/olvasonaplo.net\/olvasonaplo\/2011\/05\/25\/racz_zsuzsa_ismeritek_terezanyut_\/","title":{"rendered":"R\u00e1cz Zsuzsa: Ismeritek Ter\u00e9zanyut? \u2013 V\u00e1logat\u00e1sk\u00f6tet 1990-2010 k\u00f6z\u00f6tt kiadott \u00e9s kiadatlan \u00edr\u00e1sokb\u00f3l"},"content":{"rendered":"<p><img decoding=\"async\" class=\"blossom-image-align-left alignleft\" title=\"R\u00e1cz Zsuzsa: Ismerintek Ter\u00e9zanyut?\" src=\"\/files\/konyv2011\/ismeritekterezanyut.jpg\" alt=\"R\u00e1cz Zsuzsa: Ismerintek Ter\u00e9zanyut?\" \/>Ter\u00e9zanyu elb\u00facs\u00fazik, m\u00e9ghozz\u00e1 egy olyan k\u00f6tettel, amiben igaz\u00e1b\u00f3l csak a c\u00edm id\u00e9zi fel a nev\u00e9t, mert egy\u00e9bk\u00e9nt nem szerepel benne se K\u00e9ki Kata, se Ter\u00e9zanyus\u00e1g se fikci\u00f3. Vagyis csak nagyon kev\u00e9s az ut\u00f3bbib\u00f3l. De a k\u00f6tet szerz\u0151je ugyanaz a R\u00e1cz Zsuzsa, aki sikerre vitte a fent eml\u00edtetteket. Lehet azt mondani, hogy egy korszak lez\u00e1rult \u00e9s az \u00edr\u00f3n\u0151 nem is tervez t\u00f6bb reg\u00e9nyt a t\u00e9m\u00e1ban. Most valami eg\u00e9szen m\u00e1son dolgozik.<\/p>\n<p>Az <em>Ismeritek Ter\u00e9zanyut?<\/em> igaz\u00e1b\u00f3l nem tartalmaz sok \u00fajdons\u00e1got azoknak, akik az elm\u00falt 20 \u00e9vben figyelemmel k\u00eds\u00e9rt\u00e9k R\u00e1cz Zsuzsa \u00fajs\u00e1g\u00edr\u00f3i munk\u00e1j\u00e1t. Ugyanis ez egy gy\u0171jtem\u00e9nyes\u00a0 k\u00f6tet, amelyben megtal\u00e1lhat\u00f3k r\u00e1di\u00f3s jegyzetek \u00e9s a Maxim\u00e1ban megjelent t\u00e1rc\u00e1k v\u00e1logat\u00e1sa.\u00a0 Mivel sok t\u00e9m\u00e1ban \u00edrt \u0151, ez\u00e9rt azt\u00e1n itt igaz\u00e1b\u00f3l 5 nagyobb t\u00e9ma k\u00f6r\u00e9 csoportosulnak a t\u00e1rc\u00e1k. Sz\u00f3 van bar\u00e1tn\u0151kr\u0151l, p\u00e1rkapcsolati probl\u00e9m\u00e1kr\u00f3l, utaz\u00e1sr\u00f3l itthon \u00e9s k\u00fclf\u00f6ld\u00f6n, fiatalkori eml\u00e9kekr\u0151l \u00e9s csal\u00e1dr\u00f3l. Mindez a szok\u00e1sos R\u00e1cz Zsuzsa st\u00edlusban: humorral \u00e9s sz\u00edvvel. M\u00e9ghozz\u00e1 el\u00e9g nagy sz\u00edvvel, s tal\u00e1n t\u00e9nyleg ebb\u0151l a k\u00f6tetb\u0151l lehet a legt\u00f6bbet megtudni r\u00f3la is, mert mindig annyit hangoztatta, hogy K\u00e9ki Kata nem \u0151, hanem t\u00f6bb n\u0151b\u0151l lett \u00f6sszegy\u00farva, az \u00fajs\u00e1gcikkekben viszont nem tudja mag\u00e1t megtagadni. B\u00e1r gyakran el\u0151fordul, hogy ha a kiindul\u00f3pont egy igaz t\u00f6rt\u00e9net is volt, ami tal\u00e1n megesett vele, a kimenete m\u00e9gis valami eg\u00e9szen a\u00a0 val\u00f3s\u00e1gt\u00f3l elrugaszkodott lett. Ennek ellen\u00e9re \u00e9rezz\u00fck benne a szem\u00e9lyess\u00e9get.<\/p>\n<p>A <a href=\"\/2011\/05\/11\/Hogy_kicsoda_Terezanyu\/\" target=\"_blank\">k\u00f6nyvbemutat\u00f3 ut\u00e1n<\/a> azt gondoltam, majd sz\u00e9pen adagonk\u00e9nt kisebb etapokban fogom elolvasni a k\u00f6nyvet, mert az a j\u00f3 benne, hogy r\u00f6videk a t\u00f6rt\u00e9netek, b\u00e1rmikor le lehet tenni, majd felvenni \u00e9s nem vesz\u00edted el a fonalat. De azt\u00e1n csak olvastatta mag\u00e1t a gy\u0171jtem\u00e9ny, s igen hamar elfogyott. Ugyanis csak\u00fagy, mint a Nesze neked Ter\u00e9zanyu!-n\u00e1l (az els\u0151 k\u00f6nyvet nem kedveltem, bevallom), rengeteg dolog t\u0171nt ismer\u0151snek a meg\u00edrt, meg\u00e9lt helyzetekb\u0151l. \u00dagy \u00e9reztem, hogy \u00e9n ezt a l\u00e1nyt, n\u0151t ismerem ilyen voltam \u00e9n is, ezt gondoltam \u00e9s n\u00e9ha tettem hasonl\u00f3 helyzetekben. Vagy nem tettem, mert nem fordult velem el\u0151, de \u00edgy viselkedtem volna. Esetleg v\u00e1gytam r\u00e1, hogy megt\u00f6rt\u00e9njen velem. Vagy csak j\u00f3 lett volna \u00edgy megfogalmazni, amit gondolok. A csal\u00e1dr\u00f3l, any\u00e1mr\u00f3l, a f\u0151z\u00e9sr\u0151l, a pasikr\u00f3l, a n\u00f6v\u00e9nyekr\u0151l, a k\u00f6nyvekr\u0151l, a kapcsolatokr\u00f3l sz\u00f3val az \u00e9letr\u0151l.\u00a0 S k\u00f6zben m\u00e9g ott van nem egy \u00e9rdekes kis r\u00e9szlet arr\u00f3l, hogy mi fogja meg az embert utaz\u00e1sai sor\u00e1n 1-1 helyben, mi az, amit hazavisz mag\u00e1val \u00e9s mik azok az apr\u00f3s\u00e1gok, kis\u00e1llatok, n\u00f6v\u00e9nyek amelyek tal\u00e1n \u00e9szrevehetetlen\u00fcl de m\u00e9gis szerepet j\u00e1tszottak \u00e9let\u00fcnkben \u00e9s alak\u00edtottak minket is.<\/p>\n<p>\u00dagyhogy miut\u00e1n becsuktam a k\u00f6nyvet azonnal \u00fajraolvastam p\u00e1r kedvencet \u00e9s majd m\u00e9g el\u0151veszem, ha rossz kedvem lesz, s szeretn\u00e9k egy r\u00f6vid kis t\u00e1rca erej\u00e9ig felvidulni \u00e9s l\u00e1ncf\u0171r\u00e9szes nyuszikr\u00f3l, vicces kedv\u0171 boh\u00f3cvir\u00e1gokr\u00f3l vagy \u00e9ppen \u00e9letment\u0151 traktorokr\u00f3l olvasni.<\/p>\n<p><a href=\"http:\/\/terezanyu.hu\/konyvek\/ismeritek-terezanyut-beleolvasok\/\" target=\"_blank\">R\u00e9szletek a k\u00f6nyvb\u0151l<\/a><\/p>\n<p style=\"padding-left: 30px;\"><em><a href=\"http:\/\/www.moksha.hu\/2011\/05\/ismeritek-terezanyut-terezanyu-elbucsuzik\" target=\"_blank\"><img decoding=\"async\" class=\"blossom-image-align-left\" src=\"\/files\/mokshahu1.jpg\" alt=\"\" \/><\/a>Kiad\u00f3: Sanoma M\u00e9dia<br \/>\nMegjelen\u00e9s: 2011<br \/>\nTerjedelem: 211 p.<br \/>\nISBN: 9786155008924<br \/>\nHonnan: Szerz\u0151t\u0151l, recenzi\u00f3s p\u00e9ld\u00e1ny<\/em><\/p>\n<p style=\"padding-left: 30px;\"><em>\u00a0<\/em><\/p>\n<p><img decoding=\"async\" src=\"\/files\/rating-9.gif\" alt=\"\" \/><\/p>\n<p>&nbsp;<\/p>\n<p>Eredetileg megjelent a <a href=\"http:\/\/www.moksha.hu\/2011\/05\/ismeritek-terezanyut-terezanyu-elbucsuzik\/\" target=\"_blank\">Moksha.hu<\/a>n.<\/p>\n<p>&nbsp;<\/p>\n<div class=\"ubb-final-rating\"><img decoding=\"async\" src=\"http:\/\/olvasonaplo.net\/olvasonaplo\/files\/\/2015\/11\/rating-9.gif\" alt=\"4.5 Stars\"><\/div>\n","protected":false},"excerpt":{"rendered":"<p>Ter\u00e9zanyu elb\u00facs\u00fazik, m\u00e9ghozz\u00e1 egy olyan k\u00f6tettel, amiben igaz\u00e1b\u00f3l csak a c\u00edm id\u00e9zi fel a nev\u00e9t, mert egy\u00e9bk\u00e9nt nem szerepel benne se K\u00e9ki Kata, se Ter\u00e9zanyus\u00e1g se fikci\u00f3. Vagyis csak nagyon kev\u00e9s az ut\u00f3bbib\u00f3l. De a k\u00f6tet szerz\u0151je ugyanaz a R\u00e1cz Zsuzsa, aki sikerre vitte a fent eml\u00edtetteket. Lehet azt mondani, hogy egy korszak lez\u00e1rult \u00e9s [&hellip;]<\/p>\n","protected":false},"author":1,"featured_media":33450958,"comment_status":"open","ping_status":"open","sticky":false,"template":"","format":"standard","meta":{"_monsterinsights_skip_tracking":false,"_monsterinsights_sitenote_active":false,"_monsterinsights_sitenote_note":"","_monsterinsights_sitenote_category":0,"site-sidebar-layout":"default","site-content-layout":"","ast-site-content-layout":"default","site-content-style":"default","site-sidebar-style":"default","ast-global-header-display":"","ast-banner-title-visibility":"","ast-main-header-display":"","ast-hfb-above-header-display":"","ast-hfb-below-header-display":"","ast-hfb-mobile-header-display":"","site-post-title":"","ast-breadcrumbs-content":"","ast-featured-img":"","footer-sml-layout":"","ast-disable-related-posts":"","theme-transparent-header-meta":"","adv-header-id-meta":"","stick-header-meta":"","header-above-stick-meta":"","header-main-stick-meta":"","header-below-stick-meta":"","astra-migrate-meta-layouts":"default","ast-page-background-enabled":"default","ast-page-background-meta":{"desktop":{"background-color":"var(--ast-global-color-5)","background-image":"","background-repeat":"repeat","background-position":"center center","background-size":"auto","background-attachment":"scroll","background-type":"","background-media":"","overlay-type":"","overlay-color":"","overlay-opacity":"","overlay-gradient":""},"tablet":{"background-color":"","background-image":"","background-repeat":"repeat","background-position":"center center","background-size":"auto","background-attachment":"scroll","background-type":"","background-media":"","overlay-type":"","overlay-color":"","overlay-opacity":"","overlay-gradient":""},"mobile":{"background-color":"","background-image":"","background-repeat":"repeat","background-position":"center center","background-size":"auto","background-attachment":"scroll","background-type":"","background-media":"","overlay-type":"","overlay-color":"","overlay-opacity":"","overlay-gradient":""}},"ast-content-background-meta":{"desktop":{"background-color":"var(--ast-global-color-4)","background-image":"","background-repeat":"repeat","background-position":"center center","background-size":"auto","background-attachment":"scroll","background-type":"","background-media":"","overlay-type":"","overlay-color":"","overlay-opacity":"","overlay-gradient":""},"tablet":{"background-color":"var(--ast-global-color-4)","background-image":"","background-repeat":"repeat","background-position":"center center","background-size":"auto","background-attachment":"scroll","background-type":"","background-media":"","overlay-type":"","overlay-color":"","overlay-opacity":"","overlay-gradient":""},"mobile":{"background-color":"var(--ast-global-color-4)","background-image":"","background-repeat":"repeat","background-position":"center center","background-size":"auto","background-attachment":"scroll","background-type":"","background-media":"","overlay-type":"","overlay-color":"","overlay-opacity":"","overlay-gradient":""}},"footnotes":""},"categories":[220,14,267,4,35,89,121],"tags":[],"book-author":[678],"book-series":[],"book-publisher":[679],"book-genre":[],"book-source":[],"book-format":[],"class_list":["post-761","post","type-post","status-publish","format-standard","has-post-thumbnail","hentry","category-220","category-ismeretterjeszto","category-konyvajanlo","category-magyarul","category-noi_iro","category-novella","category-121","book-author-zsuzsa-racz","book-publisher-sanoma-media"],"aioseo_notices":[],"_links":{"self":[{"href":"http:\/\/olvasonaplo.net\/olvasonaplo\/wp-json\/wp\/v2\/posts\/761","targetHints":{"allow":["GET"]}}],"collection":[{"href":"http:\/\/olvasonaplo.net\/olvasonaplo\/wp-json\/wp\/v2\/posts"}],"about":[{"href":"http:\/\/olvasonaplo.net\/olvasonaplo\/wp-json\/wp\/v2\/types\/post"}],"author":[{"embeddable":true,"href":"http:\/\/olvasonaplo.net\/olvasonaplo\/wp-json\/wp\/v2\/users\/1"}],"replies":[{"embeddable":true,"href":"http:\/\/olvasonaplo.net\/olvasonaplo\/wp-json\/wp\/v2\/comments?post=761"}],"version-history":[{"count":1,"href":"http:\/\/olvasonaplo.net\/olvasonaplo\/wp-json\/wp\/v2\/posts\/761\/revisions"}],"predecessor-version":[{"id":33449857,"href":"http:\/\/olvasonaplo.net\/olvasonaplo\/wp-json\/wp\/v2\/posts\/761\/revisions\/33449857"}],"wp:featuredmedia":[{"embeddable":true,"href":"http:\/\/olvasonaplo.net\/olvasonaplo\/wp-json\/wp\/v2\/media\/33450958"}],"wp:attachment":[{"href":"http:\/\/olvasonaplo.net\/olvasonaplo\/wp-json\/wp\/v2\/media?parent=761"}],"wp:term":[{"taxonomy":"category","embeddable":true,"href":"http:\/\/olvasonaplo.net\/olvasonaplo\/wp-json\/wp\/v2\/categories?post=761"},{"taxonomy":"post_tag","embeddable":true,"href":"http:\/\/olvasonaplo.net\/olvasonaplo\/wp-json\/wp\/v2\/tags?post=761"},{"taxonomy":"book-author","embeddable":true,"href":"http:\/\/olvasonaplo.net\/olvasonaplo\/wp-json\/wp\/v2\/book-author?post=761"},{"taxonomy":"book-series","embeddable":true,"href":"http:\/\/olvasonaplo.net\/olvasonaplo\/wp-json\/wp\/v2\/book-series?post=761"},{"taxonomy":"book-publisher","embeddable":true,"href":"http:\/\/olvasonaplo.net\/olvasonaplo\/wp-json\/wp\/v2\/book-publisher?post=761"},{"taxonomy":"book-genre","embeddable":true,"href":"http:\/\/olvasonaplo.net\/olvasonaplo\/wp-json\/wp\/v2\/book-genre?post=761"},{"taxonomy":"book-source","embeddable":true,"href":"http:\/\/olvasonaplo.net\/olvasonaplo\/wp-json\/wp\/v2\/book-source?post=761"},{"taxonomy":"book-format","embeddable":true,"href":"http:\/\/olvasonaplo.net\/olvasonaplo\/wp-json\/wp\/v2\/book-format?post=761"}],"curies":[{"name":"wp","href":"https:\/\/api.w.org\/{rel}","templated":true}]}}