{"id":465,"date":"2009-02-16T11:11:07","date_gmt":"2009-02-16T10:11:07","guid":{"rendered":"http:\/\/olvasonaplo.net\/olvasonaplo\/2009\/02\/16\/charlie_huston_felholtak\/"},"modified":"2016-01-19T09:53:21","modified_gmt":"2016-01-19T08:53:21","slug":"charlie_huston_felholtak","status":"publish","type":"post","link":"http:\/\/olvasonaplo.net\/olvasonaplo\/2009\/02\/16\/charlie_huston_felholtak\/","title":{"rendered":"Charlie Huston: F\u00e9lholtak"},"content":{"rendered":"<p><img fetchpriority=\"high\" decoding=\"async\" src=\"\/files\/konyv2009\/felholtak.jpg\" alt=\"\" width=\"239\" height=\"372\" align=\"left\" \/><br \/>\nAz elm\u00falt hetek k\u00f6nny\u0171, szinte gyermeki olvasm\u00e1nyai ut\u00e1n el\u0151vettem a <a href=\"\/2009\/01\/08\/Uj_rovat\/\">p\u00e1r hete<\/a> k\u00f6nyvt\u00e1rb\u00f3l kivett v\u00e1mp\u00edros-mag\u00e1ndetekt\u00edves k\u00f6nyvet, hogy kicsit visszar\u00e1z\u00f3djak a kem\u00e9nyebb vil\u00e1gba. Mit ne mondjak, a F\u00e9lholtak 11. oldal\u00e1n m\u00e1r ott van a v\u00edzv\u00e1laszt\u00f3, ha b\u00edrja a gyomrod, akkor mehecc tov\u00e1bb. S \u00e9rdekes m\u00f3d, b\u00e1r \u00e9n <a href=\"\/2009\/01\/02\/Abbahagytam_2008\/\">Dextert feladtam<\/a>, pedig m\u00e9g nem is gyilkolt a k\u00f6nyv elej\u00e9n, itt m\u00e9gis fogtam magam \u00e9s \u00fagy gondoltam, m\u00e9g p\u00e1r oldal es\u00e9lyt adok Joe Pittnek. Val\u00f3sz\u00edn\u0171leg a neve miatt, mert v\u00e9gig \u00fagy k\u00e9pzeltem el \u0151t, mint <i>Tyler Durden<\/i>t, ahogy Brad Pitt j\u00e1tszotta a <i>Harcosok Klubj\u00e1<\/i>ban.<\/p>\n<p>Sz\u00f3val itt is v\u00e1mp\u00edrokr\u00f3l van sz\u00f3, meg noiros mag\u00e1ndetekt\u00edvr\u0151l s egy el\u00e9g durva vil\u00e1gr\u00f3l. Charlie Huston k\u00f6nyv\u00e9ben azt\u00e1n nem t\u00fal kedvesek a v\u00e1mp\u00edrok, nincs benn\u00fck semmi romantikus, s\u0151t el\u00e9g kem\u00e9ny leg\u00e9nyek, s nem valami alternat\u00edv vil\u00e1gban, hanem hat\u00e1rozottan k\u00f6zt\u00fcnk \u00e9lnek, csak persze csendben \u00e9s p\u00e1rhuzamosan az emberekkel. Kl\u00e1nokba szervez\u0151dnek, mindenkinek megvan a maga ter\u00fclete, s a v\u00e1mp\u00edr akkor j\u00e1r legjobban, ha csatlakozik valamelyik csoporthoz, amelyek k\u00f6z\u00fcl mindnek megvan a maga szerkezeti fel\u00e9p\u00edt\u00e9se: akad maffi\u00e1ra eml\u00e9keztet\u0151, meg hippi kommun\u00e1s \u00e9s m\u00e9g igazi motorosbanda is van, akiket t\u00e9nyleg, joggal lehetne a Pokol Angyalainak h\u00edvni. A f\u0151h\u0151s meg abban kiemelked\u0151, hogy megpr\u00f3b\u00e1l egyed\u00fcl megmaradni, an\u00e9lk\u00fcl, hogy beadn\u00e1 a derek\u00e1t valamelyik kl\u00e1nnak. Ezt \u00fagy tudja el\u00e9rni, hogy igyekszik mindenkivel j\u00f3ban lenni, mindenkinek dolgozik egy keveset. R\u00e1ad\u00e1sul alapb\u00f3l ut\u00e1l v\u00e1mp\u00edrnak lenni, mert ugye az \u00e9l\u0151halotts\u00e1g csak k\u00edv\u00fclr\u0151l romantikus. Annyi csavar van Joe Pitt vil\u00e1g\u00e1ban a m\u00edtoszon, hogy a v\u00e1mp\u00edriz\u00e1l\u00f3d\u00e1st egy V\u00edrus okozza, azaz betegs\u00e9gk\u00e9nt \u00e9lik meg ezt a fert\u0151z\u00f6ttek. V\u00e9r\u00fckben ott van a V\u00edrus, ami j\u00f3t tesz vel\u00fck: nem \u00f6regednek, bizonyos \u00e9rz\u00e9keik ki\u00e9lez\u0151dnek, viszont k\u00e9nytelenek \u00e9jszaka \u00e9lni, a napf\u00e9ny \u00e1rt nekik \u00e9s amit nem ker\u00fclhetnek el: a\u00a0 v\u00e9rrel val\u00f3 t\u00e1pl\u00e1lkoz\u00e1st. Hogy honnan j\u00f6n a v\u00edrus, mik\u00e9ppen terjed, azt konkr\u00e9tan senki se tudja \u00e9s nem is akarj\u00e1k a v\u00e1mp\u00edrok, hogy k\u00eds\u00e9rleti nyulak legyenek, f\u0151leg mert akkor kider\u00fclne a l\u00e9tez\u00e9s\u00fck. Teh\u00e1t van egy csom\u00f3 \u00e9rdekes \u00e9s nekem eddig \u00fajnak t\u0171n\u0151 felvet\u00e9s a k\u00f6nyvben.<\/p>\n<p>A sztori el\u00e9g egyszer\u0171, teljesen noir krimibe ill\u0151en van megalapozva: a mag\u00e1nhekust csinos gazdag n\u0151 k\u00e9ri fel, hogy tal\u00e1lja meg elveszett l\u00e1ny\u00e1t \u00e9s persze kider\u00fcl, ez egyr\u00e9szt nem olyan egyszer\u0171 megtal\u00e1lni egy fiatal darkos csajt New Yorkban, m\u00e1sr\u00e9szt sok minden mindennel \u00f6sszef\u00fcgg. Joe Pittet j\u00f3 p\u00e1rszor alaposan \u00f6sszeverik, az \u00e9let\u00e9re t\u00f6rnek, r\u00e1ad\u00e1sul meg kell felelnie a k\u00fcl\u00f6nb\u00f6z\u0151 kl\u00e1nok ellent\u00e9tes \u00e9rdekeinek \u00e9s m\u00e9g van valaki, akinek h\u00e1la a zombik is \u00fajra \u00e9s egyre nagyobb sz\u00e1mban jelennek meg Manhattan utc\u00e1in. A h\u00e1tt\u00e9rb\u0151l pedig p\u00e1ran nagyon mozgatj\u00e1k azokat a bizonyos sz\u00e1lakat, s az ellent\u00e9tes \u00e9rdekek n\u00e9ha \u00f6sszekusz\u00e1lj\u00e1k az esem\u00e9nyeket, s mindig a f\u0151h\u0151s h\u00fazza a r\u00f6videbbet.<\/p>\n<p>Vissza kell t\u00e9rnem arra, hogy l\u00e1tszik, f\u00e9rfi jegyzi a reg\u00e9nyt, aki a detekt\u00edvt\u00f6rt\u00e9netekben utazik, s itt a v\u00e1mp\u00edrs\u00e1g ink\u00e1bb az\u00e9rt szerepel, hogy m\u00e9g macs\u00f3sabb \u00e9s kegyetlenebb lehessen a t\u00f6rt\u00e9net. Mondjuk j\u00f3val szimpatikusabb ez nekem, mint az \u00e9terien sz\u00e9p sz\u00f6rnyek, akik mindig fodros ingben vagy \u00e9ppen Armaniban j\u00e1rnak, ahogy a n\u0151knek sz\u00f3l\u00f3 paranorm\u00e1lis reg\u00e9nyekben jelennek meg Drakula lesz\u00e1rmazottai. Aki a v\u00e1mp\u00edrl\u00e9t kem\u00e9ny oldal\u00e1ra k\u00edv\u00e1ncsi \u00e9s szereti a krimiket annak hat\u00e1rozottan bej\u00f6v\u0151s lehet a k\u00f6nyv. J\u00f3magam valami perverz k\u00edv\u00e1ncsis\u00e1ggal olvastam, s v\u00e9gig nem tudtam eld\u00f6nteni, most akkor kedvelem-e a f\u0151szerepl\u0151t vagy sem, ennek ellen\u00e9re \u00e9rdekel a t\u00f6bbi r\u00e9sz is. M\u00e1sodik k\u00f6tetet m\u00e9g az els\u0151vel egyid\u0151ben \u00fagy hirdette az Ulpius, hogy megjelent, azt\u00e1n valahogy behalt ez a <i>Bloody Good Books<\/i> sorozat.<\/p>\n<p><img decoding=\"async\" src=\"\/files\/rating-7.gif\" alt=\"\" \/><\/p>\n<div class=\"ubb-final-rating\"><img decoding=\"async\" src=\"http:\/\/olvasonaplo.net\/olvasonaplo\/files\/\/2015\/11\/rating-7.gif\" alt=\"3.5 Stars\"><\/div>\n","protected":false},"excerpt":{"rendered":"<p>Az elm\u00falt hetek k\u00f6nny\u0171, szinte gyermeki olvasm\u00e1nyai ut\u00e1n el\u0151vettem a p\u00e1r hete k\u00f6nyvt\u00e1rb\u00f3l kivett v\u00e1mp\u00edros-mag\u00e1ndetekt\u00edves k\u00f6nyvet, hogy kicsit visszar\u00e1z\u00f3djak a kem\u00e9nyebb vil\u00e1gba. Mit ne mondjak, a F\u00e9lholtak 11. oldal\u00e1n m\u00e1r ott van a v\u00edzv\u00e1laszt\u00f3, ha b\u00edrja a gyomrod, akkor mehecc tov\u00e1bb. S \u00e9rdekes m\u00f3d, b\u00e1r \u00e9n Dextert feladtam, pedig m\u00e9g nem is gyilkolt a k\u00f6nyv [&hellip;]<\/p>\n","protected":false},"author":1,"featured_media":33451222,"comment_status":"open","ping_status":"open","sticky":false,"template":"","format":"standard","meta":{"_monsterinsights_skip_tracking":false,"_monsterinsights_sitenote_active":false,"_monsterinsights_sitenote_note":"","_monsterinsights_sitenote_category":0,"site-sidebar-layout":"default","site-content-layout":"","ast-site-content-layout":"default","site-content-style":"default","site-sidebar-style":"default","ast-global-header-display":"","ast-banner-title-visibility":"","ast-main-header-display":"","ast-hfb-above-header-display":"","ast-hfb-below-header-display":"","ast-hfb-mobile-header-display":"","site-post-title":"","ast-breadcrumbs-content":"","ast-featured-img":"","footer-sml-layout":"","ast-disable-related-posts":"","theme-transparent-header-meta":"","adv-header-id-meta":"","stick-header-meta":"","header-above-stick-meta":"","header-main-stick-meta":"","header-below-stick-meta":"","astra-migrate-meta-layouts":"default","ast-page-background-enabled":"default","ast-page-background-meta":{"desktop":{"background-color":"var(--ast-global-color-5)","background-image":"","background-repeat":"repeat","background-position":"center center","background-size":"auto","background-attachment":"scroll","background-type":"","background-media":"","overlay-type":"","overlay-color":"","overlay-opacity":"","overlay-gradient":""},"tablet":{"background-color":"","background-image":"","background-repeat":"repeat","background-position":"center center","background-size":"auto","background-attachment":"scroll","background-type":"","background-media":"","overlay-type":"","overlay-color":"","overlay-opacity":"","overlay-gradient":""},"mobile":{"background-color":"","background-image":"","background-repeat":"repeat","background-position":"center center","background-size":"auto","background-attachment":"scroll","background-type":"","background-media":"","overlay-type":"","overlay-color":"","overlay-opacity":"","overlay-gradient":""}},"ast-content-background-meta":{"desktop":{"background-color":"var(--ast-global-color-4)","background-image":"","background-repeat":"repeat","background-position":"center center","background-size":"auto","background-attachment":"scroll","background-type":"","background-media":"","overlay-type":"","overlay-color":"","overlay-opacity":"","overlay-gradient":""},"tablet":{"background-color":"var(--ast-global-color-4)","background-image":"","background-repeat":"repeat","background-position":"center center","background-size":"auto","background-attachment":"scroll","background-type":"","background-media":"","overlay-type":"","overlay-color":"","overlay-opacity":"","overlay-gradient":""},"mobile":{"background-color":"var(--ast-global-color-4)","background-image":"","background-repeat":"repeat","background-position":"center center","background-size":"auto","background-attachment":"scroll","background-type":"","background-media":"","overlay-type":"","overlay-color":"","overlay-opacity":"","overlay-gradient":""}},"footnotes":""},"categories":[222,38,39,267,49,12,4,82,6],"tags":[78,36],"book-author":[854],"book-series":[],"book-publisher":[338],"book-genre":[],"book-source":[],"book-format":[],"class_list":["post-465","post","type-post","status-publish","format-standard","has-post-thumbnail","hentry","category-222","category-fantasy","category-ferfi_iro","category-konyvajanlo","category-konyvtarbol","category-krimi","category-magyarul","category-82","category-regeny","tag-paranormal","tag-ulpius","book-author-charlie-huston","book-publisher-ulpius-haz"],"aioseo_notices":[],"_links":{"self":[{"href":"http:\/\/olvasonaplo.net\/olvasonaplo\/wp-json\/wp\/v2\/posts\/465","targetHints":{"allow":["GET"]}}],"collection":[{"href":"http:\/\/olvasonaplo.net\/olvasonaplo\/wp-json\/wp\/v2\/posts"}],"about":[{"href":"http:\/\/olvasonaplo.net\/olvasonaplo\/wp-json\/wp\/v2\/types\/post"}],"author":[{"embeddable":true,"href":"http:\/\/olvasonaplo.net\/olvasonaplo\/wp-json\/wp\/v2\/users\/1"}],"replies":[{"embeddable":true,"href":"http:\/\/olvasonaplo.net\/olvasonaplo\/wp-json\/wp\/v2\/comments?post=465"}],"version-history":[{"count":4,"href":"http:\/\/olvasonaplo.net\/olvasonaplo\/wp-json\/wp\/v2\/posts\/465\/revisions"}],"predecessor-version":[{"id":33451223,"href":"http:\/\/olvasonaplo.net\/olvasonaplo\/wp-json\/wp\/v2\/posts\/465\/revisions\/33451223"}],"wp:featuredmedia":[{"embeddable":true,"href":"http:\/\/olvasonaplo.net\/olvasonaplo\/wp-json\/wp\/v2\/media\/33451222"}],"wp:attachment":[{"href":"http:\/\/olvasonaplo.net\/olvasonaplo\/wp-json\/wp\/v2\/media?parent=465"}],"wp:term":[{"taxonomy":"category","embeddable":true,"href":"http:\/\/olvasonaplo.net\/olvasonaplo\/wp-json\/wp\/v2\/categories?post=465"},{"taxonomy":"post_tag","embeddable":true,"href":"http:\/\/olvasonaplo.net\/olvasonaplo\/wp-json\/wp\/v2\/tags?post=465"},{"taxonomy":"book-author","embeddable":true,"href":"http:\/\/olvasonaplo.net\/olvasonaplo\/wp-json\/wp\/v2\/book-author?post=465"},{"taxonomy":"book-series","embeddable":true,"href":"http:\/\/olvasonaplo.net\/olvasonaplo\/wp-json\/wp\/v2\/book-series?post=465"},{"taxonomy":"book-publisher","embeddable":true,"href":"http:\/\/olvasonaplo.net\/olvasonaplo\/wp-json\/wp\/v2\/book-publisher?post=465"},{"taxonomy":"book-genre","embeddable":true,"href":"http:\/\/olvasonaplo.net\/olvasonaplo\/wp-json\/wp\/v2\/book-genre?post=465"},{"taxonomy":"book-source","embeddable":true,"href":"http:\/\/olvasonaplo.net\/olvasonaplo\/wp-json\/wp\/v2\/book-source?post=465"},{"taxonomy":"book-format","embeddable":true,"href":"http:\/\/olvasonaplo.net\/olvasonaplo\/wp-json\/wp\/v2\/book-format?post=465"}],"curies":[{"name":"wp","href":"https:\/\/api.w.org\/{rel}","templated":true}]}}