{"id":378,"date":"2008-02-15T12:58:14","date_gmt":"2008-02-15T11:58:14","guid":{"rendered":"http:\/\/olvasonaplo.net\/olvasonaplo\/2008\/02\/15\/meg_cabot_atlagmeret_nem_akadaly\/"},"modified":"2016-04-16T17:30:43","modified_gmt":"2016-04-16T16:30:43","slug":"meg_cabot_atlagmeret_nem_akadaly","status":"publish","type":"post","link":"http:\/\/olvasonaplo.net\/olvasonaplo\/2008\/02\/15\/meg_cabot_atlagmeret_nem_akadaly\/","title":{"rendered":"Meg Cabot: \u00c1tlagm\u00e9ret nem akad\u00e1ly"},"content":{"rendered":"<p><img decoding=\"async\" src=\"\/files\/konyv2008\/atlagmeret.jpg\" alt=\"\" align=\"left\" \/><br \/>\nMeg Cabot \u00faj reg\u00e9ny\u00e9t\u00a0\u00fagy hirdetik, mint ami a feln\u0151tteknek sz\u00f3l\u00f3 sz\u00f3rakoz\u00e1s. Gondoltam, kipr\u00f3b\u00e1lom\u00a0az \u00faj sorozatot, mert amilyen j\u00f3l indult a Neveletlen Hercegn\u0151 Napl\u00f3ja, annyira\u00a0ellaposodott a v\u00e9g\u00e9n. R\u00e1ad\u00e1sul a m\u00e1sik fajta reg\u00e9nyei k\u00f6z\u00fcl (amelyek\u00a0e-mailekben mes\u00e9lnek el egy-egy t\u00f6rt\u00e9netet) az utols\u00f3 m\u00e1r nagyon er\u0151ltetett<br \/>\nvolt. Heather Wells eseteivel azonban elvileg \u00faj \u00f6sv\u00e9nyekre t\u00e9r az \u00edr\u00f3n\u0151,\u00a0ugyanis a krimit \u00e9s a chick-litet \u00f6tv\u00f6zi.<\/p>\n<p>Minden adott hozz\u00e1: fura kalandokba\u00a0kevered\u0151, molett h\u0151sn\u0151 (vagyis ink\u00e1bb \u00e1tlag m\u00e9ret\u0171, ahogy t\u00f6bbsz\u00f6r is hangoztatja,\u00a0hiszen Amerik\u00e1ban a 12-es m\u00e9retb\u0151l fogy a legt\u00f6bb), egyes sz\u00e1m els\u0151 szem\u00e9lyben\u00a0\u00edr\u00f3dott reg\u00e9ny, ja \u00e9s persze gyilkoss\u00e1g. R\u00f6gt\u00f6n 2 is, egy f\u0151iskolai koll\u00e9giumban\u00a0l\u00e1nyok bukkannak fel hullak\u00e9nt a liftakn\u00e1ban. Balesetre tippel mindenki. Kiv\u00e9ve\u00a0h\u0151sn\u0151nk, aki szerint bizony gyilkoss\u00e1gok t\u00f6rt\u00e9ntek. Nyomozni kezd, am\u00fagy\u00a0bulld\u00f3zer m\u00f3dra, semmi finesz, pedig egy mag\u00e1ndetekt\u00edvn\u00e9l szob\u00e1zik, s\u0151t rendben\u00a0tartja a sz\u00e1ml\u00e1it is. Sz\u00f3val ennyi a bonyodalom. Meg az, hogy Heather valamikor\u00a0tiniszt\u00e1r volt, csak h\u00e1t r\u00e9szben megh\u00edzott, r\u00e9szben saj\u00e1t hangot akart \u00e9s\u00a0persze az se tett j\u00f3t a karrierj\u00e9nek, hogy szak\u00edtott a pasij\u00e1val, aki a\u00a0lemezgy\u00e1r tulajok fia \u00e9s szint\u00e9n tiniszt\u00e1r volt. De ebbe nem is \u00e9rdemes<br \/>\nbelemenni, f\u0151leg mert valahogy az eg\u00e9sz reg\u00e9nyben a m\u00falttal kapcsolatos dolgok\u00a0nagyon nem tiszt\u00e1k. Heather 28 \u00e9ves, most dolgozik el\u0151sz\u00f6r, akar majd\u00a0f\u0151iskol\u00e1ra j\u00e1rni, \u00fagy besz\u00e9l, mintha alig f\u00e9l \u00e9ve hagyta volna ott a sl\u00e1gergy\u00e1rat,\u00a0de mindig csak arr\u00f3l van sz\u00f3, hogy tiniszt\u00e1r volt\u2026 \u00a0Semmi \u00e9rtelme nincs ennek az\u00a0eg\u00e9sznek.<\/p>\n<p>Egy\u00e9bk\u00e9nt ez a legnagyobb baja a k\u00f6nyvnek. Meg Cabot h\u0151sn\u0151je ugyan\u00fagy\u00a0ideges\u00edt\u0151, mint az utols\u00f3 p\u00e1r k\u00f6tet neveletlen hercegn\u0151je is. Elk\u00e9peszt\u0151en butas\u00e1gokat\u00a0tud gondolni, f\u0151leg ha azt n\u00e9zz\u00fck, hogy t\u00f6bb esz\u00e9nek k\u00e9ne lennie, mint egy\u00a0tininek, hiszen m\u00e1r a harminc fel\u00e9 k\u00f6zel\u00edt. R\u00e1ad\u00e1sul se a krimi sz\u00e1l, se a<br \/>\nnyomoz\u00e1s nem izgalmas de m\u00e9g a t\u00f6bbi szerepl\u0151 is nagyon sablonos. Holott amikor\u00a0arra gondoltam, bepr\u00f3b\u00e1lkozom a reg\u00e9nnyel, az amazonon n\u00e9ztem k\u00f6r\u00fcl, ahol meg\u00a0teli van 5 csillagos kritik\u00e1kkal a k\u00f6nyv. Sz\u00e1momra azonban \u00fagy t\u0171nik, Meg\u00a0Cabotban nincs t\u00f6bb, mint amit az els\u0151 n\u00e9h\u00e1ny Neveletlen hercegn\u0151ben mutatott.<br \/>\nPedig el\u00e9g term\u00e9keny \u00edr\u00f3.<\/p>\n<p><img decoding=\"async\" src=\"\/files\/rating-4.gif\" alt=\"\" \/><\/p>\n<div class=\"ubb-final-rating\"><img decoding=\"async\" src=\"http:\/\/olvasonaplo.net\/olvasonaplo\/files\/\/2015\/11\/rating-4.gif\" alt=\"2 Stars\"><\/div>\n","protected":false},"excerpt":{"rendered":"<p>Meg Cabot \u00faj reg\u00e9ny\u00e9t\u00a0\u00fagy hirdetik, mint ami a feln\u0151tteknek sz\u00f3l\u00f3 sz\u00f3rakoz\u00e1s. Gondoltam, kipr\u00f3b\u00e1lom\u00a0az \u00faj sorozatot, mert amilyen j\u00f3l indult a Neveletlen Hercegn\u0151 Napl\u00f3ja, annyira\u00a0ellaposodott a v\u00e9g\u00e9n. R\u00e1ad\u00e1sul a m\u00e1sik fajta reg\u00e9nyei k\u00f6z\u00fcl (amelyek\u00a0e-mailekben mes\u00e9lnek el egy-egy t\u00f6rt\u00e9netet) az utols\u00f3 m\u00e1r nagyon er\u0151ltetett volt. Heather Wells eseteivel azonban elvileg \u00faj \u00f6sv\u00e9nyekre t\u00e9r az \u00edr\u00f3n\u0151,\u00a0ugyanis a krimit [&hellip;]<\/p>\n","protected":false},"author":1,"featured_media":33451568,"comment_status":"open","ping_status":"open","sticky":false,"template":"","format":"standard","meta":{"_monsterinsights_skip_tracking":false,"_monsterinsights_sitenote_active":false,"_monsterinsights_sitenote_note":"","_monsterinsights_sitenote_category":0,"site-sidebar-layout":"default","site-content-layout":"","ast-site-content-layout":"default","site-content-style":"default","site-sidebar-style":"default","ast-global-header-display":"","ast-banner-title-visibility":"","ast-main-header-display":"","ast-hfb-above-header-display":"","ast-hfb-below-header-display":"","ast-hfb-mobile-header-display":"","site-post-title":"","ast-breadcrumbs-content":"","ast-featured-img":"","footer-sml-layout":"","ast-disable-related-posts":"","theme-transparent-header-meta":"","adv-header-id-meta":"","stick-header-meta":"","header-above-stick-meta":"","header-main-stick-meta":"","header-below-stick-meta":"","astra-migrate-meta-layouts":"default","ast-page-background-enabled":"default","ast-page-background-meta":{"desktop":{"background-color":"var(--ast-global-color-5)","background-image":"","background-repeat":"repeat","background-position":"center center","background-size":"auto","background-attachment":"scroll","background-type":"","background-media":"","overlay-type":"","overlay-color":"","overlay-opacity":"","overlay-gradient":""},"tablet":{"background-color":"","background-image":"","background-repeat":"repeat","background-position":"center center","background-size":"auto","background-attachment":"scroll","background-type":"","background-media":"","overlay-type":"","overlay-color":"","overlay-opacity":"","overlay-gradient":""},"mobile":{"background-color":"","background-image":"","background-repeat":"repeat","background-position":"center center","background-size":"auto","background-attachment":"scroll","background-type":"","background-media":"","overlay-type":"","overlay-color":"","overlay-opacity":"","overlay-gradient":""}},"ast-content-background-meta":{"desktop":{"background-color":"var(--ast-global-color-4)","background-image":"","background-repeat":"repeat","background-position":"center center","background-size":"auto","background-attachment":"scroll","background-type":"","background-media":"","overlay-type":"","overlay-color":"","overlay-opacity":"","overlay-gradient":""},"tablet":{"background-color":"var(--ast-global-color-4)","background-image":"","background-repeat":"repeat","background-position":"center center","background-size":"auto","background-attachment":"scroll","background-type":"","background-media":"","overlay-type":"","overlay-color":"","overlay-opacity":"","overlay-gradient":""},"mobile":{"background-color":"var(--ast-global-color-4)","background-image":"","background-repeat":"repeat","background-position":"center center","background-size":"auto","background-attachment":"scroll","background-type":"","background-media":"","overlay-type":"","overlay-color":"","overlay-opacity":"","overlay-gradient":""}},"footnotes":""},"categories":[225,3,7,267,12,4,35,76,6],"tags":[148],"book-author":[836,957],"book-series":[],"book-publisher":[688],"book-genre":[],"book-source":[],"book-format":[],"class_list":["post-378","post","type-post","status-publish","format-standard","has-post-thumbnail","hentry","category-225","category-bestseller","category-chick-lit","category-konyvajanlo","category-krimi","category-magyarul","category-noi_iro","category-76","category-regeny","tag-meg_cabot","book-author-katalin-lacza","book-author-meg-cabot","book-publisher-cicero"],"aioseo_notices":[],"_links":{"self":[{"href":"http:\/\/olvasonaplo.net\/olvasonaplo\/wp-json\/wp\/v2\/posts\/378","targetHints":{"allow":["GET"]}}],"collection":[{"href":"http:\/\/olvasonaplo.net\/olvasonaplo\/wp-json\/wp\/v2\/posts"}],"about":[{"href":"http:\/\/olvasonaplo.net\/olvasonaplo\/wp-json\/wp\/v2\/types\/post"}],"author":[{"embeddable":true,"href":"http:\/\/olvasonaplo.net\/olvasonaplo\/wp-json\/wp\/v2\/users\/1"}],"replies":[{"embeddable":true,"href":"http:\/\/olvasonaplo.net\/olvasonaplo\/wp-json\/wp\/v2\/comments?post=378"}],"version-history":[{"count":3,"href":"http:\/\/olvasonaplo.net\/olvasonaplo\/wp-json\/wp\/v2\/posts\/378\/revisions"}],"predecessor-version":[{"id":33451567,"href":"http:\/\/olvasonaplo.net\/olvasonaplo\/wp-json\/wp\/v2\/posts\/378\/revisions\/33451567"}],"wp:featuredmedia":[{"embeddable":true,"href":"http:\/\/olvasonaplo.net\/olvasonaplo\/wp-json\/wp\/v2\/media\/33451568"}],"wp:attachment":[{"href":"http:\/\/olvasonaplo.net\/olvasonaplo\/wp-json\/wp\/v2\/media?parent=378"}],"wp:term":[{"taxonomy":"category","embeddable":true,"href":"http:\/\/olvasonaplo.net\/olvasonaplo\/wp-json\/wp\/v2\/categories?post=378"},{"taxonomy":"post_tag","embeddable":true,"href":"http:\/\/olvasonaplo.net\/olvasonaplo\/wp-json\/wp\/v2\/tags?post=378"},{"taxonomy":"book-author","embeddable":true,"href":"http:\/\/olvasonaplo.net\/olvasonaplo\/wp-json\/wp\/v2\/book-author?post=378"},{"taxonomy":"book-series","embeddable":true,"href":"http:\/\/olvasonaplo.net\/olvasonaplo\/wp-json\/wp\/v2\/book-series?post=378"},{"taxonomy":"book-publisher","embeddable":true,"href":"http:\/\/olvasonaplo.net\/olvasonaplo\/wp-json\/wp\/v2\/book-publisher?post=378"},{"taxonomy":"book-genre","embeddable":true,"href":"http:\/\/olvasonaplo.net\/olvasonaplo\/wp-json\/wp\/v2\/book-genre?post=378"},{"taxonomy":"book-source","embeddable":true,"href":"http:\/\/olvasonaplo.net\/olvasonaplo\/wp-json\/wp\/v2\/book-source?post=378"},{"taxonomy":"book-format","embeddable":true,"href":"http:\/\/olvasonaplo.net\/olvasonaplo\/wp-json\/wp\/v2\/book-format?post=378"}],"curies":[{"name":"wp","href":"https:\/\/api.w.org\/{rel}","templated":true}]}}