{"id":33456221,"date":"2020-01-12T00:21:24","date_gmt":"2020-01-11T22:21:24","guid":{"rendered":"http:\/\/olvasonaplo.net\/olvasonaplo\/?p=33456221"},"modified":"2020-01-12T00:21:24","modified_gmt":"2020-01-11T22:21:24","slug":"az-elmult-evtized-konyvei-50-49","status":"publish","type":"post","link":"http:\/\/olvasonaplo.net\/olvasonaplo\/2020\/01\/12\/az-elmult-evtized-konyvei-50-49\/","title":{"rendered":"Az elm\u00falt \u00e9vtized k\u00f6nyvei 50 &#8211; 41"},"content":{"rendered":"<p>Tavaly <a href=\"http:\/\/olvasonaplo.net\/olvasonaplo\/2019\/09\/27\/az-evtized-konyvei-2010-2019\/\" rel=\"noopener\" target=\"_blank\">szeptemberben hat\u00e1roztam<\/a> el, hogy ha m\u00e1r lez\u00e1rul egy \u00e9vtized, akkor ism\u00e9t \u00f6ssze lehetne szedni a kedvenc k\u00f6nyveinket. Azt gondoltam, hogy j\u00f6jjenek olvas\u00f3k \u00e9s szavazzanak arr\u00f3l, hogy mit szerettek azok k\u00f6z\u00fcl a k\u00f6nyvek k\u00f6z\u00fcl, amelyek Magyarorsz\u00e1gon 2010.janu\u00e1r 1. \u00e9s 2019. december 31. k\u00f6z\u00f6tt megjelentek.<br \/>\nT\u00f6bben \u00e9rdekl\u0151dtek \u00e9s v\u00e9g\u00fcl kicsit t\u00f6bb mint egy tucatnyian k\u00fcldt\u00e9k el nekem a toplist\u00e1ikat. Azt mondtam, hogy max. 50 k\u00f6nyvet lehet jel\u00f6lni, de legal\u00e1bb 10 a k\u00f6telez\u0151. \u00cdgy v\u00e9g\u00fcl 380 szavazat \u00e9rkezett 280 k\u00fcl\u00f6nb\u00f6z\u0151 k\u00f6nyvre, ami j\u00f3 sok, \u00fagyhogy a v\u00e9g\u00e9n az\u00e9rt \u00f6r\u00fcltem, hogy a nagy lelkesed\u00e9sb\u0151l v\u00e9g\u00fcl csak 14-en maradtak, akik k\u00f6nyvc\u00edmeket \u00e9s \u00e9rt\u00e9kel\u00e9seket k\u00fcldtek.<br \/>\nAz els\u0151 10 el\u00e9g egy\u00e9rtelm\u0171 lett, az 50-11 helyezett k\u00f6z\u00f6tt volt n\u00e9h\u00e1ny holtverseny j\u00f3magam pedig az adatok feldolgoz\u00e1sa alatt tal\u00e1lkoztam sok olyan c\u00edmmel, ami ismeretlen volt sz\u00e1momra, mert nem olvasok a t\u00e9m\u00e1ban.<br \/>\nAk\u00e1rcsak 10 \u00e9ve, ism\u00e9t 5 r\u00e9szletben fogom megmutatni a top 50-t. <\/p>\n<p>Nagyon k\u00f6sz\u00f6n\u00f6m azoknak, akik velem j\u00e1tszottak, rem\u00e9lem nektek is izgalmas lesz a v\u00e9geredm\u00e9ny \ud83d\ude42 J\u00f6jj\u00f6n akkor a top50 els\u0151 etapja.<\/p>\n<p><img fetchpriority=\"high\" decoding=\"async\" src=\"http:\/\/olvasonaplo.net\/olvasonaplo\/files\/\/2019\/09\/evtizedkonyvei1.jpg\" alt=\"\" width=\"945\" height=\"756\" class=\"aligncenter size-full wp-image-33455794\" srcset=\"http:\/\/olvasonaplo.net\/olvasonaplo\/files\/2019\/09\/evtizedkonyvei1.jpg 945w, http:\/\/olvasonaplo.net\/olvasonaplo\/files\/2019\/09\/evtizedkonyvei1-300x240.jpg 300w, http:\/\/olvasonaplo.net\/olvasonaplo\/files\/2019\/09\/evtizedkonyvei1-768x614.jpg 768w\" sizes=\"(max-width: 945px) 100vw, 945px\" \/><\/p>\n<h6>#50 Anna Gavalda: \u00c9des \u00e9let\u00fcnk<\/h6>\n<p><img decoding=\"async\" src=\"http:\/\/olvasonaplo.net\/olvasonaplo\/files\/\/2020\/01\/\u00c9des-\u00e9let\u00fcnk-150x150.jpg\" alt=\"\" width=\"150\" height=\"150\" class=\"alignleft size-thumbnail wp-image-33456229\" \/>Mathilde, Yann, Anna \u00e9s az olvas\u00f3 \u2013 mind egyek vagyunk. Fiatalok \u00e9s kev\u00e9sb\u00e9 fiatalok, helykeres\u0151k \u00e9s harm\u00f3ni\u00e1ra v\u00e1gy\u00f3k, menek\u00fcl\u0151k \u00e9s otthonteremt\u0151k. Felsz\u00edness\u00e9gbe \u00e9s l\u00e1jkokba menek\u00fcl\u00fcnk, hogy ne kelljen kapcsolatot teremteni, szm\u00e1jlikkal kommunik\u00e1lunk, hogy ne kelljen \u00e9rz\u00e9seket kifejezni, pr\u00f3b\u00e1ljuk felvenni a temp\u00f3t, rohanni a vil\u00e1ggal, nehogy elrohanjon mellett\u00fcnk, mert akkor azt\u00e1n lemaradunk. \u00c9s nem vessz\u00fck \u00e9szre, hogy mik\u00f6zben rohanunk valami ut\u00e1n, m\u00f3dszeresen elrohanunk az \u00e9let\u00fcnk mellett \u2013 igen, mi rohanunk el mellette, amikor meg sem adjuk neki a lehet\u0151s\u00e9get arra, hogy valami \u00e9rt\u00e9kes s\u00fclj\u00f6n ki bel\u0151le. Nem \u0151 rohan el mellett\u00fcnk&#8230; Gavalda k\u00f6nyve egy r\u00f6vidre v\u00e1gott, szell\u0151sen szedett, franci\u00e1san eleg\u00e1ns, de az\u00e9rt alaposan orrba v\u00e1g\u00f3 stopt\u00e1bla: eddig \u00e9s ne tov\u00e1bb! (<a href=\"http:\/\/konyvvizsgalok.blogspot.com\/2014\/11\/anna-gavalda-edes-eletunk.html\" rel=\"noopener\" target=\"_blank\">Ilweran<\/a>)<\/p>\n<h6>#49 Celeste Ng: Amit sohase mondtam el<\/h6>\n<p><img decoding=\"async\" src=\"http:\/\/olvasonaplo.net\/olvasonaplo\/files\/\/2020\/01\/Amit-sohase-mondtam-el-150x150.jpg\" alt=\"\" width=\"150\" height=\"150\" class=\"alignright size-thumbnail wp-image-33456236\" srcset=\"http:\/\/olvasonaplo.net\/olvasonaplo\/files\/2020\/01\/Amit-sohase-mondtam-el-150x150.jpg 150w, http:\/\/olvasonaplo.net\/olvasonaplo\/files\/2020\/01\/Amit-sohase-mondtam-el-400x400.jpg 400w\" sizes=\"(max-width: 150px) 100vw, 150px\" \/>Celeste Ng nem csak a bev\u00e1ndorl\u00f3 csal\u00e1dok kirekesztetts\u00e9g\u00e9nek, ill. a vegyes h\u00e1zass\u00e1gok probl\u00e9m\u00e1inak a k\u00e9rd\u00e9s\u00e9vel foglalkozik, hanem a sz\u00fcl\u0151k \u00e1ltal a gyerekekre terhelt v\u00e1gyakr\u00f3l \u00e9s c\u00e9lokr\u00f3l. Mindezt nagyon sz\u00e9pen bontja ki a szem\u00fcnk el\u0151tt &#8211; hideg t\u00e1vols\u00e1gtart\u00e1ssal, de v\u00e9gtelen\u00fcl \u00e9rz\u00e9kenyen, elemz\u0151en &#8211; a csal\u00e1d minden szerepl\u0151j\u00e9nek n\u00e9z\u0151pontj\u00e1t bemutatva. (<a href=\"http:\/\/ittvalahol.blogspot.com\/2018\/03\/celeste-ng-amit-sohase-mondtam-el.html\" rel=\"noopener\" target=\"_blank\">D\u00f3ri<\/a>)<\/p>\n<p>K\u0151kem\u00e9ny k\u00f6nyv az Amit sohase mondtam el. Nagyon-nagyon fontos t\u00e9m\u00e1kat gy\u00far \u00f6ssze, olvasm\u00e1nyos, egy pillanatig sem unalmas \u00e9s igaz\u00e1n elgondolkodtat\u00f3. A legnagyobb \u00fczenete sz\u00e1momra a kommunik\u00e1ci\u00f3, a kimond\u00e1s fontoss\u00e1ga \u00e9s az, hogy sz\u00fcl\u0151k\u00e9nt a gyermekekre nem szabad a saj\u00e1t elcseszett lehet\u0151s\u00e9geinket, m\u00faltunkban kihagyott v\u00e1gyainkat r\u00e1er\u0151ltetni, mert annak nagyon nem j\u00f3 v\u00e9ge lesz. (<a href=\"http:\/\/konyveskalandozasok.blogspot.com\/2019\/03\/a-ki-nem-mondott-szavak-dramaja.html\" rel=\"noopener\" target=\"_blank\">Nikkincs<\/a>)<\/p>\n<h6>#48 Patrick Ness &#8211; Siobhan Dowd: Sz\u00f3l\u00edt a sz\u00f6rny<\/h6>\n<p><img loading=\"lazy\" decoding=\"async\" src=\"http:\/\/olvasonaplo.net\/olvasonaplo\/files\/\/2020\/01\/szolitaszorny-150x150.jpg\" alt=\"\" width=\"150\" height=\"150\" class=\"alignleft size-thumbnail wp-image-33456228\" \/>Hihetetlen\u00fcl fontos \u00e9s rendhagy\u00f3 k\u00f6nyv ez. Sz\u00e9pirodalmi ig\u00e9nyess\u00e9ggel meg\u00edrt t\u00f6rt\u00e9net, amit kort\u00f3l f\u00fcggetlen\u00fcl mindenkinek csak aj\u00e1nlani tudok, akinek vannak elhallgatott \u00e9nt\u00f6rt\u00e9netei. (<a href=\"https:\/\/konyvekkelsuttogo.blogspot.com\/2018\/04\/szolit-szorny.html\" rel=\"noopener\" target=\"_blank\">K\u00f6nyvekkel suttog\u00f3<\/a>)<br \/>\nTorokszor\u00edt\u00f3 \u00e9lm\u00e9ny volt elolvasni a k\u00f6nyvet, f\u0151leg az utols\u00f3 oldalakat. Meglep\u0151ek voltak a mes\u00e9k, \u00e9s ut\u00f3lag \u00e1tgondolva annyi b\u00f6lcsess\u00e9g van benne, hogy \u00e9rtem m\u00e1r mi\u00e9rt nyert t\u00f6bb d\u00edjat. (<a href=\"http:\/\/ittvalahol.blogspot.com\/2017\/10\/patrick-ness-siobhan-dowd-szolit-szorny.html\" rel=\"noopener\" target=\"_blank\">D\u00f3ri<\/a>)<\/p>\n<h6>#47 Emma Donoghue: A szoba<\/h6>\n<p><img loading=\"lazy\" decoding=\"async\" src=\"http:\/\/olvasonaplo.net\/olvasonaplo\/files\/\/2020\/01\/szoba-150x150.jpg\" alt=\"\" width=\"150\" height=\"150\" class=\"alignright size-thumbnail wp-image-33456235\" \/>Az egyik legkegyetlenebb t\u00f6rt\u00e9net, aminek a brutalit\u00e1sa abban rejlik, hogy val\u00f3s alapok nyugszik. Nagyon torokszor\u00edt\u00f3s, hidegr\u00e1z\u00f3s, ugyanakkor meghat\u00f3 is. (<a href=\"http:\/\/konyveskalandozasok.blogspot.com\/2014\/03\/csokken-varolistam-3.html\" rel=\"noopener\" target=\"_blank\">Nikkincs<\/a>)<br \/>\nElb\u0171v\u00f6l\u0151 gyermeki szemsz\u00f6g, izgalmas \u00e9s ugyanakkor elgondolkodtat\u00f3 sztori, amiben sokkal t\u00f6bb van egy szimpla amerikai filmes megmenek\u00fcl\u00e9sn\u00e9l. Igazi l\u00e9lekhull\u00e1mvas\u00fat. (<a href=\"http:\/\/pupillaolvas.blogspot.com\/2013\/03\/room.html\" rel=\"noopener\" target=\"_blank\">Pupilla<\/a>)<\/p>\n<h6>#46 Fodor Marcsi &#8211; Neset Adrienn: 50 elsz\u00e1nt magyar n\u0151<\/h6>\n<p><img loading=\"lazy\" decoding=\"async\" src=\"http:\/\/olvasonaplo.net\/olvasonaplo\/files\/\/2018\/06\/elszantmagyarno-150x150.jpg\" alt=\"\" width=\"150\" height=\"150\" class=\"alignleft size-thumbnail wp-image-33454430\" \/>Rendk\u00edv\u00fcl fontos kiadv\u00e1ny a hazai k\u00f6nyvpiacon, tal\u00e1n az egyik legfontosabb. Ugyanis nem igaz\u00e1n tudok olyan kisiskol\u00e1soknak sz\u00f3l\u00f3 kiadv\u00e1nyr\u00f3l, ami a t\u00f6rt\u00e9nelem fontosabb n\u0151alakjait \u00e1ll\u00edtja k\u00f6z\u00e9ppontj\u00e1ba. Fontosnak tartom, hogy az alapvet\u0151en f\u00e9rfi k\u00f6zpont\u00fa t\u00f6rt\u00e9nelemszeml\u00e9let mellett helyet kapjanak a n\u0151i alakok is, hiszen a l\u00e1nyoknak is sz\u00fcks\u00e9g\u00fck van p\u00e9ldak\u00e9pekre, \u00e9s ez a kiadv\u00e1ny a tan\u00fa r\u00e1, hogy lenne mib\u0151l v\u00e1logatni. K\u00fcl\u00f6n tetszett benne, hogy a k\u00f6tetben igyekeztek t\u00f6bb f\u00e9le szempont alapj\u00e1n v\u00e1logatni, \u00edgy igaz\u00e1n sz\u00ednes lett a paletta, illetve hogy a kort\u00e1rsak se maradtak ki a v\u00e1logat\u00e1sb\u00f3l. (<a href=\"https:\/\/konyvekkelsuttogo.blogspot.com\/2018\/08\/50-elszant-magyar-no.html\" rel=\"noopener\" target=\"_blank\">K\u00f6nyvekkel suttog\u00f3<\/a>)<\/p>\n<p>Legjobb lenne, ha ezek k\u00f6z\u00fcl a nevek k\u00f6z\u00fcl sok a tananyag r\u00e9sz\u00e9t k\u00e9pezn\u00e9. Mert nagyon fontos, hogy mindenki tiszt\u00e1ban legyen vele, az emberis\u00e9g m\u00faltj\u00e1ban, jelen\u00e9ben \u00e9s j\u00f6v\u0151j\u00e9ben is mindk\u00e9t nem k\u00e9pvisel\u0151j\u00e9nek jelent\u0151s szerepe van, volt \u00e9s lesz is. (<a href=\"http:\/\/olvasonaplo.net\/olvasonaplo\/2018\/06\/15\/fodor-marcsi-neset-adrienn-50-elszant-magyar-no\/\" rel=\"noopener\" target=\"_blank\">Lobo<\/a>)<\/p>\n<h6>#45 &#8211; 44 Grecs\u00f3 Kriszti\u00e1n: Harminc \u00e9v naps\u00fct\u00e9s<\/h6>\n<p><img loading=\"lazy\" decoding=\"async\" src=\"http:\/\/olvasonaplo.net\/olvasonaplo\/files\/\/2020\/01\/harmincev-150x150.jpg\" alt=\"\" width=\"150\" height=\"150\" class=\"alignright size-thumbnail wp-image-33456234\" \/>Sok \u00edr\u00e1s nagyon tetszett, sz\u00f3 szerint m\u00e9lyre hatolt, hiszen ezek a publik\u00e1ci\u00f3k vagy sz\u00edvszor\u00edt\u00f3ak, vagy sz\u00edvbemarkol\u00f3ak, de mindenk\u00e9ppen nagyon helyesek. &#8230; Az egyik novella napokig bennem maradt, mert el\u00e9gg\u00e9 megr\u00f6k\u00f6ny\u00f6dtem rajta. \u00c9s ami a vicces, egy apr\u00f3 kis ban\u00e1lis dolog miatt. (<a href=\"http:\/\/ildikoblogja.blogspot.com\/2018\/08\/grecso-krisztian-harminc-ev-napsutes.html\" rel=\"noopener\" target=\"_blank\">Ildik\u00f3<\/a>)<\/p>\n<p>Grecs\u00f3 t\u00f6rt\u00e9neteinek er\u0151ss\u00e9ge szerintem az, hogy az olvas\u00f3juk vagy pontosan ugyanazokat az \u00e9lm\u00e9nyeket \u00e9lte \u00e1t, amikr\u0151l \u0151 is \u00edr &#8211; vagy &#8211; mint az \u00e9n esetemben &#8211; \u00e9rdekl\u0151d\u00e9ssel olvassuk, ugyanakkor elind\u00edtja benn\u00fcnk is az eml\u00e9kez\u00e9st: a mi csal\u00e1dunkban milyen volt egy diszn\u00f3\u00f6l\u00e9s, milyen kar\u00e1csonyi hagyom\u00e1nyok vannak, stb. (<a href=\"http:\/\/ittvalahol.blogspot.com\/2018\/01\/grecso-krisztian-harminc-ev-napsutes.html\" rel=\"noopener\" target=\"_blank\">D\u00f3ri<\/a>)<\/p>\n<h6>#45 &#8211; 44 Kavagucsi Tosikadzu: Miel\u0151tt a k\u00e1v\u00e9 kih\u0171l<\/h6>\n<p><img loading=\"lazy\" decoding=\"async\" src=\"http:\/\/olvasonaplo.net\/olvasonaplo\/files\/\/2020\/01\/mielottakave-150x150.jpg\" alt=\"\" width=\"150\" height=\"150\" class=\"alignleft size-thumbnail wp-image-33456233\" \/>\u00c9rz\u0151dik, hogy ez egy sz\u00ednpadra sz\u00e1nt, z\u00e1rt helysz\u00ednen j\u00e1tsz\u00f3d\u00f3 kamaradarab, ami az emberi kapcsolatokat \u00e9s \u00e9rzelmeket helyezi a k\u00f6z\u00e9ppontba. (<a href=\"http:\/\/ittvalahol.blogspot.com\/2018\/12\/kavagucsi-tosikadzu-mielott-kave-kihul.html\" rel=\"noopener\" target=\"_blank\">D\u00f3ri<\/a>)<\/p>\n<p>\u00c9letem egyik legk\u00fcl\u00f6nlegesebb t\u00f6rt\u00e9nete is, amibe belecs\u00f6ppenhettem. \u00dcd\u00edt\u0151en friss, m\u00e9gis kellemesen r\u00e9gim\u00f3di. Kiv\u00e9teles reg\u00e9ny, olvass\u00e1tok. (<a href=\"http:\/\/pupillaolvas.blogspot.com\/2018\/12\/kavagucsi-tosikadzu-mielott-kave-kihul.html\" rel=\"noopener\" target=\"_blank\">Pupilla<\/a>)<\/p>\n<h6>#43 Dan Simmons: Terror<\/h6>\n<p><img loading=\"lazy\" decoding=\"async\" src=\"http:\/\/olvasonaplo.net\/olvasonaplo\/files\/\/2020\/01\/terror-150x150.jpg\" alt=\"\" width=\"150\" height=\"150\" class=\"alignright size-thumbnail wp-image-33456232\" \/>Ez a k\u00f6nyv a l\u00e9ny \u00e9s a l\u00e1ny n\u00e9lk\u00fcl is remekm\u0171. Embertpr\u00f3b\u00e1l\u00f3 feladatot v\u00e1llal\u00f3 tenger\u00e9szeknek \u00e1ll\u00edt eml\u00e9ket, akik soha nem \u00e9rtek haza, \u00e9s iszonyatos k\u00ednokat \u00e9ltek \u00e1t \u00e9let\u00fck utols\u00f3 h\u00f3napjaiban. (<a href=\"http:\/\/kemenyfedel.blogspot.com\/2018\/04\/dan-simmons-terror.html\" rel=\"noopener\" target=\"_blank\">Nima<\/a>)<\/p>\n<p>Simmons j\u00f3\u00edz\u0171en j\u00e1tszadozik vel\u00fcnk \u00fagy hatsz\u00e1znegyven oldalon \u00e1t; mint \u00e1gy al\u00f3l leselked\u0151 sz\u00f6rnyeket figyel\u0151 kisgyermekeket dob\u00e1l minket erre-arra: hol elhissz\u00fck, hogy egy emberfeletti m\u00e9ret\u0171 jeges sz\u00f6rny tizedeli a leg\u00e9nys\u00e9get, hol biztosak vagyunk benne, az emberek \u0151r\u00fclet\u00e9nek j\u00e1t\u00e9ka az eg\u00e9sz. (<a href=\"http:\/\/konyvvizsgalok.blogspot.com\/2018\/05\/dan-simmons-terror.html\" rel=\"noopener\" target=\"_blank\">Ilweran<\/a>)<\/p>\n<h6>#42 &#8211; 41 Helene Wecker: A golem es a dzsinn<\/h6>\n<p><img loading=\"lazy\" decoding=\"async\" src=\"http:\/\/olvasonaplo.net\/olvasonaplo\/files\/\/2020\/01\/golemesadzsinn-150x150.jpg\" alt=\"\" width=\"150\" height=\"150\" class=\"alignleft size-thumbnail wp-image-33456231\" \/>Nagyon szerettem ennek a reg\u00e9nynek a vil\u00e1g\u00e1t, a k\u00e9t elt\u00e9r\u0151 nemzetis\u00e9g bemutat\u00e1s\u00e1t, a mell\u00e9kszerepl\u0151ket, \u00e9s a befejez\u00e9s is j\u00f3 volt. Nincs semmi sablonos amerikai fantasy megold\u00e1s benne, l\u00e1tszik hogy az \u00edr\u00f3n\u0151 testk\u00f6zelb\u0151l ismeri ezeket a mes\u00e9ket. (<a href=\"http:\/\/ittvalahol.blogspot.com\/2015\/10\/helene-wecker-golem-es-dzsinn.html\" rel=\"noopener\" target=\"_blank\">D\u00f3ri<\/a>)<\/p>\n<p>Ennek a t\u00f6rt\u00e9netnek meg kell adni a m\u00f3dj\u00e1t: a lelassult d\u00e9lut\u00e1nokat vagy a nyugodt kora est\u00e9ket. \u00c9s akkor ez a k\u00f6nyv t\u00e9nyleg bebor\u00edt t\u00e9ged a vil\u00e1g\u00e1val, amibe azt\u00e1n folyton visszav\u00e1gysz. Helen Wecker reg\u00e9nye egy sz\u00e9pirodalmi ig\u00e9nyess\u00e9ggel meg\u00edrt, sokr\u00e9teg\u0171 t\u00f6rt\u00e9net, ami meseszer\u0171, de tal\u00e1n pont ett\u0151l m\u00e9g igazabb.(<a href=\"https:\/\/konyvekkelsuttogo.blogspot.com\/2017\/06\/a-golem-es-dzsinn.html\" rel=\"noopener\" target=\"_blank\">K\u00f6nyvekkel suttog\u00f3<\/a>)<\/p>\n<h6>#42 &#8211; 41 Sarah Winman: B\u00e1dogember<\/h6>\n<p><a href=\"http:\/\/olvasonaplo.net\/olvasonaplo\/files\/\/2020\/01\/badogember.jpg\"><img loading=\"lazy\" decoding=\"async\" src=\"http:\/\/olvasonaplo.net\/olvasonaplo\/files\/\/2020\/01\/badogember-150x150.jpg\" alt=\"\" width=\"150\" height=\"150\" class=\"alignright size-thumbnail wp-image-33456237\" \/><\/a>A B\u00e1dogember a bar\u00e1ts\u00e1g, az \u00f6nfel\u00e1ldoz\u00e1s \u00e9s a felt\u00e9tel n\u00e9lk\u00fcli szeretet reg\u00e9nye is, ami m\u00e1r-m\u00e1r giccses m\u00f3don \u00f6leli k\u00f6rbe n\u00e9gy f\u0151szerepl\u0151nket. (<a href=\"http:\/\/ittvalahol.blogspot.com\/2018\/05\/sarah-winman-badogember.html\" rel=\"noopener\" target=\"_blank\">D\u00f3ri<\/a>)<\/p>\n<p>Komplex kis reg\u00e9ny ez, szerethet\u0151 karakterekkel, akik maguk is j\u00f3val \u00f6sszetettebbek ann\u00e1l, mint amit el\u0151sz\u00f6r gondolunk r\u00f3luk. <a href=\"http:\/\/konyveskalandozasok.blogspot.com\/2018\/03\/ketten-harman-egyedul.html\" rel=\"noopener\" target=\"_blank\">K\u00f6nyves kalandoz\u00e1sok<\/a><\/p>\n<p>Annyi minden volt benne idegen \u00e9s t\u00e1voli, m\u00e9gis annyira ismer\u0151s volt az eg\u00e9sz, \u00e9s ez tal\u00e1n az\u00e9rt lehet, mert olyan tapinthat\u00f3an mutatja meg az ember val\u00f3j\u00e1t, olyan nyersen adja k\u00f6rbe az \u00e9rzelmeket. <a href=\"http:\/\/pupillaolvas.blogspot.com\/2018\/09\/sarah-winman-badogember.html\" rel=\"noopener\" target=\"_blank\">Pupilla<\/a><\/p>\n<p>Folytat\u00e1sa k\u00f6vetkezik &#8230;<\/p>\n","protected":false},"excerpt":{"rendered":"<p>Tavaly szeptemberben hat\u00e1roztam el, hogy ha m\u00e1r lez\u00e1rul egy \u00e9vtized, akkor ism\u00e9t \u00f6ssze lehetne szedni a kedvenc k\u00f6nyveinket. Azt gondoltam, hogy j\u00f6jjenek olvas\u00f3k \u00e9s szavazzanak arr\u00f3l, hogy mit szerettek azok k\u00f6z\u00fcl a k\u00f6nyvek k\u00f6z\u00fcl, amelyek Magyarorsz\u00e1gon 2010.janu\u00e1r 1. \u00e9s 2019. december 31. k\u00f6z\u00f6tt megjelentek. T\u00f6bben \u00e9rdekl\u0151dtek \u00e9s v\u00e9g\u00fcl kicsit t\u00f6bb mint egy tucatnyian k\u00fcldt\u00e9k el [&hellip;]<\/p>\n","protected":false},"author":1,"featured_media":33455794,"comment_status":"open","ping_status":"open","sticky":false,"template":"","format":"standard","meta":{"_monsterinsights_skip_tracking":false,"_monsterinsights_sitenote_active":false,"_monsterinsights_sitenote_note":"","_monsterinsights_sitenote_category":0,"site-sidebar-layout":"default","site-content-layout":"","ast-site-content-layout":"default","site-content-style":"default","site-sidebar-style":"default","ast-global-header-display":"","ast-banner-title-visibility":"","ast-main-header-display":"","ast-hfb-above-header-display":"","ast-hfb-below-header-display":"","ast-hfb-mobile-header-display":"","site-post-title":"","ast-breadcrumbs-content":"","ast-featured-img":"","footer-sml-layout":"","ast-disable-related-posts":"","theme-transparent-header-meta":"","adv-header-id-meta":"","stick-header-meta":"","header-above-stick-meta":"","header-main-stick-meta":"","header-below-stick-meta":"","astra-migrate-meta-layouts":"default","ast-page-background-enabled":"default","ast-page-background-meta":{"desktop":{"background-color":"var(--ast-global-color-5)","background-image":"","background-repeat":"repeat","background-position":"center center","background-size":"auto","background-attachment":"scroll","background-type":"","background-media":"","overlay-type":"","overlay-color":"","overlay-opacity":"","overlay-gradient":""},"tablet":{"background-color":"","background-image":"","background-repeat":"repeat","background-position":"center center","background-size":"auto","background-attachment":"scroll","background-type":"","background-media":"","overlay-type":"","overlay-color":"","overlay-opacity":"","overlay-gradient":""},"mobile":{"background-color":"","background-image":"","background-repeat":"repeat","background-position":"center center","background-size":"auto","background-attachment":"scroll","background-type":"","background-media":"","overlay-type":"","overlay-color":"","overlay-opacity":"","overlay-gradient":""}},"ast-content-background-meta":{"desktop":{"background-color":"var(--ast-global-color-4)","background-image":"","background-repeat":"repeat","background-position":"center center","background-size":"auto","background-attachment":"scroll","background-type":"","background-media":"","overlay-type":"","overlay-color":"","overlay-opacity":"","overlay-gradient":""},"tablet":{"background-color":"var(--ast-global-color-4)","background-image":"","background-repeat":"repeat","background-position":"center center","background-size":"auto","background-attachment":"scroll","background-type":"","background-media":"","overlay-type":"","overlay-color":"","overlay-opacity":"","overlay-gradient":""},"mobile":{"background-color":"var(--ast-global-color-4)","background-image":"","background-repeat":"repeat","background-position":"center center","background-size":"auto","background-attachment":"scroll","background-type":"","background-media":"","overlay-type":"","overlay-color":"","overlay-opacity":"","overlay-gradient":""}},"footnotes":""},"categories":[267],"tags":[1374],"book-author":[],"book-series":[],"book-publisher":[],"book-genre":[],"book-source":[],"book-format":[],"class_list":["post-33456221","post","type-post","status-publish","format-standard","has-post-thumbnail","hentry","category-konyvajanlo","tag-ujtop50"],"aioseo_notices":[],"_links":{"self":[{"href":"http:\/\/olvasonaplo.net\/olvasonaplo\/wp-json\/wp\/v2\/posts\/33456221","targetHints":{"allow":["GET"]}}],"collection":[{"href":"http:\/\/olvasonaplo.net\/olvasonaplo\/wp-json\/wp\/v2\/posts"}],"about":[{"href":"http:\/\/olvasonaplo.net\/olvasonaplo\/wp-json\/wp\/v2\/types\/post"}],"author":[{"embeddable":true,"href":"http:\/\/olvasonaplo.net\/olvasonaplo\/wp-json\/wp\/v2\/users\/1"}],"replies":[{"embeddable":true,"href":"http:\/\/olvasonaplo.net\/olvasonaplo\/wp-json\/wp\/v2\/comments?post=33456221"}],"version-history":[{"count":10,"href":"http:\/\/olvasonaplo.net\/olvasonaplo\/wp-json\/wp\/v2\/posts\/33456221\/revisions"}],"predecessor-version":[{"id":33456240,"href":"http:\/\/olvasonaplo.net\/olvasonaplo\/wp-json\/wp\/v2\/posts\/33456221\/revisions\/33456240"}],"wp:featuredmedia":[{"embeddable":true,"href":"http:\/\/olvasonaplo.net\/olvasonaplo\/wp-json\/wp\/v2\/media\/33455794"}],"wp:attachment":[{"href":"http:\/\/olvasonaplo.net\/olvasonaplo\/wp-json\/wp\/v2\/media?parent=33456221"}],"wp:term":[{"taxonomy":"category","embeddable":true,"href":"http:\/\/olvasonaplo.net\/olvasonaplo\/wp-json\/wp\/v2\/categories?post=33456221"},{"taxonomy":"post_tag","embeddable":true,"href":"http:\/\/olvasonaplo.net\/olvasonaplo\/wp-json\/wp\/v2\/tags?post=33456221"},{"taxonomy":"book-author","embeddable":true,"href":"http:\/\/olvasonaplo.net\/olvasonaplo\/wp-json\/wp\/v2\/book-author?post=33456221"},{"taxonomy":"book-series","embeddable":true,"href":"http:\/\/olvasonaplo.net\/olvasonaplo\/wp-json\/wp\/v2\/book-series?post=33456221"},{"taxonomy":"book-publisher","embeddable":true,"href":"http:\/\/olvasonaplo.net\/olvasonaplo\/wp-json\/wp\/v2\/book-publisher?post=33456221"},{"taxonomy":"book-genre","embeddable":true,"href":"http:\/\/olvasonaplo.net\/olvasonaplo\/wp-json\/wp\/v2\/book-genre?post=33456221"},{"taxonomy":"book-source","embeddable":true,"href":"http:\/\/olvasonaplo.net\/olvasonaplo\/wp-json\/wp\/v2\/book-source?post=33456221"},{"taxonomy":"book-format","embeddable":true,"href":"http:\/\/olvasonaplo.net\/olvasonaplo\/wp-json\/wp\/v2\/book-format?post=33456221"}],"curies":[{"name":"wp","href":"https:\/\/api.w.org\/{rel}","templated":true}]}}