{"id":33453116,"date":"2017-06-21T09:05:26","date_gmt":"2017-06-21T07:05:26","guid":{"rendered":"http:\/\/olvasonaplo.net\/olvasonaplo\/?p=33453116"},"modified":"2019-06-22T10:40:37","modified_gmt":"2019-06-22T08:40:37","slug":"2017-es-nyari-konyvajanlo","status":"publish","type":"post","link":"http:\/\/olvasonaplo.net\/olvasonaplo\/2017\/06\/21\/2017-es-nyari-konyvajanlo\/","title":{"rendered":"2017-es nagy ny\u00e1ri k\u00f6nyvaj\u00e1nl\u00f3 I."},"content":{"rendered":"<p>Tavaly k\u00e9sz\u00edtettem <a href=\"http:\/\/olvasonaplo.net\/olvasonaplo\/2016\/07\/12\/nagy-nyari-konyvajanlo-iii\/\">ny\u00e1ri olvasm\u00e1nyaj\u00e1nl\u00f3t<\/a> h\u00e1rom felvon\u00e1sban, amelyekbe els\u0151sorban olyan bej\u00e1ratott k\u00f6nyveket v\u00e1logattam be, amiket m\u00e1r olvastam \u00e9s tiszta sz\u00edvvel aj\u00e1nlottam kikapcsol\u00f3d\u00e1sra. Mert a ny\u00e1r olvas\u00e1sra termett, s b\u00e1rmi ny\u00e1ri k\u00f6nyvv\u00e9, s\u0151t strandk\u00f6nyv\u00e9 l\u00e9p el\u0151, ha az ember j\u00fanius 1 \u00e9s augusztus 31 k\u00f6z\u00f6tt olvassa el (strandk\u00f6nyv, ha ugyanezt a strandon teszi). Id\u00e9n annyiban v\u00e1ltoztatok az olvasm\u00e1nyaj\u00e1nl\u00e1son, hogy nem felt\u00e9tlen\u00fcl r\u00e9gi, bev\u00e1lt k\u00f6tetekre koncentr\u00e1lok, hanem olyasmikre amik mostan\u00e1ban jelentek meg, vagy p\u00e1r h\u00e9ten bel\u00fcl fognak, de m\u00e9g belef\u00e9rnek az el\u0151bb eml\u00edtett hivatalos ny\u00e1ri id\u0151pontok k\u00f6z\u00e9 (esetleg szeptemberi strandk\u00f6nyvnek :). Az aj\u00e1nlott k\u00f6nyvek els\u0151sorban olyanok lesznek, amiket \u00e9n is sz\u00edvesen elolvasn\u00e9k ha nem ny\u00e1ron, (mert nincs r\u00e1 id\u0151m) akkor k\u00e9s\u0151bb, mindenesetre valami\u00e9rt felkeltett\u00e9k az \u00e9rdekl\u0151d\u00e9semet. N\u00e9h\u00e1ny esetben m\u00e1r olvastam is \u0151ket, azokhoz adok \u00e9rt\u00e9kel\u00e9s linket is persze \ud83d\ude42<br \/>\nAmit a tavalyihoz hasonl\u00f3an megtartottam, hogy minden kateg\u00f3ri\u00e1ban szigor\u00faan 5-5 k\u00f6nyvre fogtam vissza magamat \u00e9s h\u00e1rom r\u00e9szletben fogom ezeket a nagyk\u00f6z\u00f6ns\u00e9g el\u00e9t t\u00e1rni. De most t\u00e9nyleg \ud83d\ude42<\/p>\n<p><img fetchpriority=\"high\" decoding=\"async\" class=\"aligncenter size-large wp-image-33453119\" src=\"http:\/\/olvasonaplo.net\/olvasonaplo\/files\/\/2017\/06\/nyarikonyvajanlo-1024x577.jpg\" alt=\"\" width=\"790\" height=\"445\" srcset=\"http:\/\/olvasonaplo.net\/olvasonaplo\/files\/2017\/06\/nyarikonyvajanlo-1024x577.jpg 1024w, http:\/\/olvasonaplo.net\/olvasonaplo\/files\/2017\/06\/nyarikonyvajanlo-300x169.jpg 300w, http:\/\/olvasonaplo.net\/olvasonaplo\/files\/2017\/06\/nyarikonyvajanlo-768x432.jpg 768w, http:\/\/olvasonaplo.net\/olvasonaplo\/files\/2017\/06\/nyarikonyvajanlo.jpg 1071w\" sizes=\"(max-width: 790px) 100vw, 790px\" \/><\/p>\n<p>El\u0151sz\u00f6r is j\u00f6jjenek a fiatalok, akiknek m\u00falt cs\u00fct\u00f6rt\u00f6k\u00f6n befejez\u0151d\u00f6tt az iskola, s\u0151t sokaknak most \u00f3vod\u00e1ba se musz\u00e1j m\u00e1r menni\u00fck. R\u00e1juk is gondoltam, amikor kiv\u00e1lasztottam ezt az \u00f6t k\u00f6nyvet:<\/p>\n<p><img decoding=\"async\" class=\"alignleft wp-image-33453122\" src=\"http:\/\/olvasonaplo.net\/olvasonaplo\/files\/\/2017\/06\/boribonbajnok-300x259.jpg\" alt=\"\" width=\"200\" height=\"173\" \/>Itt egy r\u00e9gi klasszikus leg\u00fajabb, imm\u00e1r 14. kalandja <strong>Mar\u00e9k Veronika: Boribon a bajnok<\/strong><br \/>\n<em>Annipanni erdei bajnoks\u00e1got tervez. Boribon nagyon j\u00f3 fut\u00f3 &#8211; csak sajnos megbotlik egy k\u0151ben. Az\u00e9rt lehet m\u00e9g bajnok? Ha fut\u00e1sban nem is, valami m\u00e1sban eg\u00e9sz biztosan!<\/em><br \/>\n<em>Kiad\u00f3: Pozsonyi Pagony, ISBN:9789634102694, terjedelem: 36 oldal.<\/em><\/p>\n<p>Egy m\u00e1sik, b\u00e1r modernebbnek sz\u00e1m\u00edt\u00f3 de m\u00e1r klasszikusk\u00e9nt hivatkozott ismer\u0151s is \u00fajra jelentkezik: <strong>Berg Judit &#8211; Ag\u00f3cs \u00cdrisz: Maszat a fodr\u00e1szn\u00e1l<\/strong><br \/>\n<img decoding=\"async\" class=\"alignright wp-image-33453125\" src=\"http:\/\/olvasonaplo.net\/olvasonaplo\/files\/\/2017\/06\/maszatafodrasznal-300x270.jpg\" alt=\"\" width=\"200\" height=\"180\" srcset=\"http:\/\/olvasonaplo.net\/olvasonaplo\/files\/2017\/06\/maszatafodrasznal-300x270.jpg 300w, http:\/\/olvasonaplo.net\/olvasonaplo\/files\/2017\/06\/maszatafodrasznal.jpg 400w\" sizes=\"(max-width: 200px) 100vw, 200px\" \/><em>Nagy kalandok kicsiknek Maszattal, aki visszat\u00e9rt, tarts vele te is! Ebben a k\u00e9t mes\u00e9ben Maszat \u00e9s S\u00e1ri fodr\u00e1szhoz \u00e9s uszod\u00e1ba mennek. Kider\u00fcl, hogy egy\u00e1ltal\u00e1n nem kell f\u00e9lni a hajsz\u00e1r\u00edt\u00f3t\u00f3l, \u00e9s hogy milyen egy igazi vizes h\u0151stett Maszat-m\u00f3dra. Maszattal egy\u00fctt a kicsik megismerik, mi a bar\u00e1ts\u00e1g,&#8230;<\/em><br \/>\n<em>Kiad\u00f3: Pozsonyi Pagony, ISBN:9789634102601, terjedelem: 48 oldal.<\/em><\/p>\n<p><img loading=\"lazy\" decoding=\"async\" class=\"alignleft wp-image-33453124\" src=\"http:\/\/olvasonaplo.net\/olvasonaplo\/files\/\/2017\/06\/Ludmillamegoldja.jpg\" alt=\"\" width=\"200\" height=\"224\" \/>A K\u00f6nyvh\u00e9tre jelent meg <strong>Kert\u00e9sz Erzsi: Ludmilla megoldja<\/strong> c\u00edm\u0171 k\u00f6tete, amit \u00e9n is beszereztem \u00e9s m\u00e1r elkezdt\u00fcnk esti mes\u00e9nek olvasni a kisebbik fiammal. <em>Az \u00f3vod\u00e1sok \u00e9s kisiskol\u00e1sok \u00faj bar\u00e1tja lesz Ludmilla, akinek nemcsak a neve, de &#8220;hivat\u00e1sa&#8221; is nagyon k\u00fcl\u00f6n\u00f6s: \u0151 ugyanis hivat\u00e1sos probl\u00e9mamegold\u00f3. Elt\u0171nt a madara? Unatkozik a gyermeke? Szerelmes lett? Ludmilla, ez a vag\u00e1ny, cserfes \u00e9s tettre k\u00e9sz kisl\u00e1ny megoldja! Kert\u00e9sz Erzsi leg\u00fajabb mes\u00e9je \u00e9s Bogn\u00e1r \u00c9va Katinka rajzai garant\u00e1ltan vid\u00e1m perceket&#8230;<\/em><br \/>\n<em>Kiad\u00f3: Pozsonyi Pagony, ISBN:9789634102762, terjedelem: 72 oldal.<\/em><\/p>\n<p>Egy\u00e9rtelm\u0171en a szerz\u0151 neve \u00e9s a rajzok miatt figyeltem fel <strong>Lackfi J\u00e1nos: Csupapiszok \u00e9s fagyip\u00f6tty<\/strong> c\u00edm\u0171 k\u00f6tet\u00e9re, mert annyira elragad\u00f3. S mint kider\u00fclt ez is mesesorozat, \u00fagyhogy a Dombont\u00fali mes\u00e9k k\u00f6tetek t\u00f6bbi r\u00e9sz\u00e9t is b\u0151ven lehet lapozgatni.<br \/>\n<img loading=\"lazy\" decoding=\"async\" class=\"alignright wp-image-33453123\" src=\"http:\/\/olvasonaplo.net\/olvasonaplo\/files\/\/2017\/06\/csupapiszok-300x398.jpg\" alt=\"\" width=\"200\" height=\"266\" srcset=\"http:\/\/olvasonaplo.net\/olvasonaplo\/files\/2017\/06\/csupapiszok-300x398.jpg 300w, http:\/\/olvasonaplo.net\/olvasonaplo\/files\/2017\/06\/csupapiszok.jpg 378w\" sizes=\"(max-width: 200px) 100vw, 200px\" \/><em>A tizenn\u00e9gy r\u00e9szes mesek\u00f6nyvsorozat helysz\u00edne a Dombont\u00fali Lak\u00f3park, ahol mindig t\u00f6rt\u00e9nik valami. Csigalass\u00fa Biztib\u00e1csi vigy\u00e1z az \u00e9p\u00fcl\u0151 h\u00e1zakra, amelyekbe mindig \u00faj \u00e1llatcsal\u00e1d k\u00f6lt\u00f6zik, els\u0151k\u00e9nt a kiselef\u00e1nt, Ak\u00e1c, majd sorban a t\u00f6bbiek, a tekn\u0151s, a zsir\u00e1f, az eg\u00e9r, a majom, \u00e9s t\u00f6bbi t\u00e1rsuk. Egy\u00fctt j\u00e1tszanak t\u0171zolt\u00f3sat, vonatosat, egy\u00fctt cs\u00f3nak\u00e1znak a patakban, \u00e9s persze egy\u00fctt is csobbannak bele a v\u00edzbe, egy\u00fctt keresik a titkos \u00e1tj\u00e1r\u00f3t, \u00e9s a k\u00f6z\u00f6s j\u00e1t\u00e9kok sor\u00e1n mindannyian j\u00f3 bar\u00e1tok lesznek. Az utols\u00f3 k\u00f6tetben pedig az is kider\u00fcl, hov\u00e1 vezet a titkos \u00e1tj\u00e1r\u00f3&#8230; A k\u00f6tetek mindegyik\u00e9hez aj\u00e1nd\u00e9k pl\u00fcss\u00e1llat j\u00e1r, \u00edgy a gyerekek is r\u00e9szesei lehetnek a kalandoknak, \u00e9s elj\u00e1tszhatj\u00e1k a mes\u00e9t, akik pedig el\u0151fizetnek, egy sportzs\u00e1kot kapnak, amelyben elf\u00e9r az eg\u00e9sz \u00e1llatsereglet<\/em><br \/>\n<em>Kiad\u00f3: Kossuth, ISBN:9789630986687, terjedelem: 32 oldal.<\/em><\/p>\n<p>Ancsa \u00e9s Pancsa t\u00f6rt\u00e9netei is sorozatnak indultak, de a szerz\u0151, D\u00e9s Mih\u00e1ly m\u00e1jusi hal\u00e1la miatt val\u00f3sz\u00edn\u0171leg m\u00e1r nem sokat fogunk r\u00f3luk olvasni, pedig nagyon aranyosnak t\u0171nnek. <strong>D\u00e9s Mih\u00e1ly: Ancsa \u00e9s Pancsa a f\u00fcrd\u0151szoba fogs\u00e1g\u00e1ban<\/strong><br \/>\n<img loading=\"lazy\" decoding=\"async\" class=\"alignleft wp-image-33453121\" src=\"http:\/\/olvasonaplo.net\/olvasonaplo\/files\/\/2017\/06\/ancsapancsa-300x273.jpg\" alt=\"\" width=\"200\" height=\"182\" srcset=\"http:\/\/olvasonaplo.net\/olvasonaplo\/files\/2017\/06\/ancsapancsa-300x273.jpg 300w, http:\/\/olvasonaplo.net\/olvasonaplo\/files\/2017\/06\/ancsapancsa.jpg 650w\" sizes=\"(max-width: 200px) 100vw, 200px\" \/><em>Ancsa \u00e9s Pancsa \u00e9ppen f\u00fcrdik, mikor minden els\u00f6t\u00e9t\u00fcl, \u00e9s r\u00e1ad\u00e1sul anya is a f\u00fcrd\u0151szob\u00e1n k\u00edv\u00fcl reked. Ha valaha z\u00e1r\u00f3dott m\u00e1r r\u00e1d egy ajt\u00f3, vagy szuroks\u00f6t\u00e9t lett a lak\u00e1s egy v\u00e1ratlan \u00e1ramsz\u00fcnet miatt, akkor el tudod k\u00e9pzelni, hogy ez milyen \u00e9rz\u00e9s lehet. A h\u00edrre \u00f6sszeszaladnak m\u00e9g a szomsz\u00e9dok is. A nagy bajusz\u00fa B\u00e9la b\u00e1csi be akarja t\u00f6rni az ajt\u00f3t, Nusi n\u00e9ni rend\u0151rt h\u00edvna, Magdika a ment\u0151ket. De szerencs\u00e9re az ikerl\u00e1nyokat sem kell f\u00e9lteni! D\u00e9s Mih\u00e1ly nev\u00e9t a feln\u0151tt olvas\u00f3k m\u00e1r j\u00f3l ismerik a Pesti barokk c\u00edm\u0171 reg\u00e9nye \u00f3ta. Els\u0151 mesek\u00f6nyv\u00e9ben, mely az Ancsa \u00e9s Pancsa-sorozat nyit\u00f3darabja, k\u00e9t teljesen egyforma, m\u00e9gis teljesen k\u00fcl\u00f6nb\u00f6z\u0151 kisl\u00e1ny izgalmas \u00e9s vicces kalandjait k\u00f6vethetj\u00fck nyomon.<\/em><br \/>\n<em> Az \u00fcd\u00edt\u0151en \u00faj hang\u00fa k\u00f6tetet Horv\u00e1th-Moln\u00e1r Panna rajzai illusztr\u00e1lj\u00e1k.<\/em><br \/>\n<em>Kiad\u00f3: Kolibri, ISBN:9786155541841, terjedelem: 44 oldal.<\/em><\/p>\n<p>A k\u00f6vetkez\u0151 kateg\u00f3ria aj\u00e1nl\u00e1sai a 8-12 \u00e9veseknek sz\u00f3lnak, akik szeretnek olvasni, vagy mi szeretn\u00e9nk ha olvasn\u00e1nak \u00e9s nem felt\u00e9tlen\u00fcl akarjuk a k\u00f6telez\u0151ket r\u00e1juk er\u0151ltetni. Az ide v\u00e1logatott k\u00f6nyvek olyanok, amiket \u00e9n is sz\u00edvesen adn\u00e9k vagy fogok is adni a fiam kez\u00e9be, aki rem\u00e9lem \u00e9lvezni fogja \u0151ket.<\/p>\n<p>R\u00f6gt\u00f6n itt van egy olyan reg\u00e9ny, ami \u00fagy t\u0171nik majd j\u00f3l r\u00e1vil\u00e1g\u00edt arra, hogy milyen j\u00f3 fejek vagyunk. <strong>David Baddiel: T\u00f6k\u00e9letes sz\u00fcl\u0151 kerestetik<\/strong><br \/>\n<img loading=\"lazy\" decoding=\"async\" class=\"alignleft wp-image-33453129\" src=\"http:\/\/olvasonaplo.net\/olvasonaplo\/files\/\/2017\/06\/tokeletesszulo-300x450.jpg\" alt=\"\" width=\"200\" height=\"300\" srcset=\"http:\/\/olvasonaplo.net\/olvasonaplo\/files\/2017\/06\/tokeletesszulo-300x450.jpg 300w, http:\/\/olvasonaplo.net\/olvasonaplo\/files\/2017\/06\/tokeletesszulo.jpg 400w\" sizes=\"(max-width: 200px) 100vw, 200px\" \/><em>Mi rosszabb ann\u00e1l, ha nem v\u00e1lik val\u00f3ra, amit k\u00edv\u00e1nunk? Tal\u00e1n csak az, ha m\u00e9gis&#8230; Barry Bennett roppant unalmasnak \u00e9s t\u00falzottan szigor\u00fanak tartja a sz\u00fcleit, azt pedig v\u00e9gk\u00e9pp nem tudja megbocs\u00e1tani, hogy ezt a nevet v\u00e1lasztott\u00e1k neki. Azonban, amikor m\u00e1sik sz\u00fcl\u0151k ut\u00e1n foh\u00e1szkodik, m\u00e9g csak nem is sejti, hogy t\u00f6k\u00e9letes ap\u00e1t \u00e9s any\u00e1t tal\u00e1lni nem olyan egyszer\u0171, mint az els\u0151re t\u0171nik.<\/em><br \/>\n<em> A Roald Dahl Funny Prize-d\u00edjas illusztr\u00e1tor,Jim Field \u00e9s a humorista David Baddiel k\u00f6nyve Roald Dahl \u00e9s David Walliams rajong\u00f3inak k\u00f6telez\u0151 olvasm\u00e1ny<\/em><br \/>\n<em>Kiad\u00f3: Man\u00f3 K\u00f6nyvek, ISBN:9789634033226, terjedelem: 288 oldal.<\/em><\/p>\n<p><strong>Tahereh Mafi<\/strong> reg\u00e9ny\u00e9re m\u00e9g angol megjelen\u00e9sekor figyeltem fel, szerintem \u0151 pont az a kateg\u00f3ria, mint <a href=\"http:\/\/olvasonaplo.net\/olvasonaplo\/2013\/07\/08\/catherynne-m-valente-lany-aki-korulhajozta-tunderfoldet\/\" target=\"_blank\" rel=\"noopener\">Valente Szeptember t\u00f6rt\u00e9netei<\/a>. A k\u00f6tetet m\u00e1r beszereztem.<br \/>\n<img loading=\"lazy\" decoding=\"async\" class=\"alignright wp-image-33453130\" src=\"http:\/\/olvasonaplo.net\/olvasonaplo\/files\/\/2017\/06\/illaberek-300x440.jpg\" alt=\"\" width=\"200\" height=\"293\" srcset=\"http:\/\/olvasonaplo.net\/olvasonaplo\/files\/2017\/06\/illaberek-300x440.jpg 300w, http:\/\/olvasonaplo.net\/olvasonaplo\/files\/2017\/06\/illaberek-768x1126.jpg 768w, http:\/\/olvasonaplo.net\/olvasonaplo\/files\/2017\/06\/illaberek-698x1024.jpg 698w, http:\/\/olvasonaplo.net\/olvasonaplo\/files\/2017\/06\/illaberek.jpg 1819w\" sizes=\"(max-width: 200px) 100vw, 200px\" \/><strong>Illaberek<\/strong> <em>A tizenk\u00e9t \u00e9ves D\u00e1mamezey Al\u00edz Alexandr\u00e1nak csup\u00e1n h\u00e1rom dolog sz\u00e1m\u00edt: Anya, aki folyton ostorozza; a m\u00e1gia \u00e9s a sz\u00edn, amelyek messzir\u0151l ker\u00fclik; \u00e9s Apa, aki mindig is szerette. Apa egy sz\u00e1l vonalz\u00f3val a kez\u00e9ben t\u0171nik el Feny\u00e9rh\u00e1tr\u00f3l, \u00e9s h\u00e1rom \u00e9vvel k\u00e9s\u0151bb Al\u00edz m\u00e9g mindig nem adja fel a rem\u00e9nyt, hogy egyszer megtal\u00e1lja. Ap\u00e1t ugyanis m\u00e9g a kalandokn\u00e1l is jobban szereti, \u00e9s hajland\u00f3 elindulni \u00e9lete legnagyobb utaz\u00e1s\u00e1ra, hogy a nyom\u00e1ra bukkanjon.<\/em><br \/>\n<em> Kedvenc gyerekkori olvasm\u00e1nyai, p\u00e9ld\u00e1ul a Titkos kert \u00e9s a Narnia Kr\u00f3nik\u00e1i ihlett\u00e9k a n\u00e9pszer\u0171 Tahereh Mafit eme \u00faj vil\u00e1g megalkot\u00e1s\u00e1ra, ahol a sz\u00edn fizet\u0151eszk\u00f6znek sz\u00e1m\u00edt, a kaland elker\u00fclhetetlen, a bar\u00e1ts\u00e1gra pedig a legv\u00e1ratlanabb helyeken tal\u00e1l r\u00e1 az ember.<\/em><br \/>\n<em> A nagysiker\u0171 Ne \u00e9rints tril\u00f3gia szerz\u0151je ez\u00fattal a k\u00e9pzelet hat\u00e1rain seg\u00edt \u00e1tlend\u00fclni az olvas\u00f3knak ebben a lebilincsel\u0151, modernkori t\u00fcnd\u00e9rmes\u00e9ben.<\/em><br \/>\n<em>Kiad\u00f3: Cicero, ISBN: 9789634320258, terjedelem: 335 oldal.<\/em><\/p>\n<p>Miut\u00e1n m\u00e1r a <a href=\"http:\/\/olvasonaplo.net\/olvasonaplo\/2017\/06\/13\/jeffrey-brown-star-wars-jedi-akademia-padawan-visszater\/\" target=\"_blank\" rel=\"noopener\">padawanok is \u00edrnak napl\u00f3t<\/a>, nem csoda, ha az \u00e1llatok is sz\u00ednre l\u00e9pnek. R\u00e1ad\u00e1sul ennek a k\u00f6tetnek a magyar\u00edt\u00e1sa, Lakatos Istv\u00e1n ford\u00edt\u00e1sa, extra izgalmasnak \u00edg\u00e9rkezik. <strong>Emer Stamp: Malac (elhihetetlen\u00fcl) nagyontitkos napl\u00f3ja<\/strong><br \/>\n<img loading=\"lazy\" decoding=\"async\" class=\"alignleft wp-image-33453127\" src=\"http:\/\/olvasonaplo.net\/olvasonaplo\/files\/\/2017\/06\/malacnaploja-300x372.jpg\" alt=\"\" width=\"200\" height=\"248\" srcset=\"http:\/\/olvasonaplo.net\/olvasonaplo\/files\/2017\/06\/malacnaploja-300x372.jpg 300w, http:\/\/olvasonaplo.net\/olvasonaplo\/files\/2017\/06\/malacnaploja.jpg 687w\" sizes=\"(max-width: 200px) 100vw, 200px\" \/><em>Szia.<\/em><br \/>\n<em> \u00c9n vagyok a Malac. Ez az \u00c9n Napl\u00f3m.<\/em><br \/>\n<em> Ez az \u00c9n Napl\u00f3m nagyon szupertitkos, de a Kacsa azt mondta, hogy musz\u00e1j elolvasnod, h\u00e1tha tudsz nek\u00fcnk seg\u00edteni. Mert egy kicsit bajban vagyunk. Igazib\u00f3l nem is, mert egy \u00d3RI\u00c1SI bajban.<\/em><br \/>\n<em> Rem\u00e9lem, hogy elhiszed majd, amit olvasol, mert a Kacsa szerint Teljesen Elhihetetlen. Pedig nem. Ez az \u00c9n \u00c9letem.<\/em><br \/>\n<em> Lakatos Istv\u00e1n barom(f)ij\u00f3 ford\u00edt\u00e1s\u00e1ban<\/em><br \/>\n<em>Kiad\u00f3: Man\u00f3 K\u00f6nyvek, ISBN:9789634031918, terjedelem: 192 oldal.<\/em><\/p>\n<p>Ha azt szeretn\u00e9nk, hogy valami konstrukt\u00edv is legyen a sok sz\u00e1m\u00edt\u00f3g\u00e9pez\u00e9sb\u0151l, \u00e9rdemes a gyerek kez\u00e9be adni esetleg a <strong>Sean McManus: Tanulj meg k\u00f3dolni 10 l\u00e9p\u00e9sben<\/strong> c\u00edm\u0171 k\u00f6tet\u00e9t.<br \/>\n<img loading=\"lazy\" decoding=\"async\" class=\"alignright wp-image-33453128\" src=\"http:\/\/olvasonaplo.net\/olvasonaplo\/files\/\/2017\/06\/tanuljmegkodolni-300x391.jpg\" alt=\"\" width=\"200\" height=\"261\" srcset=\"http:\/\/olvasonaplo.net\/olvasonaplo\/files\/2017\/06\/tanuljmegkodolni-300x391.jpg 300w, http:\/\/olvasonaplo.net\/olvasonaplo\/files\/2017\/06\/tanuljmegkodolni.jpg 400w\" sizes=\"(max-width: 200px) 100vw, 200px\" \/><em>K\u00e9sz\u00edtsd el els\u0151 sz\u00e1m\u00edt\u00f3g\u00e9pes j\u00e1t\u00e9kod, \u00e9s \u00e9p\u00edts hozz\u00e1 weblapot! Szeretn\u00e9l megtanulni k\u00f3dolni, de azt sem tudod, hogyan kezdj neki? Ez a k\u00f6nyv l\u00e9p\u00e9sr\u0151l l\u00e9p\u00e9sre vezet be a programoz\u00e1s tudom\u00e1ny\u00e1ba. Mire a v\u00e9g\u00e9re \u00e9rsz, lesz egy saj\u00e1t fejleszt\u00e9s\u0171 sz\u00e1m\u00edt\u00f3g\u00e9pes j\u00e1t\u00e9kod, s\u0151t! A HTML \u00e9s CSS k\u00f3dol\u00e1s alapjainak elsaj\u00e1t\u00edt\u00e1s\u00e1val honlapot is k\u00e9sz\u00edthetsz hozz\u00e1! Parancsolsz?<\/em><br \/>\n<em>Kiad\u00f3: Tesloff \u00e9s Babilon, ISBN: 9789632943947, terjedelem: 64 oldal.<\/em><\/p>\n<p>Ny\u00e1r v\u00e9g\u00e9re pedig v\u00e1rhat\u00f3 egy \u00fajabb fel\u00faj\u00edtott <a href=\"http:\/\/olvasonaplo.net\/olvasonaplo\/reviews\/authors\/roald-dahl\/\" target=\"_blank\" rel=\"noopener\">Roald Dahl<\/a> mese a <em>Fantasztikus R\u00f3ka \u00far<\/em>, illetve folytat\u00f3dnak <a href=\"http:\/\/olvasonaplo.net\/olvasonaplo\/2016\/10\/28\/caleb-krisp-ivy-pocket-es-az-oragyemant\/\" target=\"_blank\" rel=\"noopener\">Ivy Pocket kalandjai<\/a> is. Ezekr\u0151l m\u00e9g m\u00e1s inf\u00f3m nincs, de majd kieg\u00e9sz\u00edtem, ha tudok valamit \ud83d\ude42<\/p>\n<p>Az ut\u00f3bbi \u00e9vek trendje nem v\u00e1ltozik: a legt\u00f6bb k\u00f6nyvet a fiatal feln\u0151ttek olvasnak, \u00e9ppen ez\u00e9rt pr\u00f3b\u00e1lj\u00e1k is kiszolg\u00e1lni \u0151ket, n\u00e9ha m\u00e9g olyan kiad\u00f3k is, akikr\u0151l nem is gondoln\u00e1nk. S imm\u00e1r itthon is sokkal nagyobb a v\u00e1laszt\u00e9k, nem csak szerelmes \u00e9s paranorm\u00e1lis fantasyk vannak a YA k\u00f6nyvek k\u00f6z\u00f6tt, hanem aktualit\u00e1ssal foglalkoz\u00f3k is.<\/p>\n<p><strong>Angie Thomas: The Hate U Give<\/strong> &#8211; A gy\u0171l\u00f6let, amit adt\u00e1l c\u00edm\u0171 k\u00f6nyv\u00e9re az \u00e9v els\u0151 negyed\u00e9ben figyeltem fel, amikor sokan aj\u00e1nlgatt\u00e1k mint fontos, aktu\u00e1lis t\u00e9m\u00e1val foglalkoz\u00f3 k\u00f6nyvet \u00e9s szerencs\u00e9re nagyon gyorsan jelent meg magyarul is a reg\u00e9ny.<\/p>\n<img decoding=\"async\" src=\"http:\/\/olvasonaplo.net\/olvasonaplo\/files\/\/2017\/06\/35158863-1.jpg\" alt=\"2017-es nagy ny\u00e1ri k\u00f6nyvaj\u00e1nl\u00f3 I.\" title=\"2017-es nagy ny\u00e1ri k\u00f6nyvaj\u00e1nl\u00f3 I.\" class=\"ubb-cover-image alignleft\"><strong>The Hate U Give \u2013 A gy\u0171l\u00f6let, amit adt\u00e1l<\/strong> by <a href=\"http:\/\/olvasonaplo.net\/olvasonaplo\/reviews\/authors\/angie-thomas\/\">Angie Thomas<\/a> <br><strong>Published by<\/strong> <a href=\"http:\/\/olvasonaplo.net\/olvasonaplo\/reviews\/publishers\/gabo\/\">Gabo<\/a> on June 8th 2017 <br><strong>Pages:<\/strong> 420 <br><a href=\"https:\/\/www.goodreads.com\/book\/show\/35158863-the-hate-u-give-a-gy-l-let-amit-adt-l\" target=\"_blank\">Goodreads<\/a> <br><blockquote class=\"ubb-synopsis\"><p>A \u200btizenhat \u00e9ves, sz\u00ednes b\u0151r\u0171 Starr kett\u0151s \u00e9letet \u00e9l: az egyik vil\u00e1ga a gett\u00f3, ahol feln\u0151tt, a m\u00e1sik pedig a men\u0151, k\u00fclv\u00e1rosi elitgimi. A k\u00e9t \u00e9lete k\u00f6zti egyens\u00faly akkor bomlik meg, amikor Starr szemtan\u00faj\u00e1v\u00e1 v\u00e1lik, ahogy legjobb bar\u00e1tj\u00e1t, a fegyvertelen Khalilt lel\u00f6vi egy rend\u0151r. Minden, amit Starr ezek ut\u00e1n mond, felhaszn\u00e1lhat\u00f3 ellene: t\u00f6nkreteheti a helyet, ahol \u00e9l, \u00f6nmag\u00e1ra \u00e9s szeretett csal\u00e1dj\u00e1ra is vesz\u00e9lyt jelent.A t\u00f6rt\u00e9netet a Black Lives Matter-mozgalom inspir\u00e1lta, amely az afroamerikaiakkal val\u00f3 egyenl\u0151 b\u00e1n\u00e1sm\u00f3d\u00e9rt k\u00fczd. Ebben az izgalmas \u00e9s er\u0151teljes reg\u00e9nyben megismerhet\u00fcnk egy fiatal l\u00e1nyt, aki pontosan ez\u00e9rt harcol.<br \/>\nAngie Thomas Jacksonban, Mississippi \u00e1llamban sz\u00fcletett \u00e9s n\u0151tt fel; jelenleg is ott \u00e9l. Kor\u00e1bban rappelt, legnagyobb sikerek\u00e9nt tartja sz\u00e1mon, hogy megjelent r\u00f3la egy cikk (k\u00e9ppel egy\u00fctt) a Right-On tinimagazinban. Kreat\u00edv \u00edr\u00e1st tanult a Belhaven Egyetemen \u00e9s egy nem hivatalos diplom\u00e1val is rendelkezik hiphopb\u00f3l. Mai napig rappel, ha kedve tartja. A The Hate U Give az els\u0151 reg\u00e9nye. A k\u00f6nyvb\u0151l a Fox k\u00e9sz\u00edt filmet George Tillman rendez\u00e9s\u00e9ben, \u00e9s Amandla Stenberg (Az \u00e9hez\u0151k viadala) f\u0151szerepl\u00e9s\u00e9vel.<\/p>\n<\/blockquote>\t\t<script type=\"application\/ld+json\">\n{\n\t\"@context\":\"https:\/\/schema.org\",\n\t\"@type\":\"Review\",\n\t\"datePublished\": \"2017-06-21T07:05:26+00:00\",\n\t\"description\": \"Tavaly k\\u00e9sz\\u00edtettem ny\\u00e1ri olvasm\\u00e1nyaj\\u00e1nl\\u00f3t h\\u00e1rom felvon\\u00e1sban, amelyekbe els\\u0151sorban olyan bej\\u00e1ratott k\\u00f6nyveket v\\u00e1logattam be, amiket m\\u00e1r olvastam \\u00e9s tiszta sz\\u00edvvel aj\\u00e1nlottam kikapc\",\n\t\"publisher\": {\n\t\t\"@type\": \"Organization\",\n\t\t\"name\": \"Olvas\\u00f3napl\\u00f3\"\t},\n\t\"url\": \"http:\\\/\\\/olvasonaplo.net\\\/olvasonaplo\\\/2017\\\/06\\\/21\\\/2017-es-nyari-konyvajanlo\\\/\",\n\t\"itemReviewed\": {\n\t\t\"@type\": \"Book\",\n\t\t\"name\": \"The Hate U Give \\u2013 A gy\\u0171l\\u00f6let, amit adt\\u00e1l\",\n\t\t\"author\": {\n\t\t\t\"@type\": \"Person\",\n\t\t\t\"name\": \"Angie Thomas\",\n\t\t\t\"sameAs\": \"\"\t\t},\n\t\t\"isbn\": \"\"\t},\n\t\"author\": {\n\t\t\"@type\": \"Person\",\n\t\t\"name\": \"Lobo\",\n\t\t\"sameAs\": \"http:\\\/\\\/olvasonaplo.net\\\/olvasonaplo\\\/\"\t},\n\t\"reviewRating\": {\n\t\t\"@type\": \"Rating\",\n\t\t\"ratingValue\": false,\n\t\t\"bestRating\": \"5\"\n\t}\n}\n\t\t<\/script>\n\t\t\n<p>Gyorsan \u00e9s k\u00f6nnyen olvashat\u00f3 \u00e9s m\u00e9g j\u00f3pontot is lehet szerezni azzal, ha versgy\u0171jtem\u00e9nyt vesz kez\u00e9be az ifj\u00fas\u00e1g, ami kort\u00e1rs is m\u00e9g hozz\u00e1, na meg f\u0151leg r\u00f3la sz\u00f3l<\/p>\n<img decoding=\"async\" src=\"http:\/\/olvasonaplo.net\/olvasonaplo\/files\/\/2017\/06\/35486144-1.jpg\" alt=\"2017-es nagy ny\u00e1ri k\u00f6nyvaj\u00e1nl\u00f3 I.\" title=\"2017-es nagy ny\u00e1ri k\u00f6nyvaj\u00e1nl\u00f3 I.\" class=\"ubb-cover-image alignleft\"><strong>Sz\u00edvlap\u00e1t<\/strong> by <a href=\"http:\/\/olvasonaplo.net\/olvasonaplo\/reviews\/authors\/peczely-dora\/\">P\u00e9czely D\u00f3ra<\/a> <br><strong>Published by<\/strong> <a href=\"http:\/\/olvasonaplo.net\/olvasonaplo\/reviews\/publishers\/tilos-az-a\/\">Tilos az \u00c1<\/a> on June 8th 2017 <br><strong>Pages:<\/strong> 256 <br><a href=\"https:\/\/www.goodreads.com\/book\/show\/35486144-sz-vlap-t\" target=\"_blank\">Goodreads<\/a> <br><blockquote class=\"ubb-synopsis\"><p>Vers \u200ba lelke mindennek<br \/>\nA versek nem mennek ki a divatb\u00f3l. A versolvas\u00e1s olyan, mint v\u00e1logatni egy v\u00e9gtelen nagy ruhat\u00e1rban. Lesz k\u00f6zt\u00fck olyan darab, ami eleinte \u00fagy l\u00f6ty\u00f6g rajtad, mint ap\u00e1d harminc\u00e9ves b\u0151rkab\u00e1tja, azt\u00e1n sz\u00e9pen belen\u0151sz. Lesz olyan, ami egy\u00e1ltal\u00e1n nem tetszik, \u00e9s nem is fog soha. Azt\u00e1n j\u00f6n a szerelemvers els\u0151 l\u00e1t\u00e1sra, majd a nagy, \u00f6r\u00f6k kiv\u00e1lasztottak.<br \/>\nA Sz\u00edvlap\u00e1t c\u00edm\u0171 versgy\u0171jtem\u00e9nyben nyolcvan\u00f6t k\u00f6zt\u00fcnk \u00e9l\u0151 k\u00f6lt\u0151 sz\u00e1z\u00f6tven verse olvashat\u00f3. Vannak olyan szerz\u0151k, akik m\u00e1r \u00e9vtizedek \u00f3ta \u00edrnak, \u00e9s vannak, akik meg sem sz\u00fclettek, amikor m\u00e1soknak m\u00e1r versesk\u00f6tete jelent meg.<br \/>\n\u201eA k\u00f6lt\u00e9szet (\u2026) j\u00e9gdarabk\u00e1k \u00f6sszekoccan\u00e1sa, falev\u00e9l-fagyaszt\u00f3 \u00e9jjel \u00e9s csalog\u00e1nyh\u00edmek p\u00e1rbajoz\u00e1sa\u201d \u2013 ahogy a k\u00f6lt\u0151 Borisz Paszternak \u00edrja, sz\u00f3val valami \u00e9rz\u00e9ki dolog, amir\u0151l nem k\u00f6nny\u0171 besz\u00e9lni. De mondja az \u00f6nmag\u00e1t. Mert persze sz\u00f3, sz\u00f3, sz\u00f3. \u00c1m nemcsak sz\u00f3, hanem k\u00e9p \u00e9s ritmus is. \u00c9s valami olyat ad, hogy j\u00e9, l\u00e9tezik az ember, aki \u00e9n is vagyok, pedig n\u00e9ha \u00fagy \u00e9rzem magam, mint egy ny\u00fazott palotapincsi, akit sz\u00edvlap\u00e1ttal csaptak homlokon.<\/p>\n<\/blockquote>\t\t<script type=\"application\/ld+json\">\n{\n\t\"@context\":\"https:\/\/schema.org\",\n\t\"@type\":\"Review\",\n\t\"datePublished\": \"2017-06-21T07:05:26+00:00\",\n\t\"description\": \"Tavaly k\\u00e9sz\\u00edtettem ny\\u00e1ri olvasm\\u00e1nyaj\\u00e1nl\\u00f3t h\\u00e1rom felvon\\u00e1sban, amelyekbe els\\u0151sorban olyan bej\\u00e1ratott k\\u00f6nyveket v\\u00e1logattam be, amiket m\\u00e1r olvastam \\u00e9s tiszta sz\\u00edvvel aj\\u00e1nlottam kikapc\",\n\t\"publisher\": {\n\t\t\"@type\": \"Organization\",\n\t\t\"name\": \"Olvas\\u00f3napl\\u00f3\"\t},\n\t\"url\": \"http:\\\/\\\/olvasonaplo.net\\\/olvasonaplo\\\/2017\\\/06\\\/21\\\/2017-es-nyari-konyvajanlo\\\/\",\n\t\"itemReviewed\": {\n\t\t\"@type\": \"Book\",\n\t\t\"name\": \"Sz\\u00edvlap\\u00e1t\",\n\t\t\"author\": {\n\t\t\t\"@type\": \"Person\",\n\t\t\t\"name\": \"P\\u00e9czely D\\u00f3ra\",\n\t\t\t\"sameAs\": \"\"\t\t},\n\t\t\"isbn\": \"\"\t},\n\t\"author\": {\n\t\t\"@type\": \"Person\",\n\t\t\"name\": \"Lobo\",\n\t\t\"sameAs\": \"http:\\\/\\\/olvasonaplo.net\\\/olvasonaplo\\\/\"\t},\n\t\"reviewRating\": {\n\t\t\"@type\": \"Rating\",\n\t\t\"ratingValue\": false,\n\t\t\"bestRating\": \"5\"\n\t}\n}\n\t\t<\/script>\n\t\t\n<p>A <strong>Jellicoe Road<\/strong>-r\u00f3l m\u00e1r \u00edrtam, hogy mennyire <a href=\"http:\/\/olvasonaplo.net\/olvasonaplo\/2017\/05\/23\/boritoleleplezes-melina-marchetta-jellicoe-road\/\">v\u00e1rom a megjelen\u00e9s\u00e9t<\/a> \u00e9s szerintem ez is a nem szokv\u00e1nyos YA reg\u00e9nyek k\u00f6z\u00e9 tartozik. A bor\u00edt\u00f3ja meg m\u00e9g mindig nagyon szuper.<\/p>\n<p><img decoding=\"async\" src=\"http:\/\/olvasonaplo.net\/olvasonaplo\/files\/\/2017\/06\/35216384.jpg\" alt=\"2017-es nagy ny\u00e1ri k\u00f6nyvaj\u00e1nl\u00f3 I.\" title=\"2017-es nagy ny\u00e1ri k\u00f6nyvaj\u00e1nl\u00f3 I.\" class=\"ubb-cover-image alignleft\"><strong>Jellicoe Road<\/strong> by <a href=\"http:\/\/olvasonaplo.net\/olvasonaplo\/reviews\/authors\/melina-marchetta\/\">Melina Marchetta<\/a> <br><strong>Published by<\/strong> <a href=\"http:\/\/olvasonaplo.net\/olvasonaplo\/reviews\/publishers\/konyvmolykepzo-kiado\/\">K\u00f6nyvmolyk\u00e9pz\u0151 Kiad\u00f3<\/a> on June 8th 2017 <br><a href=\"https:\/\/www.goodreads.com\/book\/show\/35216384-jellicoe-road\" target=\"_blank\">Goodreads<\/a> <br><blockquote class=\"ubb-synopsis\"><p>Ebben a l\u00edrai, lebilincsel\u0151, d\u00edjnyertes reg\u00e9nyben semmi sem az, aminek l\u00e1tszik, \u00e9s minden nyom \u00fajabb k\u00e9rd\u00e9sekhez vezet.<br \/>\nTaylor Markhamet tizenegy \u00e9ves kor\u00e1ban elhagyja az \u00e9desanyja. Tizenn\u00e9gy \u00e9vesen megsz\u00f6kik a bentlak\u00e1sos iskol\u00e1b\u00f3l, \u00e1m egy rejt\u00e9lyes idegen a keres\u00e9s\u00e9re indul, \u00e9s visszaviszi. Most, tizenh\u00e9t \u00e9vesen Taylor nem t\u00fal lelkes vezet\u0151je az iskolai titkos t\u00e1rsas\u00e1gnak, aminek a V\u00e1rosiakkal \u00e9s az odal\u00e1togat\u00f3 Kad\u00e9tokkal v\u00edvott \u00e9ves harca \u00e9pp most veszi kezdet\u00e9t. Id\u00e9n azonban a Kad\u00e9tokat Jonah Griggs vezeti, akinek \u00e1that\u00f3 tekintet\u00e9t Taylor nem sok\u00e1ig tudja ker\u00fclni. R\u00e1ad\u00e1sul Hannah, az egyetlen feln\u0151tt, akiben Taylor megb\u00edzik, v\u00e1ratlanul elt\u0171nik. Ha Taylor \u00f6ssze tudja rakni a Hannah \u00e1ltal h\u00e1trahagyott nyomokat\u201e a felt\u00e1rul\u00f3 igazs\u00e1g nemcsak m\u00faltj\u00e1nak k\u00e9rd\u00e9seire ad v\u00e1laszt, de a j\u00f6v\u0151j\u00e9t is megv\u00e1ltoztatja.<\/p>\n<\/blockquote>\t\t<script type=\"application\/ld+json\">\n{\n\t\"@context\":\"https:\/\/schema.org\",\n\t\"@type\":\"Review\",\n\t\"datePublished\": \"2017-06-21T07:05:26+00:00\",\n\t\"description\": \"Tavaly k\\u00e9sz\\u00edtettem ny\\u00e1ri olvasm\\u00e1nyaj\\u00e1nl\\u00f3t h\\u00e1rom felvon\\u00e1sban, amelyekbe els\\u0151sorban olyan bej\\u00e1ratott k\\u00f6nyveket v\\u00e1logattam be, amiket m\\u00e1r olvastam \\u00e9s tiszta sz\\u00edvvel aj\\u00e1nlottam kikapc\",\n\t\"publisher\": {\n\t\t\"@type\": \"Organization\",\n\t\t\"name\": \"Olvas\\u00f3napl\\u00f3\"\t},\n\t\"url\": \"http:\\\/\\\/olvasonaplo.net\\\/olvasonaplo\\\/2017\\\/06\\\/21\\\/2017-es-nyari-konyvajanlo\\\/\",\n\t\"itemReviewed\": {\n\t\t\"@type\": \"Book\",\n\t\t\"name\": \"Jellicoe Road\",\n\t\t\"author\": {\n\t\t\t\"@type\": \"Person\",\n\t\t\t\"name\": \"Melina Marchetta\",\n\t\t\t\"sameAs\": \"\"\t\t},\n\t\t\"isbn\": \"\"\t},\n\t\"author\": {\n\t\t\"@type\": \"Person\",\n\t\t\"name\": \"Lobo\",\n\t\t\"sameAs\": \"http:\\\/\\\/olvasonaplo.net\\\/olvasonaplo\\\/\"\t},\n\t\"reviewRating\": {\n\t\t\"@type\": \"Rating\",\n\t\t\"ratingValue\": false,\n\t\t\"bestRating\": \"5\"\n\t}\n}\n\t\t<\/script>\n\t\t<br \/>\nA <strong>Nyom\u00e1s alatt<\/strong> c\u00edm\u0171 filmet m\u00e1r <a href=\"https:\/\/snitt.hu\/filmek\/nyomas-alatt-2010\">r\u00e9g bemutatt\u00e1k<\/a> itthon (t\u00e9nyleg, 2010-ben!), de valahogy az eredeti reg\u00e9ny, ami egy int\u00e9zetben j\u00e1tsz\u00f3dik, mert bizony a fiatalok is \u00f6sszeomolhatnak a stresszt\u0151l, m\u00e9g csak mostan\u00e1ban ker\u00fcl a polcokra<\/p>\n<img decoding=\"async\" src=\"http:\/\/olvasonaplo.net\/olvasonaplo\/files\/\/2017\/06\/35486172.jpg\" alt=\"2017-es nagy ny\u00e1ri k\u00f6nyvaj\u00e1nl\u00f3 I.\" title=\"2017-es nagy ny\u00e1ri k\u00f6nyvaj\u00e1nl\u00f3 I.\" class=\"ubb-cover-image alignleft\"><strong>Nyom\u00e1s alatt<\/strong> by <a href=\"http:\/\/olvasonaplo.net\/olvasonaplo\/reviews\/authors\/ned-vizzini\/\">Ned Vizzini<\/a> <br><strong>Published by<\/strong> <a href=\"http:\/\/olvasonaplo.net\/olvasonaplo\/reviews\/publishers\/konyvmolykepzo-kiado\/\">K\u00f6nyvmolyk\u00e9pz\u0151 Kiad\u00f3<\/a> on June 8th 2017 <br><strong>Pages:<\/strong> 368 <br><a href=\"https:\/\/www.goodreads.com\/book\/show\/35486172-nyom-s-alatt\" target=\"_blank\">Goodreads<\/a> <br><blockquote class=\"ubb-synopsis\"><p>\u201eElk\u00e9peszt\u0151: \u200bvicces, intelligens, lefegyverz\u0151.\u201d \u2013 New York MagazineA b\u00f6lcs, elm\u00e9s narr\u00e1tor \u00e9s egy k\u00e9nyes t\u00e9ma finom le\u00edr\u00e1sa mag\u00e1val ragadja a nagykamaszokat \u2013 \u00e9s sz\u00fcleik et.\u201d \u2013 People Magazine<br \/>\nAz ambici\u00f3zus, New York-i tin\u00e9dzser, Craig Gilner elt\u00f6k\u00e9lte, hogy sikeres lesz az \u00e9letben \u2013 ami azt jelenti, hogy be akar jutni a megfelel\u0151 gimn\u00e1ziumba, a megfelel\u0151 f\u0151iskol\u00e1ra, a megfelel\u0151 munkahelyre. \u00c1m amint Craiget felveszik a manhattani Vezet\u0151k\u00e9pz\u0151 Gimn\u00e1ziumba, a nyom\u00e1s elviselhetetlenn\u00e9 v\u00e1lik. Nem eszik, nem alszik, m\u00edg, egy este, majdnem meg\u00f6li mag\u00e1t.Craiget, \u00f6ngyilkoss\u00e1gi k\u00eds\u00e9rlet\u00e9nek k\u00f6sz\u00f6nhet\u0151en egy pszichi\u00e1tri\u00e1ra utalj\u00e1k, ahol nem mindennapi \u00faj szomsz\u00e9dokat szerez: egy transzszexu\u00e1lis szex f\u00fcgg\u0151t; egy l\u00e1nyt, aki oll\u00f3val esett az arc\u00e1nak; \u00e9s az \u00f6nmag\u00e1t megv\u00e1laszt\u00f3 Armelio eln\u00f6k\u00f6t. Itt Craig v\u00e9gre k\u00e9pes szemben\u00e9zni szorong\u00e1s\u00e1nak forr\u00e1s\u00e1val.Ned Vizzini, aki maga is j\u00e1rt m\u00e1r pszichi\u00e1tri\u00e1n, k\u00fcl\u00f6n\u00f6sen megind\u00edt\u00f3 t\u00f6rt\u00e9netet \u00edrt a boldogs\u00e1ghoz vezet\u0151, n\u00e9ha nem v\u00e1rt \u00fatr\u00f3l.<br \/>\n\u201eHumoros \u2026 [Vizzini] szem\u00e9lyes belel\u00e1t\u00e1sa \u00e9s intelligens, \u00f6nbecsm\u00e9rl\u0151 hangv\u00e9tele teszi a k\u00f6nyvet sz\u00f3rakoztat\u00f3 olvasm\u00e1nny\u00e1.\u201d \u2013 The Washington Post\u201eEgy k\u00f6nyv a depresszi\u00f3r\u00f3l, ami egy\u00e1ltal\u00e1n nem depresszi\u00f3s.\u201d \u2013 Teen Vogue<\/p>\n<\/blockquote>\t\t<script type=\"application\/ld+json\">\n{\n\t\"@context\":\"https:\/\/schema.org\",\n\t\"@type\":\"Review\",\n\t\"datePublished\": \"2017-06-21T07:05:26+00:00\",\n\t\"description\": \"Tavaly k\\u00e9sz\\u00edtettem ny\\u00e1ri olvasm\\u00e1nyaj\\u00e1nl\\u00f3t h\\u00e1rom felvon\\u00e1sban, amelyekbe els\\u0151sorban olyan bej\\u00e1ratott k\\u00f6nyveket v\\u00e1logattam be, amiket m\\u00e1r olvastam \\u00e9s tiszta sz\\u00edvvel aj\\u00e1nlottam kikapc\",\n\t\"publisher\": {\n\t\t\"@type\": \"Organization\",\n\t\t\"name\": \"Olvas\\u00f3napl\\u00f3\"\t},\n\t\"url\": \"http:\\\/\\\/olvasonaplo.net\\\/olvasonaplo\\\/2017\\\/06\\\/21\\\/2017-es-nyari-konyvajanlo\\\/\",\n\t\"itemReviewed\": {\n\t\t\"@type\": \"Book\",\n\t\t\"name\": \"Nyom\\u00e1s alatt\",\n\t\t\"author\": {\n\t\t\t\"@type\": \"Person\",\n\t\t\t\"name\": \"Ned Vizzini\",\n\t\t\t\"sameAs\": \"\"\t\t},\n\t\t\"isbn\": \"\"\t},\n\t\"author\": {\n\t\t\"@type\": \"Person\",\n\t\t\"name\": \"Lobo\",\n\t\t\"sameAs\": \"http:\\\/\\\/olvasonaplo.net\\\/olvasonaplo\\\/\"\t},\n\t\"reviewRating\": {\n\t\t\"@type\": \"Rating\",\n\t\t\"ratingValue\": false,\n\t\t\"bestRating\": \"5\"\n\t}\n}\n\t\t<\/script>\n\t\t\n<p>Ugyan a <strong>R\u00f3zsa &amp; t\u0151r<\/strong> m\u00e1r m\u00e1sodik r\u00e9sze egy sorozatnak, de olyan ifj\u00fas\u00e1gi fantasy-r\u0151l van sz\u00f3, amely a keleti mesevil\u00e1got, konkr\u00e9tan az 1001 \u00e9jszak\u00e1t veszi alapul, sz\u00f3val elt\u00e9r a megszokott\u00f3l.<\/p>\n<img decoding=\"async\" src=\"http:\/\/olvasonaplo.net\/olvasonaplo\/files\/\/2017\/06\/35155967.jpg\" alt=\"2017-es nagy ny\u00e1ri k\u00f6nyvaj\u00e1nl\u00f3 I.\" title=\"2017-es nagy ny\u00e1ri k\u00f6nyvaj\u00e1nl\u00f3 I.\" class=\"ubb-cover-image alignleft\"><strong>R\u00f3zsa \u200b& t\u0151r (The Wrath & the Dawn, #2)<\/strong> by <a href=\"http:\/\/olvasonaplo.net\/olvasonaplo\/reviews\/authors\/renee-ahdieh\/\">Renee Ahdieh<\/a> <br><strong>Published by<\/strong> <a href=\"http:\/\/olvasonaplo.net\/olvasonaplo\/reviews\/publishers\/ventus-libro\/\">Ventus Libro<\/a> on June 15th 2017 <br><strong>Pages:<\/strong> 308 <br><a href=\"https:\/\/www.goodreads.com\/book\/show\/35155967-r-zsa-t-r\" target=\"_blank\">Goodreads<\/a> <br><blockquote class=\"ubb-synopsis\"><p>Term\u00e9szetf\u00f6l\u00f6tti elemekkel \u00e1tsz\u0151tt mese Az Ezeregy\u00e9jszaka mes\u00e9inek vil\u00e1g\u00e1b\u00f3l. Trag\u00e9dia, gyilkoss\u00e1g, \u00e1tok, h\u0171s\u00e9g, \u00e1rul\u00e1s \u00e9s szerelem egy m\u00e1rv\u00e1nypalot\u00e1ban.A h\u00e1bor\u00fa sz\u00e9l\u00e9re sodr\u00f3d\u00f3 orsz\u00e1gban Sahraz\u00e1d k\u00e9nytelen volt elszakadni szeretett f\u00e9rj\u00e9t\u0151l, K\u00e1lidt\u00f3l, Korasz\u00e1n mindenhat\u00f3 kalif\u00e1j\u00e1t\u00f3l. Csatlakozik a K\u00e1lid ellens\u00e9geinek t\u00e1bor\u00e1ban mened\u00e9ket lel\u0151 csal\u00e1dj\u00e1hoz \u00e9s Tarikhoz, gyermekkori szerelm\u00e9hez. Tarik egy olyan sereg \u00e9l\u00e9re \u00e1ll, amely K\u00e1lid hatalm\u00e1nak megd\u00f6nt\u00e9s\u00e9re t\u00f6r. Sahraz\u00e1d tulajdonk\u00e9ppen fogoly - k\u00e9ts\u00e9gbeesetten verg\u0151dik szerettei ir\u00e1nti h\u0171s\u00e9g\u00e9nek b\u00e9kly\u00f3iban. Nem hajland\u00f3 azonban senki b\u00e1bjak\u00e9nt \u00e9lni.M\u00edg \u00e9desapja, Dzsahand\u00e1r folytatja veszedelmes j\u00e1t\u00e9k\u00e1t a var\u00e1zslatos er\u0151kkel, amelyeket m\u00e9g maga sem ismer, Sahraz\u00e1d igyekszik felfedezni a saj\u00e1t l\u00e9ny\u00e9ben szunnyad\u00f3 m\u00e1gikus hatalmat. Egy \u00f3cska sz\u0151nyeg \u00e9s egy indulatos, \u00e1m felett\u00e9bb b\u00f6lcs fiatalember seg\u00edts\u00e9g\u00e9vel mindent megtesz, hogy megt\u00f6rje az \u00e1tok erej\u00e9t, \u00e9s \u00fajra egy\u00fctt lehessen \u00e9lete igaz szerelm\u00e9vel.<\/p>\n<\/blockquote>\t\t<script type=\"application\/ld+json\">\n{\n\t\"@context\":\"https:\/\/schema.org\",\n\t\"@type\":\"Review\",\n\t\"datePublished\": \"2017-06-21T07:05:26+00:00\",\n\t\"description\": \"Tavaly k\\u00e9sz\\u00edtettem ny\\u00e1ri olvasm\\u00e1nyaj\\u00e1nl\\u00f3t h\\u00e1rom felvon\\u00e1sban, amelyekbe els\\u0151sorban olyan bej\\u00e1ratott k\\u00f6nyveket v\\u00e1logattam be, amiket m\\u00e1r olvastam \\u00e9s tiszta sz\\u00edvvel aj\\u00e1nlottam kikapc\",\n\t\"publisher\": {\n\t\t\"@type\": \"Organization\",\n\t\t\"name\": \"Olvas\\u00f3napl\\u00f3\"\t},\n\t\"url\": \"http:\\\/\\\/olvasonaplo.net\\\/olvasonaplo\\\/2017\\\/06\\\/21\\\/2017-es-nyari-konyvajanlo\\\/\",\n\t\"itemReviewed\": {\n\t\t\"@type\": \"Book\",\n\t\t\"name\": \"R\\u00f3zsa \\u200b& t\\u0151r (The Wrath & the Dawn, #2)\",\n\t\t\"author\": {\n\t\t\t\"@type\": \"Person\",\n\t\t\t\"name\": \"Renee Ahdieh\",\n\t\t\t\"sameAs\": \"\"\t\t},\n\t\t\"isbn\": \"\"\t},\n\t\"author\": {\n\t\t\"@type\": \"Person\",\n\t\t\"name\": \"Lobo\",\n\t\t\"sameAs\": \"http:\\\/\\\/olvasonaplo.net\\\/olvasonaplo\\\/\"\t},\n\t\"reviewRating\": {\n\t\t\"@type\": \"Rating\",\n\t\t\"ratingValue\": false,\n\t\t\"bestRating\": \"5\"\n\t}\n}\n\t\t<\/script>\n\t\t\n","protected":false},"excerpt":{"rendered":"<p>Tavaly k\u00e9sz\u00edtettem ny\u00e1ri olvasm\u00e1nyaj\u00e1nl\u00f3t h\u00e1rom felvon\u00e1sban, amelyekbe els\u0151sorban olyan bej\u00e1ratott k\u00f6nyveket v\u00e1logattam be, amiket m\u00e1r olvastam \u00e9s tiszta sz\u00edvvel aj\u00e1nlottam kikapcsol\u00f3d\u00e1sra. Mert a ny\u00e1r olvas\u00e1sra termett, s b\u00e1rmi ny\u00e1ri k\u00f6nyvv\u00e9, s\u0151t strandk\u00f6nyv\u00e9 l\u00e9p el\u0151, ha az ember j\u00fanius 1 \u00e9s augusztus 31 k\u00f6z\u00f6tt olvassa el (strandk\u00f6nyv, ha ugyanezt a strandon teszi). Id\u00e9n annyiban v\u00e1ltoztatok az [&hellip;]<\/p>\n","protected":false},"author":1,"featured_media":33453120,"comment_status":"open","ping_status":"open","sticky":false,"template":"","format":"standard","meta":{"_monsterinsights_skip_tracking":false,"_monsterinsights_sitenote_active":false,"_monsterinsights_sitenote_note":"","_monsterinsights_sitenote_category":0,"site-sidebar-layout":"default","site-content-layout":"","ast-site-content-layout":"default","site-content-style":"default","site-sidebar-style":"default","ast-global-header-display":"","ast-banner-title-visibility":"","ast-main-header-display":"","ast-hfb-above-header-display":"","ast-hfb-below-header-display":"","ast-hfb-mobile-header-display":"","site-post-title":"","ast-breadcrumbs-content":"","ast-featured-img":"","footer-sml-layout":"","ast-disable-related-posts":"","theme-transparent-header-meta":"","adv-header-id-meta":"","stick-header-meta":"","header-above-stick-meta":"","header-main-stick-meta":"","header-below-stick-meta":"","astra-migrate-meta-layouts":"default","ast-page-background-enabled":"default","ast-page-background-meta":{"desktop":{"background-color":"var(--ast-global-color-5)","background-image":"","background-repeat":"repeat","background-position":"center center","background-size":"auto","background-attachment":"scroll","background-type":"","background-media":"","overlay-type":"","overlay-color":"","overlay-opacity":"","overlay-gradient":""},"tablet":{"background-color":"","background-image":"","background-repeat":"repeat","background-position":"center center","background-size":"auto","background-attachment":"scroll","background-type":"","background-media":"","overlay-type":"","overlay-color":"","overlay-opacity":"","overlay-gradient":""},"mobile":{"background-color":"","background-image":"","background-repeat":"repeat","background-position":"center center","background-size":"auto","background-attachment":"scroll","background-type":"","background-media":"","overlay-type":"","overlay-color":"","overlay-opacity":"","overlay-gradient":""}},"ast-content-background-meta":{"desktop":{"background-color":"var(--ast-global-color-4)","background-image":"","background-repeat":"repeat","background-position":"center center","background-size":"auto","background-attachment":"scroll","background-type":"","background-media":"","overlay-type":"","overlay-color":"","overlay-opacity":"","overlay-gradient":""},"tablet":{"background-color":"var(--ast-global-color-4)","background-image":"","background-repeat":"repeat","background-position":"center center","background-size":"auto","background-attachment":"scroll","background-type":"","background-media":"","overlay-type":"","overlay-color":"","overlay-opacity":"","overlay-gradient":""},"mobile":{"background-color":"var(--ast-global-color-4)","background-image":"","background-repeat":"repeat","background-position":"center center","background-size":"auto","background-attachment":"scroll","background-type":"","background-media":"","overlay-type":"","overlay-color":"","overlay-opacity":"","overlay-gradient":""}},"footnotes":""},"categories":[210,165,54,267,4,81],"tags":[],"book-author":[1081,1084,1085,1082,1086],"book-series":[],"book-publisher":[307,410,1083,1061],"book-genre":[],"book-source":[],"book-format":[],"class_list":["post-33453116","post","type-post","status-publish","format-standard","has-post-thumbnail","hentry","category-featured","category-gyerekpolc","category-ifjusagi","category-konyvajanlo","category-magyarul","category-mesekonyv","book-author-angie-thomas","book-author-melina-marchetta","book-author-ned-vizzini","book-author-peczely-dora","book-author-renee-ahdieh","book-publisher-gabo","book-publisher-konyvmolykepzo-kiado","book-publisher-tilos-az-a","book-publisher-ventus-libro"],"aioseo_notices":[],"_links":{"self":[{"href":"http:\/\/olvasonaplo.net\/olvasonaplo\/wp-json\/wp\/v2\/posts\/33453116","targetHints":{"allow":["GET"]}}],"collection":[{"href":"http:\/\/olvasonaplo.net\/olvasonaplo\/wp-json\/wp\/v2\/posts"}],"about":[{"href":"http:\/\/olvasonaplo.net\/olvasonaplo\/wp-json\/wp\/v2\/types\/post"}],"author":[{"embeddable":true,"href":"http:\/\/olvasonaplo.net\/olvasonaplo\/wp-json\/wp\/v2\/users\/1"}],"replies":[{"embeddable":true,"href":"http:\/\/olvasonaplo.net\/olvasonaplo\/wp-json\/wp\/v2\/comments?post=33453116"}],"version-history":[{"count":21,"href":"http:\/\/olvasonaplo.net\/olvasonaplo\/wp-json\/wp\/v2\/posts\/33453116\/revisions"}],"predecessor-version":[{"id":33455521,"href":"http:\/\/olvasonaplo.net\/olvasonaplo\/wp-json\/wp\/v2\/posts\/33453116\/revisions\/33455521"}],"wp:featuredmedia":[{"embeddable":true,"href":"http:\/\/olvasonaplo.net\/olvasonaplo\/wp-json\/wp\/v2\/media\/33453120"}],"wp:attachment":[{"href":"http:\/\/olvasonaplo.net\/olvasonaplo\/wp-json\/wp\/v2\/media?parent=33453116"}],"wp:term":[{"taxonomy":"category","embeddable":true,"href":"http:\/\/olvasonaplo.net\/olvasonaplo\/wp-json\/wp\/v2\/categories?post=33453116"},{"taxonomy":"post_tag","embeddable":true,"href":"http:\/\/olvasonaplo.net\/olvasonaplo\/wp-json\/wp\/v2\/tags?post=33453116"},{"taxonomy":"book-author","embeddable":true,"href":"http:\/\/olvasonaplo.net\/olvasonaplo\/wp-json\/wp\/v2\/book-author?post=33453116"},{"taxonomy":"book-series","embeddable":true,"href":"http:\/\/olvasonaplo.net\/olvasonaplo\/wp-json\/wp\/v2\/book-series?post=33453116"},{"taxonomy":"book-publisher","embeddable":true,"href":"http:\/\/olvasonaplo.net\/olvasonaplo\/wp-json\/wp\/v2\/book-publisher?post=33453116"},{"taxonomy":"book-genre","embeddable":true,"href":"http:\/\/olvasonaplo.net\/olvasonaplo\/wp-json\/wp\/v2\/book-genre?post=33453116"},{"taxonomy":"book-source","embeddable":true,"href":"http:\/\/olvasonaplo.net\/olvasonaplo\/wp-json\/wp\/v2\/book-source?post=33453116"},{"taxonomy":"book-format","embeddable":true,"href":"http:\/\/olvasonaplo.net\/olvasonaplo\/wp-json\/wp\/v2\/book-format?post=33453116"}],"curies":[{"name":"wp","href":"https:\/\/api.w.org\/{rel}","templated":true}]}}