{"id":33451592,"date":"2016-04-24T21:55:54","date_gmt":"2016-04-24T20:55:54","guid":{"rendered":"http:\/\/olvasonaplo.net\/olvasonaplo\/?p=33451592"},"modified":"2016-04-25T08:05:57","modified_gmt":"2016-04-25T07:05:57","slug":"feszt-konyvek","status":"publish","type":"post","link":"http:\/\/olvasonaplo.net\/olvasonaplo\/2016\/04\/24\/feszt-konyvek\/","title":{"rendered":"Feszt k\u00f6nyvek"},"content":{"rendered":"<p>Imm\u00e1ron harmadik \u00e9ve nem p\u00f6r\u00f6gtem itt a blogon k\u00fcl\u00f6n\u00f6sebben a K\u00f6nyvfesztiv\u00e1lon el\u0151re, hanem igyekeztem a podcast-ra tartogatni a terveket meg a v\u00e9lem\u00e9nyeket. Ami most is \u00edgy volt, ugyanis pont a XIII. Budapesti Nemzetk\u00f6zi K\u00f6nyvfesztiv\u00e1l nyit\u00f3napj\u00e1nak d\u00e9lel\u0151ttj\u00e9n jelent meg a <a href=\"https:\/\/popkultcsajoksatobbi.wordpress.com\/2016\/04\/21\/konyv-meg-fesztival-az-59-epizod\/\" target=\"_blank\">Popkult, csajok, sat\u00f6bbi 59.<\/a> ad\u00e1sa \u00e9s imm\u00e1r hagyom\u00e1nyk\u00e9nt ott volt t\u00e9ma ez a k\u00f6nyves \u00f6sszer\u00f6ffen\u00e9s. S lassan m\u00e1r az is hagyom\u00e1ny lesz, hogy t\u00fal a fesztiv\u00e1lon eg\u00e9sz m\u00e1s dolgokr\u00f3l is besz\u00e9l\u00fcnk. \u00dagyhogy els\u0151 k\u00f6rben hallgass\u00e1tok meg, hogy k\u00e9sz\u00fclt\u00fcnk (nyugi, megv\u00e1rom):<\/p>\n<p>Hallgasd meg az 59. ad\u00e1st:<\/p>\n<p><!--[if lt IE 9]><script>document.createElement('audio');<\/script><![endif]-->\n<audio class=\"wp-audio-shortcode\" id=\"audio-33451592-1\" preload=\"none\" style=\"width: 100%;\" controls=\"controls\"><source type=\"audio\/mpeg\" src=\"https:\/\/popkultcsajoksatobbi.files.wordpress.com\/2016\/04\/popkultcsajoksatobbis03e07.mp3?_=1\" \/><a href=\"https:\/\/popkultcsajoksatobbi.files.wordpress.com\/2016\/04\/popkultcsajoksatobbis03e07.mp3\">https:\/\/popkultcsajoksatobbi.files.wordpress.com\/2016\/04\/popkultcsajoksatobbis03e07.mp3<\/a><\/audio><br \/>\nLe is t\u00f6lten\u00e9d? <a href=\"https:\/\/popkultcsajoksatobbi.files.wordpress.com\/2016\/04\/popkultcsajoksatobbis03e07.mp3\">Popkult, csajok, sat\u00f6bbi S03E07<\/a><br \/>\nAhol lehet \u00e9rt\u00e9kelni is: <a title=\"Podcast: Popkult, csajok, sat\u00f6bbi\" href=\"https:\/\/itunes.apple.com\/hu\/podcast\/popkult-csajok-satobbi-podcasts\/id853150567\" target=\"_blank\">ITunes csatorna<\/a><\/p>\n<p><a href=\"http:\/\/olvasonaplo.net\/olvasonaplo\/files\/\/2016\/04\/Konyvfesztivalszerzemenyek.jpg\" rel=\"attachment wp-att-33451601\"><img fetchpriority=\"high\" decoding=\"async\" class=\"alignleft wp-image-33451601 size-medium\" src=\"http:\/\/olvasonaplo.net\/olvasonaplo\/files\/\/2016\/04\/Konyvfesztivalszerzemenyek-300x450.jpg\" alt=\"Konyvfesztivalszerzemenyek\" width=\"300\" height=\"450\" srcset=\"http:\/\/olvasonaplo.net\/olvasonaplo\/files\/2016\/04\/Konyvfesztivalszerzemenyek-300x450.jpg 300w, http:\/\/olvasonaplo.net\/olvasonaplo\/files\/2016\/04\/Konyvfesztivalszerzemenyek.jpg 683w\" sizes=\"(max-width: 300px) 100vw, 300px\" \/><\/a>M\u00e1r csak az\u00e9rt is fontos ez, mert akkor \u00e9rthet\u0151, hogy mennyi mindent tartottam be a tervekb\u0151l \ud83d\ude42 Mondhatni, szinte mindent.<\/p>\n<p>Mivel szombaton a v\u00e1rhat\u00f3 t\u00f6meg, meg egy\u00e9b elfoglalts\u00e1gok miatt am\u00fagy se terveztem kimenni, vas\u00e1rnap pedig a\u00a0 rossz id\u0151 meg a csal\u00e1dnak betervezett moziz\u00e1s k\u00f6zbesz\u00f3lt, p\u00e9ntek d\u00e9lel\u0151tt mentem ki a Millen\u00e1risra. Az els\u0151, k\u00f6rnyezettel, elrendezked\u00e9ssel val\u00f3 ismerked\u0151s k\u00f6r ut\u00e1n pedig be\u00fcltem a Hess Andr\u00e1s terembe. Ugyanis itt kezd\u0151d\u00f6tt a <em>Kaleidoszk\u00f3p &#8211; K\u00fclf\u00f6ldi trendek az ifj\u00fas\u00e1gi irodalomban<\/em> c\u00edm\u0171 besz\u00e9lget\u00e9s a Man\u00f3 K\u00f6nyvek, a Scolar, a M\u00f3ra, a Kolibri \u00e9s a Tiolsaz\u00c1 K\u00f6nyvek k\u00e9pvisel\u0151inek r\u00e9szv\u00e9tel\u00e9vel.<\/p>\n<p>\u00d6sszess\u00e9g\u00e9ben nem teljesen azt kaptam, amit v\u00e1rtam, mert r\u00f6gt\u00f6n az els\u0151 k\u00e9rd\u00e9sk\u00f6rben felmer\u00fclt, hogy mi\u00e9rt nem magyar szerz\u0151k a z\u00e1szl\u00f3sai ennek a modern ifj\u00fas\u00e1gi \u00e1gazatnak \u00e9s el\u00e9gg\u00e9 elterel\u0151d\u00f6tt erre a besz\u00e9lget\u00e9s, de az\u00e9rt m\u00e9g \u00edgy is sok mindenr\u0151l volt sz\u00f3. P\u00e9ld\u00e1ul, hogy lehet fel\u00e9p\u00edteni egy szerz\u0151t \u00e9s mennyire fontos a 3. k\u00f6nyv. Hogy t\u00f6bben is nem \u00f6n\u00e1ll\u00f3 kiad\u00f3k\u00e9nt munk\u00e1lkodnak, hanem m\u00e1s kiad\u00f3k alatt (Tilosaz\u00c1, Men\u0151 K\u00f6nyvek), esetleg sorozatk\u00e9nt (mint M\u00f3ra a Tabu \u00e9s a LOL k\u00f6nyvekkel, vagy a Scolar az igaz\u00e1n n\u00edv\u00f3s, komolyabb, k\u00fcl\u00f6nleges ifj\u00fas\u00e1gi reg\u00e9nyeikkel), s abban mind egyet \u00e9rtettek, hogy igaz\u00e1n fontos, hogy az \u00edr\u00f3 j\u00f3 legyen \u00e9s meg tudja sz\u00f3l\u00edtani a fiatalokat. Manaps\u00e1g m\u00e1r magyar \u00edr\u00f3k is k\u00fcl\u00f6n jelentkeznek, hogy pl. a Tabu sorozatba szeretn\u00e9nek \u00edrni. De \u00e1ltal\u00e1nosan elfogadott az is, hogy mivel napjainkban az internet r\u00e9v\u00e9n szinte az \u00f6sszes fiatalnak, tininek hasonl\u00f3 \u00e9lm\u00e9nyei vannak, b\u00e1rmelyik k\u00fclf\u00f6ldi ifj\u00fas\u00e1gi reg\u00e9ny is tud a helyiekhez sz\u00f3lni. R\u00e1ad\u00e1sul \u00fagy t\u0171nik, hogy pont a fiatal feln\u0151tteknek sz\u00f3l\u00f3 k\u00fclf\u00f6ldi reg\u00e9nyek azok, amik igaz\u00e1n gyorsan tudnak reag\u00e1lni k\u00fcl\u00f6nb\u00f6z\u0151 v\u00e1ltoz\u00e1sokra \u00e9s probl\u00e9m\u00e1kra illetve itthon m\u00e9g mindig sokan gondolj\u00e1k, hogy vannak t\u00e9m\u00e1k, amikr\u0151l nem \u00edrunk a fiataloknak, nem adunk kez\u00e9be err\u0151l sz\u00f3l\u00f3 k\u00f6nyveket, ezt mutatja n\u00e9ha a v\u00e1s\u00e1rl\u00f3i elz\u00e1rk\u00f3z\u00e1s is a r\u00e1z\u00f3sabb t\u00e9m\u00e1kt\u00f3l. Fontos szerepe lenne itt a tan\u00e1roknak egy\u00e9bk\u00e9nt, mert a kamaszok l\u00e1ssuk be, ritk\u00e1n szeretnek elfogadni b\u00e1rmit is, amit a sz\u00fcl\u0151 igyekszik a kez\u00e9be adni, viszont vannak dolgok, \u00edr\u00f3k (pl. Janne Teller), akiket iskol\u00e1ban igaz\u00e1n k\u00e9zbe lehetne adni \u00e9s t\u00e9nyleg \u00e1t\u00e9rt\u00e9kelni a k\u00f6telez\u0151 irodalmakat. Plusz mindenki felh\u00e1borodott azon, hogy az ifj\u00fas\u00e1gnak sz\u00f3l\u00f3 m\u0171veket egyszer\u0171en kevesen hajland\u00f3k igaz\u00e1n sz\u00e9pirodalomnak venni, keveset azt is lekezel\u0151en foglalkozik vele a kritikai vil\u00e1g, holott ezek k\u00f6z\u00f6tt a k\u00f6nyvek k\u00f6z\u00f6tt is rengeteg van, ami \u00e9rt\u00e9ket k\u00e9pvisel a t\u00e9m\u00e1ja vagy \u00e9pp a st\u00edlusa miatt. Azt\u00e1n sz\u00f3 volt m\u00e9g arr\u00f3l, hogy t\u00e9nyleg a fi\u00fak kevesebbet olvasnak, \u0151ket nehezebb megsz\u00f3l\u00edtani, megtal\u00e1lni, illetve hogy az ifj\u00fas\u00e1gi reg\u00e9nyek m\u00e9g a kommunizmus \u00e9veib\u0151l is mennyire fontos kordokumentumok, mert a v\u00e1ltoz\u00f3 vil\u00e1got, nyelvet nagyon j\u00f3l k\u00f6vetik \u00e9s hogy mennyire neh\u00e9z eld\u00f6nteni, hogy akkor most tegyenek-e korhat\u00e1r megjel\u00f6l\u00e9st a k\u00f6nyvekre, vagy sem.<\/p>\n<p>V\u00e9g\u00fclis, ha nem is teljesen a c\u00edmr\u0151l volt sz\u00f3, az\u00e9rt rengeteg izgalmas k\u00e9rd\u00e9s ker\u00fclt megvitat\u00e1sra \u00e9s j\u00f3 volt l\u00e1tni, hogy mennyire lelkesek t\u00f6bbnyire a kiad\u00f3k munkat\u00e1rsai a t\u00e9m\u00e1kat illet\u0151en.\u00a0 Plusz felker\u00fclt a radaromra n\u00e9h\u00e1ny k\u00f6nyv \u00e9s szerz\u0151, akiket el k\u00e9ne olvasni. Am\u00fagy az\u00f3ta a besz\u00e9lget\u00e9s majdnem teljes eg\u00e9sz\u00e9ben megn\u00e9zhet\u0151 az <a href=\"https:\/\/youtu.be\/wtHIo44o2sg\" target=\"_blank\">Ekultura tv j\u00f3volt\u00e1b\u00f3l<\/a> a youtube-on.<\/p>\n<p><a href=\"http:\/\/olvasonaplo.net\/olvasonaplo\/files\/\/2016\/04\/kolibri.jpg\" rel=\"attachment wp-att-33451600\"><img decoding=\"async\" class=\"alignright size-medium wp-image-33451600\" src=\"http:\/\/olvasonaplo.net\/olvasonaplo\/files\/\/2016\/04\/kolibri-300x200.jpg\" alt=\"kolibri\" width=\"300\" height=\"200\" srcset=\"http:\/\/olvasonaplo.net\/olvasonaplo\/files\/2016\/04\/kolibri-300x200.jpg 300w, http:\/\/olvasonaplo.net\/olvasonaplo\/files\/2016\/04\/kolibri-768x512.jpg 768w, http:\/\/olvasonaplo.net\/olvasonaplo\/files\/2016\/04\/kolibri.jpg 1024w\" sizes=\"(max-width: 300px) 100vw, 300px\" \/><\/a>A panel ut\u00e1n elindultam, hogy el\u0151sz\u00f6r is beszerezzem a k\u00f6nyvet, amire egy rokon k\u00e9rt fel, ez\u00e9rt r\u00f6gt\u00f6n a K\u00f6nyvmolyk\u00e9pz\u0151 standj\u00e1n\u00e1l kezdtem, ahol \u00f6sszefutottam <a href=\"http:\/\/zakkantolvas.blogspot.com\/\" target=\"_blank\">Anett<\/a>el \u00e9s <a href=\"http:\/\/pupillaolvas.blogspot.hu\/\" target=\"_blank\">Pupill\u00e1<\/a>val, \u00fagyhogy egy kicsit egy\u00fctt maradtunk, k\u00f6rben\u00e9zt\u00fcnk \u00e9s \u00e9n elint\u00e9ztem a v\u00e1s\u00e1rolni val\u00f3kat. A Kolibri kiad\u00f3n\u00e1l megvettem a gyerekeknek v\u00e1lasztott k\u00f6nyveket, amelyek k\u00f6z\u00fcl Tom Gates az\u00f3ta hatalmas sikert aratott, Babszem szombat d\u00e9lut\u00e1nra m\u00e1r ki is olvasta. Kisebbik fiam m\u00e9g nem k\u00fcl\u00f6n\u00f6sebben \u00e9rdekl\u0151d\u00f6tt a Kalapos Macska ut\u00e1n, de sebaj, elj\u00f6n majd annak az ideje is.<\/p>\n<p><a href=\"http:\/\/olvasonaplo.net\/olvasonaplo\/files\/\/2016\/04\/rengeteg.jpg\" rel=\"attachment wp-att-33451603\"><img decoding=\"async\" class=\"alignleft size-medium wp-image-33451603\" src=\"http:\/\/olvasonaplo.net\/olvasonaplo\/files\/\/2016\/04\/rengeteg-300x193.jpg\" alt=\"rengeteg\" width=\"300\" height=\"193\" srcset=\"http:\/\/olvasonaplo.net\/olvasonaplo\/files\/2016\/04\/rengeteg-300x193.jpg 300w, http:\/\/olvasonaplo.net\/olvasonaplo\/files\/2016\/04\/rengeteg-768x494.jpg 768w, http:\/\/olvasonaplo.net\/olvasonaplo\/files\/2016\/04\/rengeteg.jpg 1024w\" sizes=\"(max-width: 300px) 100vw, 300px\" \/><\/a>A Gabo \u00e9s Cicero K\u00f6z\u00f6s pultj\u00e1n\u00e1l ahogy terveztem, beszereztem a <em>Rengeteg<\/em>et, ami t\u00e9nyleg csod\u00e1san n\u00e9z ki \u00e9s plusz j\u00f3, hogy nem csak a v\u00e9d\u0151bor\u00edt\u00f3n, hanem a kem\u00e9ny k\u00f6t\u00e9sen is rajta van az illusztr\u00e1ci\u00f3. Itthon kicsit beleolvasgattam, felid\u00e9zgetve a <a href=\"http:\/\/olvasonaplo.net\/olvasonaplo\/2015\/06\/05\/naomi-novik-uprooted\/\" target=\"_blank\">tavalyi \u00e9lm\u00e9nyeimet<\/a> a k\u00f6nyvvel, m\u00e1r tudom is, kinek fogom adni el\u0151sz\u00f6r olvas\u00e1sra \ud83d\ude42 Megvettem A torz\u00f3kat is, majd valamikor sorra ker\u00fcl, tal\u00e1n a T\u00fcnd\u00f6kl\u0151 l\u00e1nyok ut\u00e1n, ami m\u00e9g V\u00e1r\u00f3list\u00e1s id\u00e9n. A standon a n\u00e9zel\u0151d\u00e9s mellett kicsit besz\u00e9lgett\u00fcnk is, k\u00e9rdeztem, hogy nem tervezik-e \u00e1tvenni Novik s\u00e1rk\u00e1nyait, meg hogy v\u00e1rhat\u00f3-e a T\u00fcnd\u00e9rf\u00f6ld folytat\u00e1sa, de egyel\u0151re ezek nem azok a dolgok, amik mennek, \u00fagyhogy pihen\u0151p\u00e1ly\u00e1n van&#8230;.<a href=\"http:\/\/olvasonaplo.net\/olvasonaplo\/files\/\/2016\/04\/torzok.jpg\" rel=\"attachment wp-att-33451604\"><img loading=\"lazy\" decoding=\"async\" class=\"alignright size-medium wp-image-33451604\" src=\"http:\/\/olvasonaplo.net\/olvasonaplo\/files\/\/2016\/04\/torzok-300x200.jpg\" alt=\"torzok\" width=\"300\" height=\"200\" srcset=\"http:\/\/olvasonaplo.net\/olvasonaplo\/files\/2016\/04\/torzok-300x200.jpg 300w, http:\/\/olvasonaplo.net\/olvasonaplo\/files\/2016\/04\/torzok-768x512.jpg 768w, http:\/\/olvasonaplo.net\/olvasonaplo\/files\/2016\/04\/torzok.jpg 1024w\" sizes=\"(max-width: 300px) 100vw, 300px\" \/><\/a><\/p>\n<p>Az Animus kiad\u00f3 standj\u00e1n megint voltak r\u00e9gebbi, f\u0151leg ifj\u00fas\u00e1gi reg\u00e9nyek, 1000 forint\u00e9rt lehetett 2 db-ot venni, \u00f6sszebesz\u00e9lt\u00fcnk Pupill\u00e1val \u00edgy \u00e9n h\u00e1rom, \u0151 meg egy k\u00f6nyvvel lett gazdagabb.\u00a0 El\u0151sz\u00f6r a Stanely-t meg a Bradley-t v\u00e1lasztottam ki, mert mind a kett\u0151 nagyon n\u00e9pszer\u0171 \u00e9s fi\u00faknak sz\u00f3l els\u0151sorban, s m\u00e1r gy\u0171jt\u00f6m a k\u00f6nyveket az idei <a href=\"http:\/\/olvasonaplo.net\/olvasonaplo\/2012\/12\/10\/adventi-naptar\/\" target=\"_blank\">Adventi kalend\u00e1rium<\/a>ba (egyel\u0151re Babszemmel jobban \u00e1llok :), azt\u00e1n meg kitett\u00e9k az \u00d6z\u00f6nv\u00edz-t ami, Madeline L&#8217;Engle <a href=\"http:\/\/olvasonaplo.net\/olvasonaplo\/2014\/02\/22\/madeline-lengle-idocsavar\/\" target=\"_blank\">Id\u0151csavar<\/a> sorozat\u00e1nak harmadik r\u00e9sze, \u00edgy j\u00f6tt \u00f6ssze a barter.<\/p>\n<p><a href=\"http:\/\/olvasonaplo.net\/olvasonaplo\/files\/\/2016\/04\/animus.jpg\" rel=\"attachment wp-att-33451598\"><img loading=\"lazy\" decoding=\"async\" class=\"aligncenter size-large wp-image-33451598\" src=\"http:\/\/olvasonaplo.net\/olvasonaplo\/files\/\/2016\/04\/animus-1024x503.jpg\" alt=\"animus\" width=\"1024\" height=\"503\" srcset=\"http:\/\/olvasonaplo.net\/olvasonaplo\/files\/2016\/04\/animus.jpg 1024w, http:\/\/olvasonaplo.net\/olvasonaplo\/files\/2016\/04\/animus-300x147.jpg 300w, http:\/\/olvasonaplo.net\/olvasonaplo\/files\/2016\/04\/animus-768x377.jpg 768w\" sizes=\"(max-width: 1024px) 100vw, 1024px\" \/><\/a><\/p>\n<p>A K\u00f6nyvmolyK\u00e9pz\u0151 m\u00e1sodik standj\u00e1n\u00e1l beszereztem a kupont \u00e9s egy lufit a sr\u00e1coknak. N\u00e9zel\u0151d\u00e9st k\u00f6vet\u0151en m\u00e9g a Delta Vision standj\u00e1n\u00e1l \u00e1lltam t\u00f6bbet \u00e9s b\u00e1r tudtam, hogy a k\u00e9t hi\u00e1nyz\u00f3 Pratchett k\u00f6tet j\u00f6n velem haza (Baff \u00e9s az \u00c9gb\u0151l sz\u0151tt kalap), csak azt nem tudtam, mi legyen az aj\u00e1nd\u00e9k k\u00f6nyv, s v\u00e9g\u00fcl a Fantasztikus Maur\u00edciusn\u00e1l maradtam, mert ha m\u00e1st nem, az is j\u00f3 lesz majd a fi\u00faknak. Itt is j\u00f3kat lehetett besz\u00e9lgetni k\u00f6nyvekr\u0151l, s b\u00e1r m\u00e1r k\u00e9sz\u00fclnek Robin Hobb tov\u00e1bbi reg\u00e9nyei kiad\u00e1s\u00e1ra, m\u00e9g ford\u00edt\u00f3t keresnek, aki be tudn\u00e1 v\u00e1llalni \u0151ket. Rem\u00e9lem hamarosan tal\u00e1lnak&#8230;<\/p>\n<p><a href=\"http:\/\/olvasonaplo.net\/olvasonaplo\/files\/\/2016\/04\/pratchettek.jpg\" rel=\"attachment wp-att-33451602\"><img loading=\"lazy\" decoding=\"async\" class=\"aligncenter size-large wp-image-33451602\" src=\"http:\/\/olvasonaplo.net\/olvasonaplo\/files\/\/2016\/04\/pratchettek-1024x352.jpg\" alt=\"pratchettek\" width=\"1024\" height=\"352\" srcset=\"http:\/\/olvasonaplo.net\/olvasonaplo\/files\/2016\/04\/pratchettek.jpg 1024w, http:\/\/olvasonaplo.net\/olvasonaplo\/files\/2016\/04\/pratchettek-300x103.jpg 300w, http:\/\/olvasonaplo.net\/olvasonaplo\/files\/2016\/04\/pratchettek-768x264.jpg 768w\" sizes=\"(max-width: 1024px) 100vw, 1024px\" \/><\/a><\/p>\n<p>Sz\u00f3val id\u00e9n csak ilyen kis r\u00f6vid id\u0151t t\u00f6lt\u00f6ttem a K\u00f6nyvfesztiv\u00e1lon, de az\u00e9rt megt\u00e1mogattam a k\u00f6nyvkiad\u00e1st a p\u00e9nzemmel (m\u00e9g ha ott is hagytam egy csom\u00f3 mindent, de az\u00e9rt megint b\u0151ven gyarapodott a lista arr\u00f3l, miket k\u00e9ne m\u00e9g elolvasni\/beszerezni). M\u00e1r nem tudom k\u00f6vetni, hogy ez most trendi-e vagy sem (m\u00e1rmint elmenni a K\u00f6nyvfesztre \u00e9s p\u00e9nzt k\u00f6lteni ott), de j\u00f3magam \u00fagy gondolom, hogy aki szereti a k\u00f6nyveket \u00e9s megengedheti mag\u00e1nak (id\u0151ben, p\u00e9nzben), t\u00e1mogassa legal\u00e1bb azzal, hogy elmegy, k\u00f6rben\u00e9z, megveszi \u00e9s mondjuk lev\u00e1s\u00e1rolja az 500 forintos bel\u00e9p\u0151t. \u00c9n, b\u00e1r jogosult lenn\u00e9k az ingyenes st\u00e1tuszra, mindig megteszem. S tudom, hogy most m\u00e1r a k\u00f6nyvfeszten alig adnak n\u00e9h\u00e1ny helyen nagyobb engedm\u00e9nyt, mint az interneten b\u00e1rhol el\u00e9rhet\u0151 20%-t, de valahol t\u00e9nyleg ut\u00e1nozhatatlan b\u00e1ja van annak, hogy megy\u00fcnk \u00e9s k\u00e9zbe vesz\u00fcnk j\u00f3l \u00f6sszerakott, eszt\u00e9tikus k\u00f6teteket, beleolvasunk \u00e9s \u00fagy d\u00f6nt\u00fcnk a megv\u00e9tel\u00e9r\u0151l, vagy \u00e9ppen ott hagyjuk. R\u00e1ad\u00e1sul b\u00e1r \u00e9n id\u00e9n alig tettem meg, de az\u00e9rt j\u00f3 volt k\u00f6nyvszeret\u0151kkel tal\u00e1lkozni \u00e9s besz\u00e9lgetni, pletyk\u00e1lni \u00e9s h\u00edreket megosztani.<\/p>\n<p>Biztos, hogy j\u00f6v\u0151re is ott leszek, a XXIV. Budapesti Nemzetk\u00f6zi K\u00f6nyvfesztiv\u00e1lon.<\/p>\n","protected":false},"excerpt":{"rendered":"<p>Imm\u00e1ron harmadik \u00e9ve nem p\u00f6r\u00f6gtem itt a blogon k\u00fcl\u00f6n\u00f6sebben a K\u00f6nyvfesztiv\u00e1lon el\u0151re, hanem igyekeztem a podcast-ra tartogatni a terveket meg a v\u00e9lem\u00e9nyeket. Ami most is \u00edgy volt, ugyanis pont a XIII. Budapesti Nemzetk\u00f6zi K\u00f6nyvfesztiv\u00e1l nyit\u00f3napj\u00e1nak d\u00e9lel\u0151ttj\u00e9n jelent meg a Popkult, csajok, sat\u00f6bbi 59. ad\u00e1sa \u00e9s imm\u00e1r hagyom\u00e1nyk\u00e9nt ott volt t\u00e9ma ez a k\u00f6nyves \u00f6sszer\u00f6ffen\u00e9s. S [&hellip;]<\/p>\n","protected":false},"author":1,"featured_media":33451609,"comment_status":"open","ping_status":"open","sticky":false,"template":"","format":"standard","meta":{"_monsterinsights_skip_tracking":false,"_monsterinsights_sitenote_active":false,"_monsterinsights_sitenote_note":"","_monsterinsights_sitenote_category":0,"site-sidebar-layout":"default","site-content-layout":"","ast-site-content-layout":"default","site-content-style":"default","site-sidebar-style":"default","ast-global-header-display":"","ast-banner-title-visibility":"","ast-main-header-display":"","ast-hfb-above-header-display":"","ast-hfb-below-header-display":"","ast-hfb-mobile-header-display":"","site-post-title":"","ast-breadcrumbs-content":"","ast-featured-img":"","footer-sml-layout":"","ast-disable-related-posts":"","theme-transparent-header-meta":"","adv-header-id-meta":"","stick-header-meta":"","header-above-stick-meta":"","header-main-stick-meta":"","header-below-stick-meta":"","astra-migrate-meta-layouts":"default","ast-page-background-enabled":"default","ast-page-background-meta":{"desktop":{"background-color":"var(--ast-global-color-5)","background-image":"","background-repeat":"repeat","background-position":"center center","background-size":"auto","background-attachment":"scroll","background-type":"","background-media":"","overlay-type":"","overlay-color":"","overlay-opacity":"","overlay-gradient":""},"tablet":{"background-color":"","background-image":"","background-repeat":"repeat","background-position":"center center","background-size":"auto","background-attachment":"scroll","background-type":"","background-media":"","overlay-type":"","overlay-color":"","overlay-opacity":"","overlay-gradient":""},"mobile":{"background-color":"","background-image":"","background-repeat":"repeat","background-position":"center center","background-size":"auto","background-attachment":"scroll","background-type":"","background-media":"","overlay-type":"","overlay-color":"","overlay-opacity":"","overlay-gradient":""}},"ast-content-background-meta":{"desktop":{"background-color":"var(--ast-global-color-4)","background-image":"","background-repeat":"repeat","background-position":"center center","background-size":"auto","background-attachment":"scroll","background-type":"","background-media":"","overlay-type":"","overlay-color":"","overlay-opacity":"","overlay-gradient":""},"tablet":{"background-color":"var(--ast-global-color-4)","background-image":"","background-repeat":"repeat","background-position":"center center","background-size":"auto","background-attachment":"scroll","background-type":"","background-media":"","overlay-type":"","overlay-color":"","overlay-opacity":"","overlay-gradient":""},"mobile":{"background-color":"var(--ast-global-color-4)","background-image":"","background-repeat":"repeat","background-position":"center center","background-size":"auto","background-attachment":"scroll","background-type":"","background-media":"","overlay-type":"","overlay-color":"","overlay-opacity":"","overlay-gradient":""}},"footnotes":""},"categories":[33,129],"tags":[105],"book-author":[],"book-series":[],"book-publisher":[],"book-genre":[],"book-source":[],"book-format":[],"class_list":["post-33451592","post","type-post","status-publish","format-standard","has-post-thumbnail","hentry","category-egyeb","category-podcast","tag-konyvfesztival"],"aioseo_notices":[],"_links":{"self":[{"href":"http:\/\/olvasonaplo.net\/olvasonaplo\/wp-json\/wp\/v2\/posts\/33451592","targetHints":{"allow":["GET"]}}],"collection":[{"href":"http:\/\/olvasonaplo.net\/olvasonaplo\/wp-json\/wp\/v2\/posts"}],"about":[{"href":"http:\/\/olvasonaplo.net\/olvasonaplo\/wp-json\/wp\/v2\/types\/post"}],"author":[{"embeddable":true,"href":"http:\/\/olvasonaplo.net\/olvasonaplo\/wp-json\/wp\/v2\/users\/1"}],"replies":[{"embeddable":true,"href":"http:\/\/olvasonaplo.net\/olvasonaplo\/wp-json\/wp\/v2\/comments?post=33451592"}],"version-history":[{"count":8,"href":"http:\/\/olvasonaplo.net\/olvasonaplo\/wp-json\/wp\/v2\/posts\/33451592\/revisions"}],"predecessor-version":[{"id":33451610,"href":"http:\/\/olvasonaplo.net\/olvasonaplo\/wp-json\/wp\/v2\/posts\/33451592\/revisions\/33451610"}],"wp:featuredmedia":[{"embeddable":true,"href":"http:\/\/olvasonaplo.net\/olvasonaplo\/wp-json\/wp\/v2\/media\/33451609"}],"wp:attachment":[{"href":"http:\/\/olvasonaplo.net\/olvasonaplo\/wp-json\/wp\/v2\/media?parent=33451592"}],"wp:term":[{"taxonomy":"category","embeddable":true,"href":"http:\/\/olvasonaplo.net\/olvasonaplo\/wp-json\/wp\/v2\/categories?post=33451592"},{"taxonomy":"post_tag","embeddable":true,"href":"http:\/\/olvasonaplo.net\/olvasonaplo\/wp-json\/wp\/v2\/tags?post=33451592"},{"taxonomy":"book-author","embeddable":true,"href":"http:\/\/olvasonaplo.net\/olvasonaplo\/wp-json\/wp\/v2\/book-author?post=33451592"},{"taxonomy":"book-series","embeddable":true,"href":"http:\/\/olvasonaplo.net\/olvasonaplo\/wp-json\/wp\/v2\/book-series?post=33451592"},{"taxonomy":"book-publisher","embeddable":true,"href":"http:\/\/olvasonaplo.net\/olvasonaplo\/wp-json\/wp\/v2\/book-publisher?post=33451592"},{"taxonomy":"book-genre","embeddable":true,"href":"http:\/\/olvasonaplo.net\/olvasonaplo\/wp-json\/wp\/v2\/book-genre?post=33451592"},{"taxonomy":"book-source","embeddable":true,"href":"http:\/\/olvasonaplo.net\/olvasonaplo\/wp-json\/wp\/v2\/book-source?post=33451592"},{"taxonomy":"book-format","embeddable":true,"href":"http:\/\/olvasonaplo.net\/olvasonaplo\/wp-json\/wp\/v2\/book-format?post=33451592"}],"curies":[{"name":"wp","href":"https:\/\/api.w.org\/{rel}","templated":true}]}}