{"id":33447567,"date":"2013-05-24T13:04:12","date_gmt":"2013-05-24T12:04:12","guid":{"rendered":"http:\/\/olvasonaplo.net\/olvasonaplo\/?p=33447567"},"modified":"2013-05-24T13:05:49","modified_gmt":"2013-05-24T12:05:49","slug":"gyerekkonyvek-konyvheten","status":"publish","type":"post","link":"http:\/\/olvasonaplo.net\/olvasonaplo\/2013\/05\/24\/gyerekkonyvek-konyvheten\/","title":{"rendered":"Gyerekk\u00f6nyvek a K\u00f6nyvh\u00e9ten"},"content":{"rendered":"<p>Mivel az \u00dcnnepi \u00a0K\u00f6nyvh\u00e9t m\u00e1r 12. alkalommal Gyermekk\u00f6nyvnapok is, meg am\u00fagy is \u00e9rdekelt vagyok a kicsiknek sz\u00f3l\u00f3 k\u00f6nyvekben, mert el kell l\u00e1tnom a j\u00f6v\u0151 nemzed\u00e9ket olvasnival\u00f3val, mindig figyelem a nekik aj\u00e1nlott megjelen\u00e9seket is. A K\u00f6nyvfesztiv\u00e1lon se csak magamra gondolok, hanem a sr\u00e1cokra \u00e9s val\u00f3sz\u00edn\u0171leg most se lesz m\u00e1sk\u00e9nt. Mivel a K\u00f6nyvh\u00e9t els\u0151sorban a magyar szerz\u0151kre f\u00f3kusz\u00e1l, ez\u00e9rt a gyerekk\u00f6nyvek k\u00f6zt is \u0151ket tal\u00e1ljuk t\u00f6bbs\u00e9gben.<\/p>\n<p>A <a href=\"http:\/\/www.pagony.hu\/jon-jon-jon-2013-05-17-104550\" target=\"_blank\">Pagony Kiad\u00f3 aj\u00e1nlat<\/a>\u00e1ban p\u00e9ld\u00e1ul 10 magyar k\u00f6nyvet tal\u00e1lhatunk. Ezek k\u00f6z\u00fcl kett\u0151 az, ami els\u0151sorban felkeltette az \u00e9rdekl\u0151d\u00e9semet:<br \/>\n<a href=\"http:\/\/olvasonaplo.net\/olvasonaplo\/files\/\/2013\/05\/boriboncicaja.jpg\"><img decoding=\"async\" class=\"alignleft size-thumbnail wp-image-33447569\" alt=\"Boribon Cic\u00e1ja\" src=\"http:\/\/olvasonaplo.net\/olvasonaplo\/files\/\/2013\/05\/boriboncicaja-150x150.jpg\" width=\"150\" height=\"150\" \/><\/a>Lesz \u00faj Boribon, ami felv\u00e1ltva szokott megjelenni mostan\u00e1ban az egyik \u00e9vben a K\u00f6nyvfesztiv\u00e1lon, m\u00e1sikon a K\u00f6nyvh\u00e9ten. Mar\u00e9k Veronika klasszikus\u00e1nak minden folytat\u00e1s\u00e1t beszereztem eddig, mert ugyan most m\u00e1r a nagyobbik pont kin\u0151tt bel\u0151le, de a kicsi meg \u00e9pp ismerkedik vel\u00fck. Amikor olvastam, hogy a leg\u00fajabb c\u00edme Boribon cic\u00e1ja lesz, elgondolkoztam, hogy vajon hol van itt a csavar? Hiszen m\u00e1r a \u00a0klasszikus\u00a0<em>J\u00f3 \u00e9jszak\u00e1t Annipanni<\/em>ban megjelent a cica, ami azt\u00e1n az\u00f3ta mindig ott volt a rajzokon. De kider\u00fclt, hogy a cic\u00e1nak nincs neve \u00e9s el is veszik, \u00fagyhogy meg kell \u0151t tal\u00e1lni \u00e9s nevet adni neki.<\/p>\n<p><a href=\"http:\/\/olvasonaplo.net\/olvasonaplo\/files\/\/2013\/05\/amigutazunk.jpg\"><img decoding=\"async\" class=\"alignleft size-thumbnail wp-image-33447570\" alt=\"Am\u00edg utazunk\" src=\"http:\/\/olvasonaplo.net\/olvasonaplo\/files\/\/2013\/05\/amigutazunk-150x150.jpg\" width=\"150\" height=\"150\" \/><\/a>Mivel mindk\u00e9t fiam szereti a j\u00e1rm\u0171veket, azt hiszem felt\u00e9tlen\u00fcl \u00e9rdekelni fogja \u0151ket <em>G\u00e9vai Csilla: Am\u00edg utazunk<\/em> c\u00edm\u0171 k\u00f6tete, amit Baranyi B. Andr\u00e1s illuszt\u00e1lt, akivel m\u00e1r megismerkedt\u00fcnk, amikor <em>Winkler R\u00f3bert: M\u00e1rton \u00e9s Micike az aut\u00f3szerel\u0151 m\u0171helyben<\/em> c\u00edm\u0171 k\u00f6nyv\u00e9ben nagyon j\u00f3l megrajzolta \u00a0a\u00a0centr\u00edroz\u00f3\u00a0g\u00e9pet, p\u00e9ld\u00e1ul (meg az \u00f6reg szakit, aki szerintem hasonl\u00edtott Winklerre). R\u00e1ad\u00e1sul n\u00e1lunk is volt az a program h\u00e9tv\u00e9g\u00e9n, hogy csak buszozni kellett, \u00fagyhogy most a k\u00f6nyv seg\u00edts\u00e9g\u00e9vel, ami \u00fatvonalakhoz kapcsol t\u00f6rt\u00e9netet ez m\u00e9g izgalmasabb lehet.<br \/>\nTartalom: <em>Am\u00edg utazunk a villamoson, a metr\u00f3n, a trolin, a libeg\u0151n, a fogaskerek\u0171n, megtudhatjuk&#8230; mi\u00e9rt piros a piros metr\u00f3,\u00a0hogyan m\u0171k\u00f6dik a mozg\u00f3l\u00e9pcs\u0151,\u00a0hogy mi\u00e9rt a 72-es trolibusz a legjobb j\u00e1rat,\u00a0hogy mennyif\u00e9le \u00e1ramszed\u0151 van.\u00a0\u00c9s amikor lesz\u00e1llunk,\u00a0lehet s\u00e9t\u00e1lni a Gell\u00e9rt-hegyen,\u00a0\u00fcld\u00f6g\u00e9lni a Duna-parton,\u00a0piknikezni a Kamaraerd\u0151ben. G\u00e9vai Csilla mes\u00e9j\u00e9ben Baranyai b. Andr\u00e1s nagyon budapesti rajzaival \u00fajra felfedezhetj\u00fck Budapestet \u2013 egy\u00fctt a gyerekekkel. Minden fejezetben tal\u00e1lunk egy v\u00e9gigj\u00e1rhat\u00f3 \u00fatvonalat. Utazzunk v\u00e9gig ezeken, olvassuk el hozz\u00e1 a mes\u00e9ket, \u00e9s tudjunk meg sok mindent Doma, Panni \u00e9s Nanuk, a kis eszkim\u00f3 seg\u00edts\u00e9g\u00e9vel. A h\u00e1rom \u00e9letreval\u00f3 gyerekkel \u00e9s k\u00eds\u00e9r\u0151j\u00fckkel, a k\u00fcl\u00f6nc Bali b\u00e1csival felh\u0151tlen\u00fcl vid\u00e1m lesz az \u00fat \u2013 mert ebben a k\u00fcl\u00f6nleges k\u00f6nyvben a rajz, a mese \u00e9s az ismeretterjeszt\u00e9s egyenrang\u00fa t\u00e1rsa.<\/em><\/p>\n<p><a href=\"http:\/\/olvasonaplo.net\/olvasonaplo\/files\/\/2013\/05\/bartolo.jpg\"><img decoding=\"async\" class=\"alignleft size-thumbnail wp-image-33447575\" alt=\"Bartol\u00f3\" src=\"http:\/\/olvasonaplo.net\/olvasonaplo\/files\/\/2013\/05\/bartolo-150x150.jpg\" width=\"150\" height=\"150\" \/><\/a>S ha m\u00e1r a j\u00e1rm\u0171vekn\u00e9l tartunk, n\u00e1lunk most a markol\u00f3 a men\u0151 (azaz &#8220;markosz&#8221;, ahogy a kisebbik fiam nevezi), \u00fagyhogy mindenk\u00e9pp megn\u00e9zem, hogy a Man\u00f3 K\u00f6nyvekn\u00e9l megjelen\u0151 <a href=\"http:\/\/kiadok.lira.hu\/kiado\/manokonyvek\/index.php?action=konyv&amp;id=139418628\" target=\"_blank\">Bartol\u00f3, a markol\u00f3<\/a> c\u00edm\u0171 k\u00f6tet mennyire el\u00e9g\u00edten\u00e9 ki az \u0151 \u00e9rdekl\u0151d\u00e9s\u00e9t.<br \/>\nTartalom: <em>Mechler Anna els\u0151 k\u00f6nyv\u00e9nek f\u0151szerepl\u0151je Bartol\u00f3, a kis markol\u00f3. Egy \u00e9p\u00edtkez\u00e9s az otthona, ahol t\u00e1rsaival, a t\u00f6bbi munkag\u00e9ppel egy\u00fctt egy \u00faj metr\u00f3vonal kialak\u00edt\u00e1s\u00e1ban vesz r\u00e9szt. De vajon milyen lehet a vil\u00e1g az \u00e9p\u00edtkez\u00e9st k\u00f6r\u00fclvev\u0151 ker\u00edt\u00e9sen t\u00fal? Bartol\u00f3 k\u00edv\u00e1ncsi, ak\u00e1r egy kisgyerek. Kalandjai sor\u00e1n eljut egy j\u00e1tsz\u00f3t\u00e9rre, r\u00e1j\u00f6n, hogy kir\u00e1ndulni nagyon j\u00f3, \u00e9s azt is megtanulja, hogy a t\u0171zij\u00e1t\u00e9kt\u00f3l nem kell f\u00e9lni. A k\u00f6tet tizenk\u00e9t izgalmas mes\u00e9t k\u00edn\u00e1l a munkag\u00e9pek\u00e9rt rajong\u00f3 \u00f3vod\u00e1soknak. Bartol\u00f3t \u00e9s a t\u00f6bbi munkag\u00e9pet egy tehets\u00e9ges fiatal illusztr\u00e1tor, Hajba L\u00e1szl\u00f3 keltette \u00e9letre ceruz\u00e1ival. De nini, ki bujk\u00e1l itt, a v\u00e9d\u0151korl\u00e1t m\u00f6g\u00f6tt? A k\u00f6nyvb\u0151l ez is kider\u00fcl!<\/em><br \/>\nKiad\u00f3: Man\u00f3k\u00f6nyvek, ISBN: 9786155220739, Terjedelem: 64. oldal.<\/p>\n<p><a href=\"http:\/\/olvasonaplo.net\/olvasonaplo\/files\/\/2013\/05\/szazerinto.jpg\"><img loading=\"lazy\" decoding=\"async\" class=\"size-thumbnail wp-image-33447574 alignleft\" alt=\"Sz\u00e1z\u00e9rint\u0151\" src=\"http:\/\/olvasonaplo.net\/olvasonaplo\/files\/\/2013\/05\/szazerinto-150x150.jpg\" width=\"150\" height=\"150\" \/><\/a>Kisgyerekes anyuk\u00e1k k\u00f6z\u00f6tt nem mindenki \u0151sanya \u00e9s van aki egy\u00e1ltal\u00e1n nem eml\u00e9kszik mond\u00f3k\u00e1kra, meg j\u00e1t\u00e9kokra, amiket illene a gyerekekkel j\u00e1tszani, pedig szeretn\u00e9k. Ezen pr\u00f3b\u00e1l seg\u00edteni \u00fagy l\u00e1tom a <a href=\"http:\/\/www.mora.hu\/k%C3%B6nyv\/Versesk%C3%B6nyvek_mond%C3%B3k%C3%A1sk%C3%B6nyvek\/Verses_mond%C3%B3k%C3%A1s_dalosk%C3%B6nyv_-_1-3_%C3%A9veseknek\/Sz%C3%A1z%C3%A9rint%C5%91\" target=\"_blank\">M\u00f3ra oldal\u00e1n<\/a> a megjelen\u00e9s el\u0151tt \u00e1ll\u00f3 Sz\u00e1z\u00e9rint\u0151, amiben Lackfi J\u00e1nos versecsk\u00e9ire, mond\u00f3k\u00e1ira J. Kov\u00e1cs Judit \u00edrt j\u00e1t\u00e9kokat \u00e9s a k\u00f6tetet egyik kedvencem, Ag\u00f3cs \u00cdrisz illusztr\u00e1lta. (Am\u00fagy ebben a t\u00e9m\u00e1ban, ha valaki elveszett lenne, s t\u00e1mpontot keres, a klasszikusok Forrai Katalin k\u00f6nyvei, p\u00e9ld\u00e1ul a <a href=\"http:\/\/moly.hu\/konyvek\/forrai-katalin-jar-a-baba-jar\" target=\"_blank\">J\u00e1r a baba j\u00e1r<\/a>)<br \/>\nTartalom: <em>Mes\u00e9lj \u201efejmes\u00e9t\u201d a gyerekednek! Olyat, amit te tal\u00e1lsz ki! \u00c9ppen akkor \u00e9s \u00e9ppen ott\u2026 Megl\u00e1tod: \u00e9lvezni fogja. H\u00e1t m\u00e9g ha \u201efejb\u0151l\u201d mond\u00f3k\u00e1zol, \u201ekerek\u00edtesz\u201d vele! Lackfi J\u00e1nos \u00e9s J. Kov\u00e1cs Judit ezt csin\u00e1lt\u00e1k. \u00c9s milyen j\u00f3l! M\u00e9g te is haszn\u00e1lhatod\u2026 \u00c9s mint\u00e1ul is szolg\u00e1l: \u00edgy kell \u2013 \u00edgy is kell \u2013 a mai sz\u00fcl\u0151knek a mai gyerekkel \u201ekerek\u00edteni\u201d. &#8211; Vekerdy Tam\u00e1s<\/em><br \/>\n<em> Lackfi J\u00e1nos leg\u00fajabb mond\u00f3k\u00e1ihoz v\u00e1logatott \u00f6lbeli j\u00e1t\u00e9kokat Jakabosn\u00e9 Kov\u00e1cs Judit dr\u00e1mapedag\u00f3gus. A Sz\u00e1z\u00e9rint\u0151 r\u00edmes versik\u00e9i \u00e9s a hozz\u00e1juk tartoz\u00f3 mozdulatok az \u00e9rint\u00e9s, a simogat\u00e1s \u00e9s a humor fontoss\u00e1g\u00e1n alapulnak. A k\u00f6nyvet az orsz\u00e1gszerte m\u0171k\u00f6d\u0151 Kerek\u00edt\u0151 k\u00f6z\u00f6ss\u00e9g is haszn\u00e1lja baba-mama foglalkoz\u00e1sain.<\/em><br \/>\nKiad\u00f3: M\u00f3ra, ISBN: 9789631194616, Terjedelem:\u00a0 48 oldal.<\/p>\n<p><a href=\"http:\/\/olvasonaplo.net\/olvasonaplo\/files\/\/2013\/05\/ringato.jpg\"><img loading=\"lazy\" decoding=\"async\" class=\"size-thumbnail wp-image-33447577 alignleft\" alt=\"Ringat\u00f3\" src=\"http:\/\/olvasonaplo.net\/olvasonaplo\/files\/\/2013\/05\/ringato-150x150.jpg\" width=\"150\" height=\"150\" \/><\/a>De ugyanerre a t\u00e9m\u00e1ra v\u00e1ltozat a Kolibri Kiad\u00f3 aj\u00e1nlatai k\u00f6z\u00fcl <em>Gr\u00f3h Ilona: Ringat\u00f3<\/em> c\u00edm\u0171 k\u00f6tete, ami m\u00e1r a m\u00e1sodik a sorozatban, CD-vel egy\u00fctt kaphat\u00f3 \u00e9s 60 magyar n\u00e9pdal van benne feldolgozva.<br \/>\nTartalom : <em>&#8220;A nagysiker\u0171 Ringat\u00f3 &#8211; \u00d6lb\u00e9li j\u00e1t\u00e9kok, mond\u00f3k\u00e1k, dalok c. k\u00f6nyv folytat\u00e1sak\u00e9nt most 60 gy\u00f6ny\u00f6r\u0171 n\u00e9pdalt gy\u0171jt\u00f6tt csokorba Gr\u00f3h Ilona a Ringat\u00f3 mozgalom vezet\u0151je. A Dun\u00e1nt\u00fal, Felf\u00f6ld, Alf\u00f6ld, Bukovina \u00e9s Erd\u00e9ly, valamint Moldva jellegzetes dalainak megtanul\u00e1s\u00e1t egy CD-mell\u00e9klet k\u00f6nny\u00edti meg. Az \u00e9nekek k\u00fcl\u00f6nlegess\u00e9g\u00e9t Bogn\u00e1r Szilvia, Navratil Andrea, Szvor\u00e1k Katalin, Tint\u00e9r T\u00edmea, Berecz Andr\u00e1s \u00e9s Kobzos Kiss Tam\u00e1s hangja \u00e9s egy\u00e9nis\u00e9ge garant\u00e1lja.<\/em><br \/>\n<em>A t\u00f6rt\u00e9nelmi Magyarorsz\u00e1g 5 t\u00e1jegys\u00e9g\u00e9nek jellegzetes dalai mellett a k\u00f6nyvben fontos \u00e9s \u00e9rdekes gondolatok, tudnival\u00f3k is helyet kapnak. Az egyszer\u0171 sz\u00f3magyar\u00e1zatok \u00e9s a Bogd\u00e1n Vikt\u00f3ri\u00e1nak k\u00f6sz\u00f6nhet\u0151 bar\u00e1ts\u00e1gos \u00e9s gy\u00f6ny\u00f6r\u0171 k\u00e9pek seg\u00edtik, hogy a n\u00e9pdalgy\u0171jtem\u00e9ny ne csak a feln\u0151ttek, de a gyerekek \u00f6r\u00f6m\u00e9t is fokozz\u00e1k &#8211; \u00edgy lesz igaz\u00e1n csal\u00e1di \u00e9nekesk\u00f6nyvv\u00e9 ez a Ringat\u00f3s kiadv\u00e1ny is&#8221;<\/em><br \/>\nKiad\u00f3: Kolibri, ISBN: 9786155234347, Terjedelem: 62 oldal + CD.<\/p>\n<p>A K\u00f6nyvmolyk\u00e9pz\u0151 Kiad\u00f3n\u00e1l fog megjelenni Csuk\u00e1s Istv\u00e1n leg\u00fajabb reg\u00e9nye a\u00a0<a href=\"http:\/\/konyvmolykepzo.hu\/products-page\/jonatan-konyvmolykepzo\/csukas-istvan-berosalt-a-rezesbanda-6154\" target=\"_blank\">Beros\u00e1lt a rezesbanda<\/a>. Aminek m\u00e9g komoly le\u00edr\u00e1sa meg bor\u00edt\u00f3ja sincs, rem\u00e9lem az\u00e9rt elk\u00e9sz\u00fclnek vele a K\u00f6nyvh\u00e9tre, mert Csuk\u00e1s Istv\u00e1n gyerekreg\u00e9nyeit nagyon szerettem, s hamarosan itt lesz az ideje, hogy a nagyobbik fiam is megismerkedjen vel\u00fck. Ez k\u00f6nyv teh\u00e1t eleve adott, hogy klasszikus kedvenc legyen, csak jelenjen meg:)<\/p>\n<p><a href=\"http:\/\/olvasonaplo.net\/olvasonaplo\/files\/\/2013\/05\/kukullo.jpg\"><img loading=\"lazy\" decoding=\"async\" class=\"size-thumbnail wp-image-33447582 alignleft\" alt=\"K\u00fck\u00fcll\u0151 kalend\u00e1rium\" src=\"http:\/\/olvasonaplo.net\/olvasonaplo\/files\/\/2013\/05\/kukullo-150x150.jpg\" width=\"150\" height=\"150\" \/><\/a>A Holnap Kiad\u00f3n\u00e1l pedig megint lesz \u00faj K\u00e1ny\u00e1di S\u00e1ndor k\u00f6tet, K\u00fck\u00fcll\u0151 kalend\u00e1rium c\u00edmmel.<br \/>\nTartalom: <em>Az \u00e9vszakok v\u00e1ltakoz\u00e1s\u00e1val a K\u00fck\u00fcll\u0151 vize mindig m\u00e1s \u00e9s m\u00e1s arc\u00e1t mutatja. \u0150sszel reszket, vacog, szajzik a foly\u00f3v\u00edz felsz\u00edne, t\u00e9len be\u00e1ll a K\u00fck\u00fcll\u0151, bevonja a dermeszt\u0151 \u00e9j v\u00e9ges-v\u00e9gig j\u00e9ggel, hogy tavasszal engedjen, \u00e1radjon, zajl\u00e1snak induljon, s az \u00faj \u00e9letnek otthont adjon; ny\u00e1ron azt\u00e1n vak\u00edt\u00f3an k\u00e9kell, meg-meg\u00e1llva ballag, amihez a parti f\u0171zf\u00e1k mutatj\u00e1k az utat. K\u00e1ny\u00e1di S\u00e1ndor k\u00fcl\u00f6nleges k\u00f6lt\u0151i k\u00e9pei k\u00f6zt ism\u00e9t Keresztes D\u00f3ra k\u00e1pr\u00e1zatos illusztr\u00e1ci\u00f3i kalauzolj\u00e1k az olvas\u00f3t, hasonl\u00f3an a Holnap Kiad\u00f3 gondoz\u00e1s\u00e1ban m\u00e1r napvil\u00e1got l\u00e1tott Vir\u00e1gon vett vit\u00e9z, Talpas t\u00f6rt\u00e9netek \u00e9s Vil\u00e1gl\u00e1tott eg\u00e9rke c\u00edm\u0171 mes\u00e9khez<\/em>.<br \/>\nKiad\u00f3: Holnap, ISBN: 9789633467985, Terjedelem: 18 old.<\/p>\n<p><a href=\"http:\/\/olvasonaplo.net\/olvasonaplo\/files\/\/2013\/05\/duhosnemzedek.jpg\"><img loading=\"lazy\" decoding=\"async\" class=\"size-thumbnail wp-image-33447576 alignleft\" alt=\"D\u00fch\u00f6s nemzed\u00e9k\" src=\"http:\/\/olvasonaplo.net\/olvasonaplo\/files\/\/2013\/05\/duhosnemzedek-150x150.jpg\" width=\"150\" height=\"150\" \/><\/a>Ha m\u00e1r magyar ifj\u00fas\u00e1gi reg\u00e9ny, akkor \u00e9rdekes lehet\u00a0Miklya Anna: J\u00f3n\u00e1s \u00e9s a sz\u00fcrke hadsereg c\u00edm\u0171 k\u00f6nyve, ami a <a href=\"https:\/\/www.facebook.com\/DuhosNemzedek\" target=\"_blank\">D\u00fch\u00f6s nemzed\u00e9k<\/a> sorozat els\u0151 r\u00e9sze lesz. A szerz\u0151 a K\u00f6nyvesblogban is publik\u00e1lt, t\u00f6bbnyire YA irodalommal foglalkozott, s ez m\u00e1r a 4. k\u00f6tete lesz, b\u00e1r eddigi m\u0171vei ink\u00e1bb a feln\u0151tteknek sz\u00f3ltak, de most konkr\u00e9tan az ifj\u00fas\u00e1g fel\u00e9 fordult.<br \/>\nTartalom:<em>&#8220;A j\u00f3 gyerekre vonatkoz\u00f3 szab\u00e1lyok egy\u00e9rtelm\u0171ek: rendesen tanulni, sportolni, templomba j\u00e1rni. Szorgalmasan gy\u0171jt\u00f6getni a pontokat, hogy egy napon bev\u00e1lthasd \u0151ket lak\u00e1sra, csal\u00e1dra, j\u00f3 \u00e1ll\u00e1sra &#8212; tisztess\u00e9ges feln\u0151tt \u00e9letre. Rebeka nem akarja elhinni, hogy a n\u0151v\u00e9re nem volt j\u00f3. Nem hajland\u00f3 belet\u00f6r\u0151dni, hogy elszak\u00edtott\u00e1k t\u0151le, mert R\u00e1hel olyan b\u0171nt k\u00f6vetett el, ami\u00e9rt a legs\u00falyosabb b\u00fcntet\u00e9st \u00e9rdemelte: \u00e9letfogytig sz\u00e1m\u0171zt\u00e9k a Marsra. Megsz\u00e1llottan nyomozni kezd ut\u00e1na, de a f\u00f6ld\u00f6nk\u00edv\u00fcliekkel v\u00edvott h\u00e1bor\u00fa \u00e9vei alatt bevezetett biztons\u00e1gi int\u00e9zked\u00e9sek nem k\u00f6nny\u00edtik meg a dolg\u00e1t. Az internetes tartalmakat szigor\u00faan korl\u00e1tozz\u00e1k, kamer\u00e1k \u00e9s m\u0171holdak figyelik az emberek minden l\u00e9p\u00e9s\u00e9t \u2013 a saj\u00e1t biztons\u00e1guk \u00e9rdek\u00e9ben. Rebek\u00e1nak azonban nem jelent gondot, hogy kij\u00e1tssza a biztons\u00e1gi rendszert. \u00c1m amikor siker\u00fcl kapcsolatba l\u00e9pnie az Anonymous nev\u0171 titkos csoporttal, v\u00e1ratlanul egy titokzatos zsarol\u00f3 mark\u00e1ban tal\u00e1lja mag\u00e1t. Jonas egy pillanatig sem habozik, amikor a l\u00e1ny a seg\u00edts\u00e9g\u00e9t k\u00e9ri, s\u0151t legjobb bar\u00e1tj\u00e1t, S\u00fctit is beavatja. Arra azonban egyik\u00fck sem sz\u00e1m\u00edt, hogy ezzel a d\u00f6nt\u00e9ssel komoly vesz\u00e9lybe sodorj\u00e1k magukat. Olyan titkokkal kell szemben\u00e9zni\u00fck, amelyek megv\u00e1ltoztatj\u00e1k nemcsak az \u0151 \u00e9let\u00fcket \u00e9s a csal\u00e1djuk j\u00f6v\u0151j\u00e9t, de az eg\u00e9sz nemzed\u00e9k\u00fck sors\u00e1t&#8230;<\/em>&#8221;<br \/>\nKiad\u00f3: Libri, ISBN: 789633101988 , Terjedelem: 350 p.<\/p>\n<p><a href=\"http:\/\/olvasonaplo.net\/olvasonaplo\/files\/\/2013\/05\/mesekalauz.jpg\"><img loading=\"lazy\" decoding=\"async\" class=\"size-thumbnail wp-image-33447578 alignleft\" alt=\"Mesekalauz\" src=\"http:\/\/olvasonaplo.net\/olvasonaplo\/files\/\/2013\/05\/mesekalauz-150x150.jpg\" width=\"150\" height=\"150\" \/><\/a>Boldizs\u00e1r Ildik\u00f3 Mesegy\u0171jtem\u00e9nyei is folytat\u00f3dik a K\u00f6nyvh\u00e9ten, &#8221; <a href=\"http:\/\/kiadok.lira.hu\/kiado\/magveto\/index.php?action=konyv&amp;id=139418837\" target=\"_blank\">Mesekalauz \u00faton l\u00e9v\u0151knek<\/a> &#8211; \u00c9letfordul\u00f3k mes\u00e9i, Var\u00e1zslatos t\u00f6rt\u00e9netek az emberi \u00e9let fordul\u00f3pontjair\u00f3l&#8221; c\u00edmmel.<br \/>\nTartalom:<em>Minden \u00e9lethelyzetnek van mesebeli p\u00e1rja &#8211; hallottuk az elm\u00falt \u00e9vekben t\u00f6bbsz\u00f6r a k\u00f6tet \u00edr\u00f3j\u00e1t\u00f3l, aki nemcsak tematikus mesegy\u0171jtem\u00e9nyekkel, hanem Meseter\u00e1pia c\u00edm\u0171 k\u00f6nyv\u00e9vel is igazolta \u00e1ll\u00edt\u00e1s\u00e1t. A f\u00e9rfiakr\u00f3l, n\u0151kr\u0151l, ap\u00e1kr\u00f3l, any\u00e1kr\u00f3l \u00e9s testv\u00e9rekr\u0151l sz\u00f3l\u00f3 mes\u00e9k ut\u00e1n most az ember\u00e9let fordul\u00f3ihoz \u00e9s hat\u00e1raihoz kapcsol\u00f3d\u00f3 mes\u00e9ket v\u00e1logatta \u00faj k\u00f6tet\u00e9be Boldizs\u00e1r Ildik\u00f3. A fogantat\u00e1st\u00f3l az \u00e9let utols\u00f3 harmad\u00e1ig azokhoz a t\u00f6rt\u00e9netekhez vezeti el olvas\u00f3it, amelyek nemcsak az ember fejl\u0151d\u00e9s\u00e9t seg\u00edtik, hanem az egyik \u00e9letszakaszb\u00f3l a m\u00e1sikba val\u00f3 \u00e1tl\u00e9p\u00e9st is. A mes\u00e9khez \u00edrt \u00e9lvezetes komment\u00e1rok &#8211; \u00fagynevezett mesekalauzok &#8211; b\u00e1mulatos egyszer\u0171s\u00e9ggel mutatj\u00e1k meg, hogyan f\u0171zhet\u0151 fel egy emberi \u00e9let a mes\u00e9k rendj\u00e9re. Mert a k\u00f6nyv szerz\u0151je szerint a n\u00e9pmes\u00e9k legfontosabb eleme nem a csoda, hanem a rend. \u00c9s minden mese annak a p\u00e9ld\u00e1ja, hogyan lehet a rendezetlens\u00e9get \u00e9s a k\u00e1oszt rendd\u00e9 alak\u00edtani, azaz olyan helyzeteket teremteni, amelyekben a teljess\u00e9g v\u00e1gya ir\u00e1ny\u00edtja a gondolatokat \u00e9s a tetteket. Ez a tud\u00e1s az\u00e9rt n\u00e9lk\u00fcl\u00f6zhetetlen, mert csak \u00edgy van es\u00e9ly\u00fcnk arra, hogy egyszer majd r\u00f3lunk is elmondhass\u00e1k: ,,boldogan \u00e9ltek, m\u00edg meg nem haltak&#8221;.<\/em><br \/>\nMagvet\u0151 Kiad\u00f3, ISBN: 9789631430806, Terjedelem: 432 old.<\/p>\n<p>&nbsp;<\/p>\n","protected":false},"excerpt":{"rendered":"<p>Mivel az \u00dcnnepi \u00a0K\u00f6nyvh\u00e9t m\u00e1r 12. alkalommal Gyermekk\u00f6nyvnapok is, meg am\u00fagy is \u00e9rdekelt vagyok a kicsiknek sz\u00f3l\u00f3 k\u00f6nyvekben, mert el kell l\u00e1tnom a j\u00f6v\u0151 nemzed\u00e9ket olvasnival\u00f3val, mindig figyelem a nekik aj\u00e1nlott megjelen\u00e9seket is. A K\u00f6nyvfesztiv\u00e1lon se csak magamra gondolok, hanem a sr\u00e1cokra \u00e9s val\u00f3sz\u00edn\u0171leg most se lesz m\u00e1sk\u00e9nt. Mivel a K\u00f6nyvh\u00e9t els\u0151sorban a magyar szerz\u0151kre [&hellip;]<\/p>\n","protected":false},"author":1,"featured_media":33447570,"comment_status":"open","ping_status":"open","sticky":false,"template":"","format":"standard","meta":{"_monsterinsights_skip_tracking":false,"_monsterinsights_sitenote_active":false,"_monsterinsights_sitenote_note":"","_monsterinsights_sitenote_category":0,"site-sidebar-layout":"default","site-content-layout":"","ast-site-content-layout":"default","site-content-style":"default","site-sidebar-style":"default","ast-global-header-display":"","ast-banner-title-visibility":"","ast-main-header-display":"","ast-hfb-above-header-display":"","ast-hfb-below-header-display":"","ast-hfb-mobile-header-display":"","site-post-title":"","ast-breadcrumbs-content":"","ast-featured-img":"","footer-sml-layout":"","ast-disable-related-posts":"","theme-transparent-header-meta":"","adv-header-id-meta":"","stick-header-meta":"","header-above-stick-meta":"","header-main-stick-meta":"","header-below-stick-meta":"","astra-migrate-meta-layouts":"default","ast-page-background-enabled":"default","ast-page-background-meta":{"desktop":{"background-color":"var(--ast-global-color-5)","background-image":"","background-repeat":"repeat","background-position":"center center","background-size":"auto","background-attachment":"scroll","background-type":"","background-media":"","overlay-type":"","overlay-color":"","overlay-opacity":"","overlay-gradient":""},"tablet":{"background-color":"","background-image":"","background-repeat":"repeat","background-position":"center center","background-size":"auto","background-attachment":"scroll","background-type":"","background-media":"","overlay-type":"","overlay-color":"","overlay-opacity":"","overlay-gradient":""},"mobile":{"background-color":"","background-image":"","background-repeat":"repeat","background-position":"center center","background-size":"auto","background-attachment":"scroll","background-type":"","background-media":"","overlay-type":"","overlay-color":"","overlay-opacity":"","overlay-gradient":""}},"ast-content-background-meta":{"desktop":{"background-color":"var(--ast-global-color-4)","background-image":"","background-repeat":"repeat","background-position":"center center","background-size":"auto","background-attachment":"scroll","background-type":"","background-media":"","overlay-type":"","overlay-color":"","overlay-opacity":"","overlay-gradient":""},"tablet":{"background-color":"var(--ast-global-color-4)","background-image":"","background-repeat":"repeat","background-position":"center center","background-size":"auto","background-attachment":"scroll","background-type":"","background-media":"","overlay-type":"","overlay-color":"","overlay-opacity":"","overlay-gradient":""},"mobile":{"background-color":"var(--ast-global-color-4)","background-image":"","background-repeat":"repeat","background-position":"center center","background-size":"auto","background-attachment":"scroll","background-type":"","background-media":"","overlay-type":"","overlay-color":"","overlay-opacity":"","overlay-gradient":""}},"footnotes":""},"categories":[33,165],"tags":[],"book-author":[],"book-series":[],"book-publisher":[],"book-genre":[],"book-source":[],"book-format":[],"class_list":["post-33447567","post","type-post","status-publish","format-standard","has-post-thumbnail","hentry","category-egyeb","category-gyerekpolc"],"aioseo_notices":[],"_links":{"self":[{"href":"http:\/\/olvasonaplo.net\/olvasonaplo\/wp-json\/wp\/v2\/posts\/33447567","targetHints":{"allow":["GET"]}}],"collection":[{"href":"http:\/\/olvasonaplo.net\/olvasonaplo\/wp-json\/wp\/v2\/posts"}],"about":[{"href":"http:\/\/olvasonaplo.net\/olvasonaplo\/wp-json\/wp\/v2\/types\/post"}],"author":[{"embeddable":true,"href":"http:\/\/olvasonaplo.net\/olvasonaplo\/wp-json\/wp\/v2\/users\/1"}],"replies":[{"embeddable":true,"href":"http:\/\/olvasonaplo.net\/olvasonaplo\/wp-json\/wp\/v2\/comments?post=33447567"}],"version-history":[{"count":13,"href":"http:\/\/olvasonaplo.net\/olvasonaplo\/wp-json\/wp\/v2\/posts\/33447567\/revisions"}],"predecessor-version":[{"id":33447589,"href":"http:\/\/olvasonaplo.net\/olvasonaplo\/wp-json\/wp\/v2\/posts\/33447567\/revisions\/33447589"}],"wp:featuredmedia":[{"embeddable":true,"href":"http:\/\/olvasonaplo.net\/olvasonaplo\/wp-json\/wp\/v2\/media\/33447570"}],"wp:attachment":[{"href":"http:\/\/olvasonaplo.net\/olvasonaplo\/wp-json\/wp\/v2\/media?parent=33447567"}],"wp:term":[{"taxonomy":"category","embeddable":true,"href":"http:\/\/olvasonaplo.net\/olvasonaplo\/wp-json\/wp\/v2\/categories?post=33447567"},{"taxonomy":"post_tag","embeddable":true,"href":"http:\/\/olvasonaplo.net\/olvasonaplo\/wp-json\/wp\/v2\/tags?post=33447567"},{"taxonomy":"book-author","embeddable":true,"href":"http:\/\/olvasonaplo.net\/olvasonaplo\/wp-json\/wp\/v2\/book-author?post=33447567"},{"taxonomy":"book-series","embeddable":true,"href":"http:\/\/olvasonaplo.net\/olvasonaplo\/wp-json\/wp\/v2\/book-series?post=33447567"},{"taxonomy":"book-publisher","embeddable":true,"href":"http:\/\/olvasonaplo.net\/olvasonaplo\/wp-json\/wp\/v2\/book-publisher?post=33447567"},{"taxonomy":"book-genre","embeddable":true,"href":"http:\/\/olvasonaplo.net\/olvasonaplo\/wp-json\/wp\/v2\/book-genre?post=33447567"},{"taxonomy":"book-source","embeddable":true,"href":"http:\/\/olvasonaplo.net\/olvasonaplo\/wp-json\/wp\/v2\/book-source?post=33447567"},{"taxonomy":"book-format","embeddable":true,"href":"http:\/\/olvasonaplo.net\/olvasonaplo\/wp-json\/wp\/v2\/book-format?post=33447567"}],"curies":[{"name":"wp","href":"https:\/\/api.w.org\/{rel}","templated":true}]}}