{"id":33446311,"date":"2012-11-18T11:27:18","date_gmt":"2012-11-18T10:27:18","guid":{"rendered":"http:\/\/olvasonaplo.net\/olvasonaplo\/?p=33446311"},"modified":"2014-03-25T14:15:36","modified_gmt":"2014-03-25T13:15:36","slug":"ajanlatok","status":"publish","type":"post","link":"http:\/\/olvasonaplo.net\/olvasonaplo\/2012\/11\/18\/ajanlatok\/","title":{"rendered":"Aj\u00e1nlatok"},"content":{"rendered":"<p>\u00dagy t\u0171nik, hogy nekem els\u0151sorban azok az ifj\u00fas\u00e1gi reg\u00e9nyek j\u00f6nnek be, amelyeknek a szerz\u0151je am\u00fagy feln\u0151tteknek sz\u00f3l\u00f3 k\u00f6nyveket is \u00edr, mert valahogy sok mindent ki tud hagyni a fiatalabb koroszt\u00e1lynak sz\u00f3l\u00f3 m\u0171veib\u0151l, ami sz\u00e1momra ideges\u00edt\u0151. Legal\u00e1bbis ennek tudom be, hogy annyira kedvelem Jennifer Estept\u0151l a <a href=\"http:\/\/olvasonaplo.net\/tag\/mitoszakademia\/\" target=\"_blank\">M\u00edtosz Akad\u00e9mi\u00e1t<\/a> (hiszen a <a title=\"Jennifer Estep: Karma Girl\" href=\"http:\/\/olvasonaplo.net\/olvasonaplo\/2011\/11\/13\/jennifer_estep_karma_girl\/\" target=\"_blank\">szuperh\u0151s\u0151s<\/a> \u00e9s a <a title=\"Jennifer Estep: Spider\u2019s Bite\" href=\"http:\/\/olvasonaplo.net\/olvasonaplo\/2011\/10\/06\/jennifer_estep_spiders_bite\/\" target=\"_blank\">b\u00e9rgyilkosos<\/a> reg\u00e9nyei is bej\u00f6ttek), valamint Kelley Armstrong <a title=\"Kelley Armstrong: Az \u00e9bred\u00e9s \u2013 S\u00f6t\u00e9t er\u0151k tril\u00f3gia 2\" href=\"http:\/\/olvasonaplo.net\/olvasonaplo\/2012\/01\/17\/kelley_armstrong_az_ebredes_-_sotet_erok_trilogia_2\/\" target=\"_blank\">S\u00f6t\u00e9t er\u0151k<\/a> tril\u00f3gi\u00e1j\u00e1t is, mert j\u00f3l \u00edr feln\u0151tt <a title=\"Kelley Armstrong: Bitten\" href=\"http:\/\/olvasonaplo.net\/olvasonaplo\/2011\/02\/22\/kelley_armstrong_bitten\/\" target=\"_blank\">paranorm\u00e1lis<\/a> reg\u00e9nyt is. \u00c9ppen ez\u00e9rt van r\u00f6gt\u00f6n k\u00e9t k\u00f6nyv is az \u0151szi aj\u00e1nl\u00f3ban, ami hasonl\u00f3 kvalit\u00e1s\u00fa \u00edr\u00f3n\u0151t\u0151l sz\u00e1rmazik. Mind a ketten feln\u0151tt urban fantasyt is \u00edrnak, de emellett sikeresen kir\u00e1ndulnak az ifj\u00fas\u00e1gi reg\u00e9nyek vil\u00e1g\u00e1ba.<!--more--><\/p>\n<p><a href=\"http:\/\/olvasonaplo.net\/olvasonaplo\/2012\/11\/18\/ajanlatok\/feed-2\/\" rel=\"attachment wp-att-33446325\"><img decoding=\"async\" class=\"alignleft size-thumbnail wp-image-33446325\" title=\"feed\" alt=\"\" src=\"http:\/\/olvasonaplo.net\/olvasonaplo\/files\/\/2012\/11\/feed-150x150.jpg\" width=\"150\" height=\"150\" \/><\/a>Mira Grant: Feed &#8211; Etet\u00e9s a Newsflesh tril\u00f3gia els\u0151 r\u00e9sze, amelyben a vil\u00e1gkatasztr\u00f3fa ut\u00e1n egy blogger testv\u00e9rp\u00e1r pr\u00f3b\u00e1lja meg felder\u00edteni az \u00f6sszeesk\u00fcv\u00e9st, ami okozhatta a vil\u00e1g\u00e9g\u00e9st. Kicsit horroros lesz, elvileg, mert h\u00e1t zombis, de m\u00e9g csak mindenhol j\u00f3kat olvastam r\u00f3la, r\u00e1ad\u00e1sul t\u00f6bb d\u00edjra is jel\u00f6lt\u00e9k. A szerz\u0151 Seanan McGuire n\u00e9v alatt is \u00edr UF sorozatot, feln\u0151tteknek \u00e9s azt is d\u00edcs\u00e9rik.  Am\u00fagy a magyar k\u00f6tet pikant\u00e9ri\u00e1ja szerintem, hogy az eddig vil\u00e1girodalomra szakosodott Lazi Kiad\u00f3 jelenteti meg.<br \/>\n<em>Kiad\u00f3: Lazi, terjedelem: 416 oldal, ISBN: 9789632671727, megjelen\u00e9s: 2012 november<\/em><\/p>\n<p><a href=\"http:\/\/olvasonaplo.net\/olvasonaplo\/2012\/11\/18\/ajanlatok\/menedek\/\" rel=\"attachment wp-att-33446324\"><img decoding=\"async\" class=\"alignleft size-thumbnail wp-image-33446324\" title=\"menedek\" alt=\"\" src=\"http:\/\/olvasonaplo.net\/olvasonaplo\/files\/\/2012\/11\/menedek-150x150.jpg\" width=\"150\" height=\"150\" \/><\/a>Ann Aguirre: Mened\u00e9k is zombis, szint\u00e9n posztapokaliptikus \u00e9s szint\u00e9n ifj\u00fas\u00e1gi kateg\u00f3ria, valamint Aguirre-nek van egy sci-fi sorozata is, Sirantha Jax f\u0151szerepl\u00e9s\u00e9vel, akit el\u00e9gg\u00e9 kem\u00e9ny csajnak tartanak, sz\u00f3val r\u00e9szemr\u0151l adok es\u00e9lyt az ifj\u00fas\u00e1gi kateg\u00f3ri\u00e1j\u00e1nak is, mert \u00fagy t\u0171nik, Deuce, a f\u0151h\u0151sn\u0151 itt is vag\u00e1ny lesz. Azt pedig b\u00edrom.<br \/>\n<em>Kiad\u00f3: Fumax, terjedelem: 256 oldal, ISBN: 9789639861473, megjelen\u00e9s: 2012 november 30.<\/em><\/p>\n<p><a href=\"http:\/\/olvasonaplo.net\/olvasonaplo\/2012\/11\/18\/ajanlatok\/mesesruhak\/\" rel=\"attachment wp-att-33446323\"><img decoding=\"async\" class=\"alignleft size-thumbnail wp-image-33446323\" title=\"mesesruhak\" alt=\"\" src=\"http:\/\/olvasonaplo.net\/olvasonaplo\/files\/\/2012\/11\/mesesruhak-150x150.jpg\" width=\"150\" height=\"150\" \/><\/a>Isabel Wolff: Mes\u00e9s ruh\u00e1k kalandjai &#8211; egy vintage bolt k\u00f6r\u00fcl &#8211; m\u00e1r r\u00e9gen volt, hogy olyan chick-lit \u00fct\u00f6tte fel a fej\u00e9t, ami \u00e9rdekel (mondjuk el kell ismerni, hogy nagyj\u00e1b\u00f3l hal\u00f3dik a m\u0171faj, b\u00e1r a britek m\u00e9g k\u00fczdenek. Isabel Wolff m\u00e1r t\u00f6bb reg\u00e9nyt is \u00edrt, ez se a leg\u00fajabb m\u0171ve (eredetileg 2009-es) \u00e9s egy r\u00e9gi ruh\u00e1kat \u00e1rus\u00edt\u00f3 \u00fczlet k\u00f6r\u00fcl bonyol\u00f3dik.<br \/>\n<em>Kiad\u00f3: Sanoma, terjedelem: 432 oldal, ISBN: 9789633410301, megjelen\u00e9s: 2012 november 23.<\/em><\/p>\n<p><a href=\"http:\/\/olvasonaplo.net\/olvasonaplo\/2012\/11\/18\/ajanlatok\/holtaknakmenete\/\" rel=\"attachment wp-att-33446322\"><img loading=\"lazy\" decoding=\"async\" class=\"alignleft size-thumbnail wp-image-33446322\" title=\"holtaknakmenete\" alt=\"\" src=\"http:\/\/olvasonaplo.net\/olvasonaplo\/files\/\/2012\/11\/holtaknakmenete-150x150.jpg\" width=\"150\" height=\"150\" \/><\/a>Hilary Mantel: Holtaknak menete &#8211; annak idej\u00e9n m\u00e1r a Farkasb\u0151rben is eg\u00e9sz hamar megjelent, miut\u00e1n Mantel megkapta a Booker d\u00edjat. S ugye id\u00e9n is \u0151 zsebelte be a t\u00f6rt\u00e9nelmi reg\u00e9ny folytat\u00e1s\u00e1val, s \u00edme a <a href=\"http:\/\/www.cartaphilus.hu\/mantel-holtaknak-menete\" target=\"_blank\">Caraphilus m\u00e1ris \u00edg\u00e9ri<\/a>, hogy november v\u00e9g\u00e9re az is olvashat\u00f3 lesz.<br \/>\n<em>Kiad\u00f3: Cartaphilus, terjedelem: 424 oldal, ISBN: 9789633410301, megjelen\u00e9s: 2012 november 23.<\/em><\/p>\n<p>&nbsp;<\/p>\n<p><a href=\"http:\/\/olvasonaplo.net\/olvasonaplo\/2012\/11\/18\/ajanlatok\/skagboys\/\" rel=\"attachment wp-att-33446321\"><img loading=\"lazy\" decoding=\"async\" class=\"alignleft size-thumbnail wp-image-33446321\" title=\"skagboys\" alt=\"\" src=\"http:\/\/olvasonaplo.net\/olvasonaplo\/files\/\/2012\/11\/skagboys-150x150.jpg\" width=\"150\" height=\"150\" \/><\/a>Irwine Welsh: <a href=\"http:\/\/www.cartaphilus.hu\/welsh-skagboys\" target=\"_blank\">Skagboys<\/a> a Trainspotting folytat\u00e1sa. Azt hiszem, enn\u00e9l t\u00f6bbet err\u0151l nem is kell mondani.<br \/>\n<em>Kiad\u00f3: Cartaphilus, terjedelem: 760 oldal, ISBN: 9789632662770, megjelen\u00e9s: 2012 november 30.<\/em><\/p>\n<p>&nbsp;<\/p>\n<p>&nbsp;<\/p>\n<p><a href=\"http:\/\/olvasonaplo.net\/olvasonaplo\/2012\/11\/18\/ajanlatok\/kazmereshuba\/\" rel=\"attachment wp-att-33446320\"><img loading=\"lazy\" decoding=\"async\" class=\"alignleft size-thumbnail wp-image-33446320\" title=\"kazmereshuba\" alt=\"\" src=\"http:\/\/olvasonaplo.net\/olvasonaplo\/files\/\/2012\/11\/kazmereshuba-150x150.jpg\" width=\"150\" height=\"150\" \/><\/a>V\u00e9g\u00fcl pedig, \u00e1lljon itt a kedvenc k\u00e9preg\u00e9nyem v\u00e1logat\u00e1s aj\u00e1nl\u00f3ja. Ebben a k\u00f6tetben t\u00edz \u00e9v k\u00e9preg\u00e9nyeib\u0151l szemezgetett a szerz\u0151, Bill Watterson, \u00fagyhogy aki m\u00e9g nem ismeri a 6 \u00e9ves K\u00e1zm\u00e9rt \u00e9s a haverj\u00e1t, a cs\u00edkos tigrist, annak j\u00f3 bel\u00e9p\u0151 lehet. Am\u00fagy angolul meg most jelent meg pap\u00edrk\u00f6t\u00e9sben a <a href=\"http:\/\/www.bookdepository.com\/book\/9781449433253?a_aid=olvasonaplo\" target=\"_blank\">Complete Calvin and Hobbes<\/a> (\u00e9n anno m\u00e9g a kem\u00e9nyk\u00f6t\u00e9s\u0171eket megvettem), \u00fagyhogy most ahhoz is lehet kicsit olcs\u00f3bban hozz\u00e1jutni.<br \/>\n<em>Kiad\u00f3: Vad Vir\u00e1gok K\u00f6nym\u0171hely, terjedelem: 168 oldal, ISBN: 9789639998254, megjelen\u00e9s: 2012 november 29.<\/em><\/p>\n<p>&nbsp;<\/p>\n","protected":false},"excerpt":{"rendered":"<p>\u00dagy t\u0171nik, hogy nekem els\u0151sorban azok az ifj\u00fas\u00e1gi reg\u00e9nyek j\u00f6nnek be, amelyeknek a szerz\u0151je am\u00fagy feln\u0151tteknek sz\u00f3l\u00f3 k\u00f6nyveket is \u00edr, mert valahogy sok mindent ki tud hagyni a fiatalabb koroszt\u00e1lynak sz\u00f3l\u00f3 m\u0171veib\u0151l, ami sz\u00e1momra ideges\u00edt\u0151. Legal\u00e1bbis ennek tudom be, hogy annyira kedvelem Jennifer Estept\u0151l a M\u00edtosz Akad\u00e9mi\u00e1t (hiszen a szuperh\u0151s\u0151s \u00e9s a b\u00e9rgyilkosos reg\u00e9nyei is [&hellip;]<\/p>\n","protected":false},"author":1,"featured_media":33446320,"comment_status":"open","ping_status":"open","sticky":false,"template":"","format":"standard","meta":{"_monsterinsights_skip_tracking":false,"_monsterinsights_sitenote_active":false,"_monsterinsights_sitenote_note":"","_monsterinsights_sitenote_category":0,"site-sidebar-layout":"default","site-content-layout":"","ast-site-content-layout":"default","site-content-style":"default","site-sidebar-style":"default","ast-global-header-display":"","ast-banner-title-visibility":"","ast-main-header-display":"","ast-hfb-above-header-display":"","ast-hfb-below-header-display":"","ast-hfb-mobile-header-display":"","site-post-title":"","ast-breadcrumbs-content":"","ast-featured-img":"","footer-sml-layout":"","ast-disable-related-posts":"","theme-transparent-header-meta":"","adv-header-id-meta":"","stick-header-meta":"","header-above-stick-meta":"","header-main-stick-meta":"","header-below-stick-meta":"","astra-migrate-meta-layouts":"default","ast-page-background-enabled":"default","ast-page-background-meta":{"desktop":{"background-color":"var(--ast-global-color-5)","background-image":"","background-repeat":"repeat","background-position":"center center","background-size":"auto","background-attachment":"scroll","background-type":"","background-media":"","overlay-type":"","overlay-color":"","overlay-opacity":"","overlay-gradient":""},"tablet":{"background-color":"","background-image":"","background-repeat":"repeat","background-position":"center center","background-size":"auto","background-attachment":"scroll","background-type":"","background-media":"","overlay-type":"","overlay-color":"","overlay-opacity":"","overlay-gradient":""},"mobile":{"background-color":"","background-image":"","background-repeat":"repeat","background-position":"center center","background-size":"auto","background-attachment":"scroll","background-type":"","background-media":"","overlay-type":"","overlay-color":"","overlay-opacity":"","overlay-gradient":""}},"ast-content-background-meta":{"desktop":{"background-color":"var(--ast-global-color-4)","background-image":"","background-repeat":"repeat","background-position":"center center","background-size":"auto","background-attachment":"scroll","background-type":"","background-media":"","overlay-type":"","overlay-color":"","overlay-opacity":"","overlay-gradient":""},"tablet":{"background-color":"var(--ast-global-color-4)","background-image":"","background-repeat":"repeat","background-position":"center center","background-size":"auto","background-attachment":"scroll","background-type":"","background-media":"","overlay-type":"","overlay-color":"","overlay-opacity":"","overlay-gradient":""},"mobile":{"background-color":"var(--ast-global-color-4)","background-image":"","background-repeat":"repeat","background-position":"center center","background-size":"auto","background-attachment":"scroll","background-type":"","background-media":"","overlay-type":"","overlay-color":"","overlay-opacity":"","overlay-gradient":""}},"footnotes":""},"categories":[132],"tags":[174],"book-author":[],"book-series":[],"book-publisher":[],"book-genre":[],"book-source":[],"book-format":[],"class_list":["post-33446311","post","type-post","status-publish","format-standard","has-post-thumbnail","hentry","category-kivansaglistara_vele","tag-loblowrimo"],"aioseo_notices":[],"_links":{"self":[{"href":"http:\/\/olvasonaplo.net\/olvasonaplo\/wp-json\/wp\/v2\/posts\/33446311","targetHints":{"allow":["GET"]}}],"collection":[{"href":"http:\/\/olvasonaplo.net\/olvasonaplo\/wp-json\/wp\/v2\/posts"}],"about":[{"href":"http:\/\/olvasonaplo.net\/olvasonaplo\/wp-json\/wp\/v2\/types\/post"}],"author":[{"embeddable":true,"href":"http:\/\/olvasonaplo.net\/olvasonaplo\/wp-json\/wp\/v2\/users\/1"}],"replies":[{"embeddable":true,"href":"http:\/\/olvasonaplo.net\/olvasonaplo\/wp-json\/wp\/v2\/comments?post=33446311"}],"version-history":[{"count":12,"href":"http:\/\/olvasonaplo.net\/olvasonaplo\/wp-json\/wp\/v2\/posts\/33446311\/revisions"}],"predecessor-version":[{"id":33448282,"href":"http:\/\/olvasonaplo.net\/olvasonaplo\/wp-json\/wp\/v2\/posts\/33446311\/revisions\/33448282"}],"wp:featuredmedia":[{"embeddable":true,"href":"http:\/\/olvasonaplo.net\/olvasonaplo\/wp-json\/wp\/v2\/media\/33446320"}],"wp:attachment":[{"href":"http:\/\/olvasonaplo.net\/olvasonaplo\/wp-json\/wp\/v2\/media?parent=33446311"}],"wp:term":[{"taxonomy":"category","embeddable":true,"href":"http:\/\/olvasonaplo.net\/olvasonaplo\/wp-json\/wp\/v2\/categories?post=33446311"},{"taxonomy":"post_tag","embeddable":true,"href":"http:\/\/olvasonaplo.net\/olvasonaplo\/wp-json\/wp\/v2\/tags?post=33446311"},{"taxonomy":"book-author","embeddable":true,"href":"http:\/\/olvasonaplo.net\/olvasonaplo\/wp-json\/wp\/v2\/book-author?post=33446311"},{"taxonomy":"book-series","embeddable":true,"href":"http:\/\/olvasonaplo.net\/olvasonaplo\/wp-json\/wp\/v2\/book-series?post=33446311"},{"taxonomy":"book-publisher","embeddable":true,"href":"http:\/\/olvasonaplo.net\/olvasonaplo\/wp-json\/wp\/v2\/book-publisher?post=33446311"},{"taxonomy":"book-genre","embeddable":true,"href":"http:\/\/olvasonaplo.net\/olvasonaplo\/wp-json\/wp\/v2\/book-genre?post=33446311"},{"taxonomy":"book-source","embeddable":true,"href":"http:\/\/olvasonaplo.net\/olvasonaplo\/wp-json\/wp\/v2\/book-source?post=33446311"},{"taxonomy":"book-format","embeddable":true,"href":"http:\/\/olvasonaplo.net\/olvasonaplo\/wp-json\/wp\/v2\/book-format?post=33446311"}],"curies":[{"name":"wp","href":"https:\/\/api.w.org\/{rel}","templated":true}]}}